{"id":731271,"date":"2024-06-20T17:51:33","date_gmt":"2024-06-20T13:51:33","guid":{"rendered":"https:\/\/arantv.az\/?p=731271"},"modified":"2024-06-20T17:51:33","modified_gmt":"2024-06-20T13:51:33","slug":"az%c9%99rbaycanda-yeniyetm%c9%99-qiz-qacirildi-polis-h%c9%99r%c9%99k%c9%99t%c9%99-kecdi","status":"publish","type":"post","link":"https:\/\/arantv.az\/?p=731271","title":{"rendered":"Az\u0259rbaycanda yeniyetm\u0259 q\u0131z QA\u00c7IRILDI &#8211; Polis h\u0259r\u0259k\u0259t\u0259 ke\u00e7di"},"content":{"rendered":"<p>Hac\u0131qabulda yeniyetm\u0259 q\u0131z qa\u00e7\u0131r\u0131l\u0131b.<\/p>\n<p>APA-n\u0131n m\u0259lumat\u0131na g\u00f6r\u0259, hadis\u0259 rayonun Meyniman k\u0259ndind\u0259 ba\u015f verib.<\/p>\n<p>14-15 ya\u015fl\u0131 q\u0131z\u0131n velosipedl\u0259 yol k\u0259nar\u0131na g\u0259ldiyi, orada velosipedi saxlayaraq ma\u015f\u0131na \u0259yl\u0259\u015fdiyi, avtomobilin rayon m\u0259rk\u0259zin\u0259 do\u011fru h\u0259r\u0259k\u0259t etdiyi bildirilir. Onun ail\u0259 qurmaq m\u0259qs\u0259di il\u0259 qa\u00e7\u0131r\u0131ld\u0131\u011f\u0131 iddia olunur.<\/p>\n<p>Daxili \u0130\u015fl\u0259r Nazirliyinin M\u0259tbuat Xidm\u0259tinin \u015eirvan regional qrupundan bildirib ki, bununla ba\u011fl\u0131 Rayon Polis \u015e\u00f6b\u0259sin\u0259 m\u0259lumat daxil olub. Haz\u0131rda ara\u015fd\u0131rmalar apar\u0131l\u0131r.<\/p>\n<p>\u018flav\u0259 m\u0259lumat veril\u0259c\u0259k.<\/p>\n","protected":false},"excerpt":{"rendered":"<p>Hac\u0131qabulda yeniyetm\u0259 q\u0131z qa\u00e7\u0131r\u0131l\u0131b. APA-n\u0131n m\u0259lumat\u0131na g\u00f6r\u0259, hadis\u0259 rayonun Meyniman k\u0259ndind\u0259 ba\u015f verib. 14-15 ya\u015fl\u0131 q\u0131z\u0131n velosipedl\u0259 yol k\u0259nar\u0131na g\u0259ldiyi, orada velosipedi saxlayaraq ma\u015f\u0131na \u0259yl\u0259\u015fdiyi, avtomobilin rayon m\u0259rk\u0259zin\u0259 do\u011fru h\u0259r\u0259k\u0259t etdiyi bildirilir. Onun ail\u0259 qurmaq m\u0259qs\u0259di il\u0259 qa\u00e7\u0131r\u0131ld\u0131\u011f\u0131 iddia olunur. Daxili \u0130\u015fl\u0259r Nazirliyinin M\u0259tbuat Xidm\u0259tinin \u015eirvan regional qrupundan bildirib ki, bununla ba\u011fl\u0131 Rayon Polis \u015e\u00f6b\u0259sin\u0259 m\u0259lumat daxil olub. Haz\u0131rda ara\u015fd\u0131rmalar apar\u0131l\u0131r. \u018flav\u0259 m\u0259lumat veril\u0259c\u0259k.<\/p>\n","protected":false},"author":2,"featured_media":731272,"comment_status":"closed","ping_status":"closed","sticky":false,"template":"","format":"standard","meta":{"om_disable_all_campaigns":false,"_monsterinsights_skip_tracking":false,"_monsterinsights_sitenote_active":false,"_monsterinsights_sitenote_note":"","_monsterinsights_sitenote_category":0},"categories":[5],"tags":[],"aioseo_notices":[],"gutentor_comment":0,"rttpg_featured_image_url":{"full":["https:\/\/arantv.az\/wp-content\/uploads\/2024\/06\/b9e69a389ae2866bb3fa828ad2773203.jpg",640,399,false],"landscape":["https:\/\/arantv.az\/wp-content\/uploads\/2024\/06\/b9e69a389ae2866bb3fa828ad2773203.jpg",640,399,false],"portraits":["https:\/\/arantv.az\/wp-content\/uploads\/2024\/06\/b9e69a389ae2866bb3fa828ad2773203.jpg",640,399,false],"thumbnail":["https:\/\/arantv.az\/wp-content\/uploads\/2024\/06\/b9e69a389ae2866bb3fa828ad2773203-500x280.jpg",500,280,true],"medium":["https:\/\/arantv.az\/wp-content\/uploads\/2024\/06\/b9e69a389ae2866bb3fa828ad2773203-585x365.jpg",585,365,true],"large":["https:\/\/arantv.az\/wp-content\/uploads\/2024\/06\/b9e69a389ae2866bb3fa828ad2773203.jpg",640,399,false],"1536x1536":["https:\/\/arantv.az\/wp-content\/uploads\/2024\/06\/b9e69a389ae2866bb3fa828ad2773203.jpg",640,399,false],"2048x2048":["https:\/\/arantv.az\/wp-content\/uploads\/2024\/06\/b9e69a389ae2866bb3fa828ad2773203.jpg",640,399,false],"post-thumbnail":["https:\/\/arantv.az\/wp-content\/uploads\/2024\/06\/b9e69a389ae2866bb3fa828ad2773203-240x172.jpg",240,172,true],"advps-thumb-one":["https:\/\/arantv.az\/wp-content\/uploads\/2024\/06\/b9e69a389ae2866bb3fa828ad2773203.jpg",640,399,false]},"rttpg_author":{"display_name":"V\u00fcsal Rafiqo\u011flu","author_link":"https:\/\/arantv.az\/?author=2"},"rttpg_comment":0,"rttpg_category":"<a href=\"https:\/\/arantv.az\/?cat=5\" rel=\"category\">Hadis\u0259<\/a>","rttpg_excerpt":"Hac\u0131qabulda yeniyetm\u0259 q\u0131z qa\u00e7\u0131r\u0131l\u0131b. APA-n\u0131n m\u0259lumat\u0131na g\u00f6r\u0259, hadis\u0259 rayonun Meyniman k\u0259ndind\u0259 ba\u015f verib. 14-15 ya\u015fl\u0131 q\u0131z\u0131n velosipedl\u0259 yol k\u0259nar\u0131na g\u0259ldiyi, orada velosipedi saxlayaraq ma\u015f\u0131na \u0259yl\u0259\u015fdiyi, avtomobilin rayon m\u0259rk\u0259zin\u0259 do\u011fru h\u0259r\u0259k\u0259t etdiyi bildirilir. Onun ail\u0259 qurmaq m\u0259qs\u0259di il\u0259 qa\u00e7\u0131r\u0131ld\u0131\u011f\u0131 iddia olunur. Daxili \u0130\u015fl\u0259r Nazirliyinin M\u0259tbuat Xidm\u0259tinin \u015eirvan regional qrupundan bildirib ki, bununla ba\u011fl\u0131 Rayon Polis \u015e\u00f6b\u0259sin\u0259&hellip;","_links":{"self":[{"href":"https:\/\/arantv.az\/index.php?rest_route=\/wp\/v2\/posts\/731271"}],"collection":[{"href":"https:\/\/arantv.az\/index.php?rest_route=\/wp\/v2\/posts"}],"about":[{"href":"https:\/\/arantv.az\/index.php?rest_route=\/wp\/v2\/types\/post"}],"author":[{"embeddable":true,"href":"https:\/\/arantv.az\/index.php?rest_route=\/wp\/v2\/users\/2"}],"replies":[{"embeddable":true,"href":"https:\/\/arantv.az\/index.php?rest_route=%2Fwp%2Fv2%2Fcomments&post=731271"}],"version-history":[{"count":0,"href":"https:\/\/arantv.az\/index.php?rest_route=\/wp\/v2\/posts\/731271\/revisions"}],"wp:featuredmedia":[{"embeddable":true,"href":"https:\/\/arantv.az\/index.php?rest_route=\/wp\/v2\/media\/731272"}],"wp:attachment":[{"href":"https:\/\/arantv.az\/index.php?rest_route=%2Fwp%2Fv2%2Fmedia&parent=731271"}],"wp:term":[{"taxonomy":"category","embeddable":true,"href":"https:\/\/arantv.az\/index.php?rest_route=%2Fwp%2Fv2%2Fcategories&post=731271"},{"taxonomy":"post_tag","embeddable":true,"href":"https:\/\/arantv.az\/index.php?rest_route=%2Fwp%2Fv2%2Ftags&post=731271"}],"curies":[{"name":"wp","href":"https:\/\/api.w.org\/{rel}","templated":true}]}}