{"id":731277,"date":"2024-06-20T17:53:50","date_gmt":"2024-06-20T13:53:50","guid":{"rendered":"https:\/\/arantv.az\/?p=731277"},"modified":"2024-06-20T17:53:50","modified_gmt":"2024-06-20T13:53:50","slug":"yap-dan-t%c9%99s%c9%99bbus-milli-m%c9%99clis-buraxilsin-olk%c9%99-novb%c9%99d%c9%99nk%c9%99nar-seckiy%c9%99-gedir","status":"publish","type":"post","link":"https:\/\/arantv.az\/?p=731277","title":{"rendered":"YAP-dan t\u0259\u015f\u0259bb\u00fcs: &#8220;Milli M\u0259clis burax\u0131ls\u0131n!&#8221; &#8211; \u00d6lk\u0259 n\u00f6vb\u0259d\u0259nk\u0259nar se\u00e7kiy\u0259 gedir"},"content":{"rendered":"<p><strong>\u0130yunun 20-d\u0259 Yeni Az\u0259rbaycan Partiyas\u0131n\u0131n (YAP) \u0130dar\u0259 Hey\u0259tinin n\u00f6vb\u0259ti iclas\u0131 ke\u00e7irilib.<\/strong><\/p>\n<p>YAP-dan\u00a0<strong>Musavat.com<\/strong>-a veril\u0259n x\u0259b\u0259r\u0259 g\u00f6r\u0259, iclas\u0131n g\u00fcnd\u0259liyi bar\u0259d\u0259 m\u0259lumat ver\u0259n YAP S\u0259drinin m\u00fcavini-M\u0259rk\u0259zi Aparat\u0131n r\u0259hb\u0259ri Tahir Budaqov qeyd edib ki, Az\u0259rbaycan Respublikas\u0131n\u0131n Prezidenti c\u0259nab \u0130lham \u018fliyevin r\u0259hb\u0259rliyi il\u0259 son ill\u0259r tarixi q\u0259l\u0259b\u0259l\u0259r \u0259ld\u0259 edilmi\u015f, ictimai-siyasi h\u0259yat\u0131n, d\u00f6vl\u0259t idar\u0259\u00e7iliyinin b\u00fct\u00fcn sah\u0259l\u0259rind\u0259 \u00e7ox\u015fax\u0259li v\u0259 m\u0259qs\u0259dy\u00f6nl\u00fc islahatlar u\u011furla v\u0259 ard\u0131c\u0131l \u015f\u0259kild\u0259 h\u0259yata ke\u00e7irilmi\u015fdir: \u201cBunun n\u0259tic\u0259si olaraq \u00f6lk\u0259miz \u00f6z\u00fcn\u00fcn keyfiyy\u0259tc\u0259 yeni inki\u015faf m\u0259rh\u0259l\u0259sin\u0259 q\u0259d\u0259m qoymu\u015fdur. 2020-ci ild\u0259 V\u0259t\u0259n m\u00fcharib\u0259sind\u0259 qazan\u0131lm\u0131\u015f \u015fanl\u0131 Z\u0259f\u0259r n\u0259tic\u0259sind\u0259 Erm\u0259nistan\u0131n 30 il davam ed\u0259n i\u015f\u011fal\u00e7\u0131l\u0131q siyas\u0259tin\u0259 son qoyulmu\u015f, \u00f6lk\u0259mizin \u0259razi b\u00fct\u00f6vl\u00fcy\u00fc b\u0259rpa edilmi\u015f, beyn\u0259lxalq h\u00fcququn norma v\u0259 prinsipl\u0259rinin aliliyi t\u0259min olunmu\u015fdur. 2023-c\u00fc ilin sentyabr\u0131nda h\u0259yata ke\u00e7irilmi\u015f antiterror t\u0259dbirl\u0259ri il\u0259 qanunsuz silahl\u0131 birl\u0259\u015fm\u0259l\u0259r z\u0259r\u0259rsizl\u0259\u015fdirilmi\u015f, kriminal xunta rejiminin f\u0259aliyy\u0259tin\u0259 son qoyulmu\u015f, d\u00f6vl\u0259timizin suverenliyi onun b\u00fct\u00fcn \u0259razisind\u0259 b\u0259rq\u0259rar edilmi\u015fdir. Haz\u0131rda i\u015f\u011faldan azad olunmu\u015f \u0259razil\u0259rd\u0259 geni\u015fmiqyasl\u0131 quruculuq i\u015fl\u0259ri davam etdirilir, do\u011fma yurd-yuvas\u0131ndan did\u0259rgin sal\u0131naraq ill\u0259rl\u0259 m\u0259cburi k\u00f6\u00e7k\u00fcn h\u0259yat\u0131 ya\u015fama\u011fa m\u0259hkum olunmu\u015f soyda\u015flar\u0131m\u0131z l\u0259yaq\u0259tli \u015f\u0259kild\u0259 \u0259z\u0259li torpaqlar\u0131na qay\u0131d\u0131rlar. M\u00fcst\u0259qillik tariximizd\u0259 ilk d\u0259f\u0259 b\u00fct\u00fcn \u00f6lk\u0259 \u0259razisind\u0259 2024-c\u00fc ild\u0259 ke\u00e7irilmi\u015f Prezident se\u00e7kil\u0259ri milli birlik v\u0259 h\u0259mr\u0259yliyimizin n\u00f6vb\u0259ti t\u0259zah\u00fcr\u00fc olmu\u015fdur\u201d.<\/p>\n<p><img src=\"https:\/\/qafqazinfo.az\/uploads\/1718888911\/yap.jpg\" alt=\"yap-milli-meclisin-buraxilmasi-tesebbusunu-ireli-surdu\" width=\"700\" \/><\/p>\n<p>YAP S\u0259drinin m\u00fcavini vur\u011fulay\u0131b ki, \u00f6lk\u0259mizin d\u00fcnyada n\u00fcfuzunun daha da y\u00fcks\u0259lm\u0259sin\u0259 v\u0259 beyn\u0259lxalq ictimaiyy\u0259tin Az\u0259rbaycana etimad\u0131n\u0131n daha da g\u00fccl\u0259nm\u0259sin\u0259 n\u00f6vb\u0259ti d\u0259f\u0259 2023-c\u00fc ilin dekabr\u0131nda \u015fahidlik etdik: \u201cBel\u0259 ki, Birl\u0259\u015fmi\u015f Mill\u0259tl\u0259r T\u0259\u015fkilat\u0131n\u0131n \u0130qlim D\u0259yi\u015fm\u0259l\u0259ri \u00fczr\u0259 \u00e7\u0259r\u00e7iv\u0259 Konvensiyas\u0131n\u0131n T\u0259r\u0259fl\u0259r Konfrans\u0131n\u0131n 29-cu sessiyas\u0131 &#8211; COP29, Kioto Protokolunun T\u0259r\u0259fl\u0259r G\u00f6r\u00fc\u015f\u00fcn\u00fcn 19-cu sessiyas\u0131 v\u0259 Paris Sazi\u015finin T\u0259r\u0259fl\u0259r G\u00f6r\u00fc\u015f\u00fcn\u00fcn 6-c\u0131 sessiyas\u0131 kimi m\u00f6t\u0259b\u0259r beyn\u0259lxalq t\u0259dbirl\u0259rin 2024-c\u00fc ilin noyabr ay\u0131nda Az\u0259rbaycanda ke\u00e7irilm\u0259si bar\u0259d\u0259 q\u0259rar q\u0259bul edilmi\u015fdir. Az\u0259rbaycan\u0131n qlobal t\u0259dbirl\u0259r\u0259 ev sahibliyi sah\u0259sind\u0259 b\u00f6y\u00fck t\u0259cr\u00fcb\u0259y\u0259 malik olmas\u0131n\u0131, h\u0259m\u00e7inin 2024-c\u00fc ili &#8220;Ya\u015f\u0131l d\u00fcnya namin\u0259 h\u0259mr\u0259ylik ili&#8221; elan ed\u0259r\u0259k iqlim d\u0259yi\u015fm\u0259l\u0259rin\u0259 qar\u015f\u0131 f\u0259al m\u00fcbariz\u0259 m\u00f6vqeyi n\u00fcmayi\u015f etdirm\u0259sini n\u0259z\u0259r\u0259 alaraq, COP29-un da \u0259n y\u00fcks\u0259k s\u0259viyy\u0259d\u0259 ke\u00e7iril\u0259c\u0259yin\u0259 v\u0259 yeni u\u011fura imza at\u0131laca\u011f\u0131na \u0259minik. Bu t\u0259dbirl\u0259r on minl\u0259rl\u0259 xarici qona\u011fa Az\u0259rbaycan\u0131 yax\u0131ndan tan\u0131tmaq, \u00f6lk\u0259mizin b\u00fct\u00fcn d\u00fcnyada \u0259dal\u0259tli s\u00fclh\u0259, b\u0259rab\u0259rliy\u0259, haqqa v\u0259 h\u00fcquqa \u0259saslanan m\u00fcnasib\u0259tl\u0259ri t\u0259bli\u011f v\u0259 t\u0259\u015fviq ed\u0259n m\u00f6vqeyini \u00e7atd\u0131rmaq \u00fc\u00e7\u00fcn \u0259lveri\u015fli f\u00fcrs\u0259t olacaqd\u0131r\u201d.<\/p>\n<p><img class=\"img-responsive\" src=\"https:\/\/qafqazinfo.az\/uploads\/1718889187\/1.jpg\" width=\"700\" \/><\/p>\n<p>Tahir Budaqov \u0259lav\u0259 edib ki, BMT-nin \u0130qlim D\u0259yi\u015fm\u0259l\u0259ri \u00fczr\u0259 \u00e7\u0259r\u00e7iv\u0259 Konvensiyas\u0131n\u0131n T\u0259r\u0259fl\u0259r Konfrans\u0131n\u0131n 29-cu sessiyas\u0131n\u0131n v\u0259 dig\u0259r m\u00f6t\u0259b\u0259r beyn\u0259lxalq t\u0259dbirl\u0259rin ke\u00e7iril\u0259c\u0259yi vaxtda &#8211; 2024-c\u00fc ilin noyabr ay\u0131nda Az\u0259rbaycan Respublikas\u0131 Konstitusiyas\u0131n\u0131n 98<strong><sup>1<\/sup><\/strong>\u00a0madd\u0259sinin II hiss\u0259sin\u0259 \u0259sas\u0259n Az\u0259rbaycan Respublikas\u0131n\u0131n Milli M\u0259clisin\u0259 n\u00f6vb\u0259ti se\u00e7kil\u0259r ke\u00e7irilm\u0259lidir: \u201cH\u0259m se\u00e7kil\u0259rin, h\u0259m d\u0259 qeyd olunan t\u0259dbirl\u0259rin y\u00fcks\u0259k s\u0259viyy\u0259d\u0259 t\u0259\u015fkili m\u00fch\u00fcm \u0259h\u0259miyy\u0259t k\u0259sb edir. Bundan \u0259lav\u0259, h\u0259min d\u00f6vrd\u0259 \u00f6lk\u0259 parlamentinin tam f\u0259aliyy\u0259td\u0259 olmas\u0131n\u0131n m\u0259qs\u0259d\u0259m\u00fcvafiqliyi d\u0259 n\u0259z\u0259r\u0259 al\u0131nmal\u0131d\u0131r. Alt\u0131nc\u0131 \u00e7a\u011f\u0131r\u0131\u015f Az\u0259rbaycan Respublikas\u0131n\u0131n Milli M\u0259clisi f\u0259aliyy\u0259t d\u00f6vr\u00fc \u0259rzind\u0259 d\u00f6vl\u0259tin daxili v\u0259 xarici siyas\u0259tini qanunvericilik s\u0259viyy\u0259sind\u0259 d\u0259st\u0259kl\u0259m\u0259k, d\u00f6vl\u0259t idar\u0259etm\u0259sinin t\u0259\u015fkili v\u0259 daha da t\u0259kmill\u0259\u015fdirilm\u0259si f\u0259aliyy\u0259tind\u0259 yax\u0131ndan i\u015ftirak etm\u0259k, yerl\u0259rd\u0259 se\u00e7icil\u0259rl\u0259 m\u00fcnt\u0259z\u0259m i\u015f aparmaq, h\u0259m\u00e7inin parlament diplomatiyas\u0131n\u0131n verdiyi imkanlardan s\u0259m\u0259r\u0259li istifad\u0259 olunmas\u0131 say\u0259sind\u0259 milli maraqlar\u0131 beyn\u0259lxalq m\u0259kanda t\u0259\u0259ss\u00fcbke\u015flikl\u0259 t\u0259msil etm\u0259kl\u0259 \u00fcz\u0259rin\u0259 d\u00fc\u015f\u0259n v\u0259zif\u0259l\u0259ri layiqinc\u0259 yerin\u0259 yetirm\u0259y\u0259 \u00e7al\u0131\u015fm\u0131\u015fd\u0131r. Hesab edirik ki, indiki \u015f\u0259raitd\u0259 d\u0259 Milli M\u0259clis d\u00f6vl\u0259t maraqlar\u0131n\u0131 \u00fcst\u00fcn tutaraq Milli M\u0259clisin burax\u0131lmas\u0131 v\u0259 se\u00e7kil\u0259rin daha erk\u0259n ke\u00e7irilm\u0259si t\u0259\u015f\u0259bb\u00fcs\u00fc il\u0259 \u00e7\u0131x\u0131\u015f etm\u0259lidir\u201d.<\/p>\n<p><img class=\"img-responsive\" src=\"https:\/\/qafqazinfo.az\/uploads\/1718889187\/2.jpg\" width=\"700\" \/><\/p>\n<p>Sonra YAP S\u0259drinin m\u00fcavini \u018fli \u018fhm\u0259dov, YAP \u0130dar\u0259 Hey\u0259tinin \u00fczvl\u0259ri Hikm\u0259t M\u0259mm\u0259dov, Musa Quliyev, El\u015fad Mirb\u0259\u015firo\u011flu, Kamal C\u0259f\u0259rov, Anar \u0130sg\u0259nd\u0259rov, Tahir Mirki\u015fili v\u0259 Bahar Muradova parlament se\u00e7kil\u0259rinin \u00f6n\u0259 \u00e7\u0259kilm\u0259sinin m\u0259qs\u0259d\u0259uy\u011funlu\u011funu \u0259sasland\u0131raraq m\u0259s\u0259l\u0259y\u0259 m\u00fcnasib\u0259t bildiribl\u0259r.<\/p>\n<p>Yekunda Yeni Az\u0259rbaycan Partiyas\u0131n\u0131 Az\u0259rbaycan Respublikas\u0131n\u0131n Milli M\u0259clisind\u0259 t\u0259msil ed\u0259n deputatlara alt\u0131nc\u0131 \u00e7a\u011f\u0131r\u0131\u015f Milli M\u0259clisin burax\u0131lmas\u0131 v\u0259 n\u00f6vb\u0259d\u0259nk\u0259nar se\u00e7kil\u0259rin t\u0259yin edilm\u0259si bar\u0259d\u0259 Az\u0259rbaycan Respublikas\u0131n\u0131n Prezidentin\u0259 m\u00fcraci\u0259t olunmas\u0131 \u00fc\u00e7\u00fcn t\u0259\u015f\u0259bb\u00fcs g\u00f6st\u0259rm\u0259l\u0259rinin t\u00f6vsiy\u0259 edilm\u0259si bar\u0259d\u0259 yekdil q\u0259rar q\u0259bul edilib.<\/p>\n<p><strong>Musavat.com<\/strong><\/p>\n<p><img class=\"img-responsive\" src=\"https:\/\/qafqazinfo.az\/uploads\/1718889187\/3.jpg\" width=\"700\" \/><\/p>\n<p><img class=\"img-responsive\" src=\"https:\/\/qafqazinfo.az\/uploads\/1718889187\/4.jpg\" width=\"700\" \/><\/p>\n<p><img class=\"img-responsive\" src=\"https:\/\/qafqazinfo.az\/uploads\/1718889187\/5.jpg\" width=\"700\" \/><\/p>\n<p><img class=\"img-responsive\" src=\"https:\/\/qafqazinfo.az\/uploads\/1718889187\/6.jpg\" width=\"700\" \/><\/p>\n<p><img class=\"img-responsive\" src=\"https:\/\/qafqazinfo.az\/uploads\/1718889187\/7.jpg\" width=\"700\" \/><\/p>\n<p><img class=\"img-responsive\" src=\"https:\/\/qafqazinfo.az\/uploads\/1718889187\/8.jpg\" width=\"700\" \/><\/p>\n","protected":false},"excerpt":{"rendered":"<p>\u0130yunun 20-d\u0259 Yeni Az\u0259rbaycan Partiyas\u0131n\u0131n (YAP) \u0130dar\u0259 Hey\u0259tinin n\u00f6vb\u0259ti iclas\u0131 ke\u00e7irilib. YAP-dan\u00a0Musavat.com-a veril\u0259n x\u0259b\u0259r\u0259 g\u00f6r\u0259, iclas\u0131n g\u00fcnd\u0259liyi bar\u0259d\u0259 m\u0259lumat ver\u0259n YAP S\u0259drinin m\u00fcavini-M\u0259rk\u0259zi Aparat\u0131n r\u0259hb\u0259ri Tahir Budaqov qeyd edib ki, Az\u0259rbaycan Respublikas\u0131n\u0131n Prezidenti c\u0259nab \u0130lham \u018fliyevin r\u0259hb\u0259rliyi il\u0259 son ill\u0259r tarixi q\u0259l\u0259b\u0259l\u0259r \u0259ld\u0259 edilmi\u015f, ictimai-siyasi h\u0259yat\u0131n, d\u00f6vl\u0259t idar\u0259\u00e7iliyinin b\u00fct\u00fcn sah\u0259l\u0259rind\u0259 \u00e7ox\u015fax\u0259li v\u0259 m\u0259qs\u0259dy\u00f6nl\u00fc islahatlar u\u011furla v\u0259 ard\u0131c\u0131l \u015f\u0259kild\u0259 h\u0259yata ke\u00e7irilmi\u015fdir: \u201cBunun n\u0259tic\u0259si olaraq \u00f6lk\u0259miz \u00f6z\u00fcn\u00fcn keyfiyy\u0259tc\u0259 yeni inki\u015faf m\u0259rh\u0259l\u0259sin\u0259 q\u0259d\u0259m qoymu\u015fdur. 2020-ci ild\u0259 V\u0259t\u0259n m\u00fcharib\u0259sind\u0259 qazan\u0131lm\u0131\u015f \u015fanl\u0131 Z\u0259f\u0259r n\u0259tic\u0259sind\u0259 Erm\u0259nistan\u0131n 30 il davam ed\u0259n i\u015f\u011fal\u00e7\u0131l\u0131q siyas\u0259tin\u0259 son qoyulmu\u015f, \u00f6lk\u0259mizin \u0259razi&hellip;<\/p>\n","protected":false},"author":2,"featured_media":731278,"comment_status":"closed","ping_status":"closed","sticky":false,"template":"","format":"standard","meta":{"om_disable_all_campaigns":false,"_monsterinsights_skip_tracking":false,"_monsterinsights_sitenote_active":false,"_monsterinsights_sitenote_note":"","_monsterinsights_sitenote_category":0},"categories":[19],"tags":[],"aioseo_notices":[],"gutentor_comment":0,"rttpg_featured_image_url":{"full":["https:\/\/arantv.az\/wp-content\/uploads\/2024\/06\/fd36c7bbc45a0e95168609a6f6e28d75.jpg",870,500,false],"landscape":["https:\/\/arantv.az\/wp-content\/uploads\/2024\/06\/fd36c7bbc45a0e95168609a6f6e28d75.jpg",870,500,false],"portraits":["https:\/\/arantv.az\/wp-content\/uploads\/2024\/06\/fd36c7bbc45a0e95168609a6f6e28d75.jpg",870,500,false],"thumbnail":["https:\/\/arantv.az\/wp-content\/uploads\/2024\/06\/fd36c7bbc45a0e95168609a6f6e28d75-500x280.jpg",500,280,true],"medium":["https:\/\/arantv.az\/wp-content\/uploads\/2024\/06\/fd36c7bbc45a0e95168609a6f6e28d75-635x365.jpg",635,365,true],"large":["https:\/\/arantv.az\/wp-content\/uploads\/2024\/06\/fd36c7bbc45a0e95168609a6f6e28d75-840x483.jpg",640,368,true],"1536x1536":["https:\/\/arantv.az\/wp-content\/uploads\/2024\/06\/fd36c7bbc45a0e95168609a6f6e28d75.jpg",870,500,false],"2048x2048":["https:\/\/arantv.az\/wp-content\/uploads\/2024\/06\/fd36c7bbc45a0e95168609a6f6e28d75.jpg",870,500,false],"post-thumbnail":["https:\/\/arantv.az\/wp-content\/uploads\/2024\/06\/fd36c7bbc45a0e95168609a6f6e28d75-240x172.jpg",240,172,true],"advps-thumb-one":["https:\/\/arantv.az\/wp-content\/uploads\/2024\/06\/fd36c7bbc45a0e95168609a6f6e28d75.jpg",870,500,false]},"rttpg_author":{"display_name":"V\u00fcsal Rafiqo\u011flu","author_link":"https:\/\/arantv.az\/?author=2"},"rttpg_comment":0,"rttpg_category":"<a href=\"https:\/\/arantv.az\/?cat=19\" rel=\"category\">G\u00fcnd\u0259m<\/a>","rttpg_excerpt":"\u0130yunun 20-d\u0259 Yeni Az\u0259rbaycan Partiyas\u0131n\u0131n (YAP) \u0130dar\u0259 Hey\u0259tinin n\u00f6vb\u0259ti iclas\u0131 ke\u00e7irilib. YAP-dan\u00a0Musavat.com-a veril\u0259n x\u0259b\u0259r\u0259 g\u00f6r\u0259, iclas\u0131n g\u00fcnd\u0259liyi bar\u0259d\u0259 m\u0259lumat ver\u0259n YAP S\u0259drinin m\u00fcavini-M\u0259rk\u0259zi Aparat\u0131n r\u0259hb\u0259ri Tahir Budaqov qeyd edib ki, Az\u0259rbaycan Respublikas\u0131n\u0131n Prezidenti c\u0259nab \u0130lham \u018fliyevin r\u0259hb\u0259rliyi il\u0259 son ill\u0259r tarixi q\u0259l\u0259b\u0259l\u0259r \u0259ld\u0259 edilmi\u015f, ictimai-siyasi h\u0259yat\u0131n, d\u00f6vl\u0259t idar\u0259\u00e7iliyinin b\u00fct\u00fcn sah\u0259l\u0259rind\u0259 \u00e7ox\u015fax\u0259li v\u0259 m\u0259qs\u0259dy\u00f6nl\u00fc islahatlar u\u011furla&hellip;","_links":{"self":[{"href":"https:\/\/arantv.az\/index.php?rest_route=\/wp\/v2\/posts\/731277"}],"collection":[{"href":"https:\/\/arantv.az\/index.php?rest_route=\/wp\/v2\/posts"}],"about":[{"href":"https:\/\/arantv.az\/index.php?rest_route=\/wp\/v2\/types\/post"}],"author":[{"embeddable":true,"href":"https:\/\/arantv.az\/index.php?rest_route=\/wp\/v2\/users\/2"}],"replies":[{"embeddable":true,"href":"https:\/\/arantv.az\/index.php?rest_route=%2Fwp%2Fv2%2Fcomments&post=731277"}],"version-history":[{"count":0,"href":"https:\/\/arantv.az\/index.php?rest_route=\/wp\/v2\/posts\/731277\/revisions"}],"wp:featuredmedia":[{"embeddable":true,"href":"https:\/\/arantv.az\/index.php?rest_route=\/wp\/v2\/media\/731278"}],"wp:attachment":[{"href":"https:\/\/arantv.az\/index.php?rest_route=%2Fwp%2Fv2%2Fmedia&parent=731277"}],"wp:term":[{"taxonomy":"category","embeddable":true,"href":"https:\/\/arantv.az\/index.php?rest_route=%2Fwp%2Fv2%2Fcategories&post=731277"},{"taxonomy":"post_tag","embeddable":true,"href":"https:\/\/arantv.az\/index.php?rest_route=%2Fwp%2Fv2%2Ftags&post=731277"}],"curies":[{"name":"wp","href":"https:\/\/api.w.org\/{rel}","templated":true}]}}