{"id":731283,"date":"2024-06-20T18:05:49","date_gmt":"2024-06-20T14:05:49","guid":{"rendered":"https:\/\/arantv.az\/?p=731283"},"modified":"2024-06-20T18:05:49","modified_gmt":"2024-06-20T14:05:49","slug":"quru-s%c9%99rh%c9%99dl%c9%99rl%c9%99-bagli-yeni-x%c9%99b%c9%99r-bu-tarixd%c9%99","status":"publish","type":"post","link":"https:\/\/arantv.az\/?p=731283","title":{"rendered":"Quru s\u0259rh\u0259dl\u0259rl\u0259 ba\u011fl\u0131 YEN\u0130 X\u018fB\u018fR &#8211; Bu tarixd\u0259&#8230;"},"content":{"rendered":"<h3><em><strong>Deputat: \u201cS\u0259rh\u0259dl\u0259rin ba\u011flanmas\u0131n\u0131 z\u0259ruri ed\u0259n b\u00fct\u00fcn hallar tamamil\u0259 aradan qald\u0131r\u0131l\u0131bsa&#8230;\u201d<\/strong><\/em><\/h3>\n<p>Az\u0259rbaycanda 4 ildir quru s\u0259rh\u0259dl\u0259r ba\u011fl\u0131d\u0131r. 2020-ci il mart\u0131n 24-d\u0259n etibar\u0259n COV\u0130D-19 pandemiyas\u0131 s\u0259b\u0259bi il\u0259 x\u00fcsusi karantin rejimi t\u0259tbiq olunur. Bu il Nazirl\u0259r Kabinetinin q\u0259rar\u0131 il\u0259 x\u00fcsusi karantin rejiminin m\u00fcdd\u0259ti aprelin 2-d\u0259n iyulun 1-d\u0259k uzad\u0131l\u0131b. Art\u0131q bu m\u00fcdd\u0259tin bitm\u0259sin\u0259 bir ne\u00e7\u0259 h\u0259ft\u0259 qal\u0131b v\u0259 quru s\u0259rh\u0259dl\u0259rin a\u00e7\u0131laca\u011f\u0131 il\u0259 ba\u011fl\u0131 x\u0259b\u0259rl\u0259r var. \u018fhali is\u0259 ne\u00e7\u0259 vaxtd\u0131r quru s\u0259rh\u0259dl\u0259rin ba\u011fl\u0131 qalmas\u0131 il\u0259 ba\u011fl\u0131 naraz\u0131l\u0131\u011f\u0131n\u0131 bildirir, \u0259sas s\u0259b\u0259b is\u0259 t\u0259yyar\u0259 biletl\u0259rinin olduqca baha olmas\u0131d\u0131r.<\/p>\n<p>Baxmayaraq ki, pandemiyan\u0131n bitm\u0259si r\u0259smi olaraq \u00dcST t\u0259r\u0259find\u0259n elan edilib, lakin \u00f6lk\u0259mizd\u0259 bu m\u00fcdd\u0259t uzad\u0131l\u0131b. Ekspertl\u0259r, r\u0259smil\u0259r bunun s\u0259b\u0259bini t\u0259hl\u00fck\u0259sizlikl\u0259 ba\u011fl\u0131 probleml\u0259rin olmas\u0131 il\u0259 \u0259laq\u0259l\u0259ndirirdil\u0259r.<\/p>\n<p><em><strong>Prezident \u0130lham \u018fliyev d\u0259 \u201cCOP29 v\u0259 Az\u0259rbaycan \u00fc\u00e7\u00fcn Ya\u015f\u0131l Bax\u0131\u015f\u201d m\u00f6vzusunda beyn\u0259lxalq forumunda \u00e7\u0131x\u0131\u015f\u0131 zaman\u0131 m\u0259s\u0259l\u0259y\u0259 m\u00fcnasib\u0259t bildirmi\u015fdi:<\/strong>\u00a0&#8220;Haz\u0131rda quru s\u0259rh\u0259dl\u0259rin m\u00fc\u0259yy\u0259n d\u00f6vrd\u0259 ba\u011fl\u0131 qalmas\u0131ndan sonra Az\u0259rbaycanda t\u0259hl\u00fck\u0259sizliyin g\u00fccl\u0259ndiyini g\u00f6r\u00fcr\u00fck. \u018fvv\u0259lki vaxtlarda bir \u00e7ox hallar m\u00fc\u015fahid\u0259 olunub. Onlar\u0131n b\u0259zil\u0259ri ictimaiyy\u0259t\u0259 a\u00e7\u0131qlan\u0131b, b\u0259zil\u0259ri is\u0259 a\u00e7\u0131qlanmay\u0131b. Biz k\u0259nardan g\u0259l\u0259n ciddi t\u0259hdidl\u0259r v\u0259 probleml\u0259rl\u0259 \u00fczl\u0259\u015fmi\u015fdik. Bizim b\u00fct\u00fcn potensial riskl\u0259rimizin k\u0259nardan g\u0259ldiyini s\u00f6yl\u0259dikd\u0259 m\u0259n bunu n\u0259z\u0259rd\u0259 tuturdum\u201d, &#8211; dey\u0259 d\u00f6vl\u0259timizin ba\u015f\u00e7\u0131s\u0131 bildirib.<\/em><\/p>\n<p>\u00d6lk\u0259 ba\u015f\u00e7\u0131s\u0131n\u0131n da qeyd etdiyi kimi, art\u0131q \u00f6lk\u0259miz h\u0259m epidemik, h\u0259m d\u0259 t\u0259hl\u00fck\u0259sizlik bax\u0131m\u0131ndan n\u0259zar\u0259t alt\u0131ndad\u0131r. Torpaqlar\u0131m\u0131z geri qaytar\u0131l\u0131b, i\u015f\u011faldan azad olunan \u0259razil\u0259rimiz silahl\u0131 q\u00fcvv\u0259l\u0259rimizin n\u0259zar\u0259ti alt\u0131ndad\u0131r v\u0259 bu torpaqlarda b\u0259rpa-yenid\u0259nqurma i\u015fl\u0259ri apar\u0131l\u0131r.<\/p>\n<p><em><strong>Bir s\u00f6zl\u0259, \u00f6lk\u0259mizd\u0259 asayi\u015fin qorunmas\u0131 il\u0259 ba\u011fl\u0131 h\u0259r hans\u0131 \u0259ng\u0259l yoxdur. Bel\u0259 oldu\u011fu t\u0259qdird\u0259 iyul ay\u0131ndan quru s\u0259rh\u0259dl\u0259rin a\u00e7\u0131lmas\u0131 m\u00fcmk\u00fcnm\u00fc?<\/strong><\/em><\/p>\n<p><em><strong>\u0130qtisad\u00e7\u0131 mill\u0259t v\u0259kili Ayd\u0131n H\u00fcseynov m\u00f6vzu il\u0259 ba\u011fl\u0131 Musavat.com-a fikirl\u0259rini a\u00e7\u0131qlay\u0131b:<\/strong><\/em><\/p>\n<p><em><strong><img loading=\"lazy\" src=\"https:\/\/cdn.musavat.com\/news\/thumbnails\/5a6de145e2c6ab0110c81bee0a4bda8d.jpg\" alt=\"aydin-huseynov.jpg (61 KB)\" width=\"700\" height=\"525\" \/><\/strong><\/em><\/p>\n<p>\u201cBu, Nazirl\u0259r Kabinetinin q\u0259rar\u0131 \u0259sas\u0131nda h\u0259yata ke\u00e7iril\u0259n m\u0259s\u0259l\u0259dir. \u0130lk olaraq pandemiya il\u0259 ba\u011fl\u0131 yollar ba\u011flanm\u0131\u015fd\u0131. B\u00fct\u00fcn riskl\u0259r aradan qald\u0131r\u0131l\u0131bsa, \u0259lb\u0259tt\u0259, a\u00e7\u0131lmas\u0131 ehtimal oluna bil\u0259r. Dig\u0259r t\u0259r\u0259fd\u0259n, y\u00fckl\u0259rin da\u015f\u0131nmas\u0131 il\u0259 ba\u011fl\u0131 problem yoxdur. Y\u00fckl\u0259r da\u015f\u0131n\u0131r. Yaln\u0131z minik avtomobill\u0259rd\u0259 gedi\u015f- g\u0259li\u015f\u0259 m\u0259hdudiyy\u0259t var. S\u0259rh\u0259dl\u0259rin ba\u011flanmas\u0131n\u0131 z\u0259ruri ed\u0259n b\u00fct\u00fcn hallar tamamil\u0259 aradan qald\u0131r\u0131l\u0131bsa, a\u00e7\u0131lmas\u0131 m\u00fcmk\u00fcnd\u00fcr\u201d.<\/p>\n<p><em><strong>\u0130qtisad\u00e7\u0131 Natiq C\u0259f\u0259rlinin s\u00f6zl\u0259rin\u0259 g\u00f6r\u0259 quru s\u0259rh\u0259dl\u0259rin ba\u011fl\u0131 qalmas\u0131 \u00fc\u00e7\u00fcn h\u0259r hans\u0131 \u0259ng\u0259l yoxdur, bu yaln\u0131z \u00f6lk\u0259 turizmin\u0259 z\u0259r\u0259r vurur:<\/strong><\/em><\/p>\n<p><em><strong><img loading=\"lazy\" src=\"https:\/\/cdn.musavat.com\/news\/thumbnails\/1631ded281b69ae6472b965c018ac47a.jpg\" alt=\"natiq-ceferli-real (2).jpg (22 KB)\" width=\"700\" height=\"460\" \/><\/strong><\/em><\/p>\n<p>\u201c\u00d6lk\u0259mizd\u0259 quru s\u0259rh\u0259dl\u0259r a\u00e7\u0131q olsayd\u0131, potensial qazana bil\u0259c\u0259k rayonlar\u0131m\u0131za diqq\u0259t ed\u0259k:<\/p>\n<p><strong>Qusar rayonu\u00a0&#8211;<\/strong>\u00a0S\u0259rh\u0259dd\u0259 yerl\u0259\u015f\u0259n bu rayonda \u015eahda\u011f Turizm Kompleksi var, b\u00f6y\u00fck hotell\u0259r orada, amma r\u0259smi r\u0259q\u0259ml\u0259r\u0259 g\u00f6r\u0259, 2023-c\u00fc ilin 9 ay\u0131nda Qusar rayonundak\u0131 hotell\u0259r 735 min manat ziyan edib. Onu da deyim ki, \u015eahda\u011f Turizm Kompleksi h\u0259l\u0259 b\u00fcdc\u0259d\u0259n ild\u0259 12 mln. manat dotasiya da al\u0131r.<\/p>\n<p><strong>Qazax rayonu\u00a0&#8211;<\/strong>\u00a0S\u0259rh\u0259dd\u0259 yerl\u0259\u015f\u0259n, quru s\u0259rh\u0259dl\u0259r a\u00e7\u0131q olanda hotell\u0259rin\u0259 t\u0259l\u0259bat olan rayonda 2023-c\u00fc ilin ilk 9 ay\u0131nda hotell\u0259r 56 min manat ziyan edibl\u0259r.<\/p>\n<p><strong>\u015e\u0259mkir rayonu\u00a0&#8211;<\/strong>\u00a0S\u0259rh\u0259d\u0259 yax\u0131n olan bu rayonun hotell\u0259ri bu ilin 9 ay\u0131nda 23 min manat ziyan edibl\u0259r.<\/p>\n<p><strong>Balak\u0259n rayonu\u00a0&#8211;<\/strong>\u00a0S\u0259rh\u0259din 5 add\u0131ml\u0131\u011f\u0131nda yerl\u0259\u015f\u0259n, \u0259vv\u0259ll\u0259r avtobusla xaricd\u0259n g\u0259l\u0259n turist qruplar\u0131 q\u0259bul ed\u0259n rayonun otell\u0259ri 2023-c\u00fc ild\u0259 91 min manat ziyan edibl\u0259r.<\/p>\n<p>Daxili turizmd\u0259n f\u0259xrl\u0259 dan\u0131\u015f\u0131lan b\u00f6lg\u0259l\u0259rd\u0259n biri d\u0259 f\u0259xrimiz olan\u00a0<strong>\u015eu\u015fa \u015f\u0259h\u0259ridir<\/strong>\u00a0\u2013 2023-c\u00fc ild\u0259 \u015eu\u015fan\u0131n hotell\u0259ri 91,2 min manat ziyan edibl\u0259r. Daxili turizmd\u0259 \u00f6n\u0259mli yer tutdu\u011funu dedikl\u0259ri\u00a0<strong>X\u0131z\u0131<\/strong>\u00a0rayonunun hotell\u0259rinin 2023-c\u00fc ilin 9 ay\u0131nda c\u0259mi 90 min manat g\u0259lirl\u0259ri, 92 min manat da r\u0259smi x\u0259rcl\u0259ri olub, y\u0259ni onlar da 2000 manat ziyan edibl\u0259r. Daxili turizmin inki\u015faf\u0131 kimi t\u0259qdim edin bir b\u00f6lg\u0259miz d\u0259\u00a0<strong>G\u00f6yg\u00f6l<\/strong>\u00a0rayonudur. T\u0259s\u0259vv\u00fcr edin ki, bu rayonun hotell\u0259ri 2023-c\u00fc ild\u0259 133 min manat ziyan edibl\u0259r. Han\u0131 bu quru s\u0259rh\u0259dl\u0259rin ba\u011fl\u0131 olmas\u0131n\u0131n daxili turizm\u0259 xeyri, hardad\u0131r, niy\u0259 g\u00f6r\u00fcnm\u00fcr?! Tam t\u0259rsin\u0259, \u00f6lk\u0259d\u0259 iqtisadi aktivliyin z\u0259ifl\u0259m\u0259sinin, \u00dcDM-in c\u0259mi 0,5% artmas\u0131n\u0131n s\u0259b\u0259bl\u0259rind\u0259n biri m\u0259hz ba\u011fl\u0131 olan quru s\u0259rh\u0259dl\u0259rdir. Ba\u011fl\u0131 quru s\u0259rh\u0259dl\u0259r \u00f6lk\u0259nin turizm sektoruna d\u0259st\u0259k olmur, \u0259ksin\u0259, \u00e7ox b\u00f6y\u00fck z\u0259rb\u0259 vurur&#8230;\u201d<\/p>\n","protected":false},"excerpt":{"rendered":"<p>Deputat: \u201cS\u0259rh\u0259dl\u0259rin ba\u011flanmas\u0131n\u0131 z\u0259ruri ed\u0259n b\u00fct\u00fcn hallar tamamil\u0259 aradan qald\u0131r\u0131l\u0131bsa&#8230;\u201d Az\u0259rbaycanda 4 ildir quru s\u0259rh\u0259dl\u0259r ba\u011fl\u0131d\u0131r. 2020-ci il mart\u0131n 24-d\u0259n etibar\u0259n COV\u0130D-19 pandemiyas\u0131 s\u0259b\u0259bi il\u0259 x\u00fcsusi karantin rejimi t\u0259tbiq olunur. Bu il Nazirl\u0259r Kabinetinin q\u0259rar\u0131 il\u0259 x\u00fcsusi karantin rejiminin m\u00fcdd\u0259ti aprelin 2-d\u0259n iyulun 1-d\u0259k uzad\u0131l\u0131b. Art\u0131q bu m\u00fcdd\u0259tin bitm\u0259sin\u0259 bir ne\u00e7\u0259 h\u0259ft\u0259 qal\u0131b v\u0259 quru s\u0259rh\u0259dl\u0259rin a\u00e7\u0131laca\u011f\u0131 il\u0259 ba\u011fl\u0131 x\u0259b\u0259rl\u0259r var. \u018fhali is\u0259 ne\u00e7\u0259 vaxtd\u0131r quru s\u0259rh\u0259dl\u0259rin ba\u011fl\u0131 qalmas\u0131 il\u0259 ba\u011fl\u0131 naraz\u0131l\u0131\u011f\u0131n\u0131 bildirir, \u0259sas s\u0259b\u0259b is\u0259 t\u0259yyar\u0259 biletl\u0259rinin olduqca baha olmas\u0131d\u0131r. Baxmayaraq ki, pandemiyan\u0131n bitm\u0259si r\u0259smi olaraq \u00dcST t\u0259r\u0259find\u0259n elan&hellip;<\/p>\n","protected":false},"author":2,"featured_media":731284,"comment_status":"closed","ping_status":"closed","sticky":false,"template":"","format":"standard","meta":{"om_disable_all_campaigns":false,"_monsterinsights_skip_tracking":false,"_monsterinsights_sitenote_active":false,"_monsterinsights_sitenote_note":"","_monsterinsights_sitenote_category":0},"categories":[1],"tags":[],"aioseo_notices":[],"gutentor_comment":0,"rttpg_featured_image_url":{"full":["https:\/\/arantv.az\/wp-content\/uploads\/2024\/06\/7fa009b35c8ac9df1791575bbb5a1d8a.jpg",850,500,false],"landscape":["https:\/\/arantv.az\/wp-content\/uploads\/2024\/06\/7fa009b35c8ac9df1791575bbb5a1d8a.jpg",850,500,false],"portraits":["https:\/\/arantv.az\/wp-content\/uploads\/2024\/06\/7fa009b35c8ac9df1791575bbb5a1d8a.jpg",850,500,false],"thumbnail":["https:\/\/arantv.az\/wp-content\/uploads\/2024\/06\/7fa009b35c8ac9df1791575bbb5a1d8a-500x280.jpg",500,280,true],"medium":["https:\/\/arantv.az\/wp-content\/uploads\/2024\/06\/7fa009b35c8ac9df1791575bbb5a1d8a-621x365.jpg",621,365,true],"large":["https:\/\/arantv.az\/wp-content\/uploads\/2024\/06\/7fa009b35c8ac9df1791575bbb5a1d8a-840x494.jpg",640,376,true],"1536x1536":["https:\/\/arantv.az\/wp-content\/uploads\/2024\/06\/7fa009b35c8ac9df1791575bbb5a1d8a.jpg",850,500,false],"2048x2048":["https:\/\/arantv.az\/wp-content\/uploads\/2024\/06\/7fa009b35c8ac9df1791575bbb5a1d8a.jpg",850,500,false],"post-thumbnail":["https:\/\/arantv.az\/wp-content\/uploads\/2024\/06\/7fa009b35c8ac9df1791575bbb5a1d8a-240x172.jpg",240,172,true],"advps-thumb-one":["https:\/\/arantv.az\/wp-content\/uploads\/2024\/06\/7fa009b35c8ac9df1791575bbb5a1d8a.jpg",850,500,false]},"rttpg_author":{"display_name":"V\u00fcsal Rafiqo\u011flu","author_link":"https:\/\/arantv.az\/?author=2"},"rttpg_comment":0,"rttpg_category":"<a href=\"https:\/\/arantv.az\/?cat=1\" rel=\"category\">C\u0259miyy\u0259t<\/a>","rttpg_excerpt":"Deputat: \u201cS\u0259rh\u0259dl\u0259rin ba\u011flanmas\u0131n\u0131 z\u0259ruri ed\u0259n b\u00fct\u00fcn hallar tamamil\u0259 aradan qald\u0131r\u0131l\u0131bsa&#8230;\u201d Az\u0259rbaycanda 4 ildir quru s\u0259rh\u0259dl\u0259r ba\u011fl\u0131d\u0131r. 2020-ci il mart\u0131n 24-d\u0259n etibar\u0259n COV\u0130D-19 pandemiyas\u0131 s\u0259b\u0259bi il\u0259 x\u00fcsusi karantin rejimi t\u0259tbiq olunur. Bu il Nazirl\u0259r Kabinetinin q\u0259rar\u0131 il\u0259 x\u00fcsusi karantin rejiminin m\u00fcdd\u0259ti aprelin 2-d\u0259n iyulun 1-d\u0259k uzad\u0131l\u0131b. Art\u0131q bu m\u00fcdd\u0259tin bitm\u0259sin\u0259 bir ne\u00e7\u0259 h\u0259ft\u0259 qal\u0131b v\u0259 quru&hellip;","_links":{"self":[{"href":"https:\/\/arantv.az\/index.php?rest_route=\/wp\/v2\/posts\/731283"}],"collection":[{"href":"https:\/\/arantv.az\/index.php?rest_route=\/wp\/v2\/posts"}],"about":[{"href":"https:\/\/arantv.az\/index.php?rest_route=\/wp\/v2\/types\/post"}],"author":[{"embeddable":true,"href":"https:\/\/arantv.az\/index.php?rest_route=\/wp\/v2\/users\/2"}],"replies":[{"embeddable":true,"href":"https:\/\/arantv.az\/index.php?rest_route=%2Fwp%2Fv2%2Fcomments&post=731283"}],"version-history":[{"count":0,"href":"https:\/\/arantv.az\/index.php?rest_route=\/wp\/v2\/posts\/731283\/revisions"}],"wp:featuredmedia":[{"embeddable":true,"href":"https:\/\/arantv.az\/index.php?rest_route=\/wp\/v2\/media\/731284"}],"wp:attachment":[{"href":"https:\/\/arantv.az\/index.php?rest_route=%2Fwp%2Fv2%2Fmedia&parent=731283"}],"wp:term":[{"taxonomy":"category","embeddable":true,"href":"https:\/\/arantv.az\/index.php?rest_route=%2Fwp%2Fv2%2Fcategories&post=731283"},{"taxonomy":"post_tag","embeddable":true,"href":"https:\/\/arantv.az\/index.php?rest_route=%2Fwp%2Fv2%2Ftags&post=731283"}],"curies":[{"name":"wp","href":"https:\/\/api.w.org\/{rel}","templated":true}]}}