{"id":731286,"date":"2024-06-20T18:06:43","date_gmt":"2024-06-20T14:06:43","guid":{"rendered":"https:\/\/arantv.az\/?p=731286"},"modified":"2024-06-20T18:06:43","modified_gmt":"2024-06-20T14:06:43","slug":"pensiya-bu-q%c9%99d%c9%99r-artacaq-bu-il-ucun-m%c9%99bl%c9%99g-aciqlandi","status":"publish","type":"post","link":"https:\/\/arantv.az\/?p=731286","title":{"rendered":"Pensiya bu q\u0259d\u0259r artacaq: Bu il \u00fc\u00e7\u00fcn m\u0259bl\u0259\u011f a\u00e7\u0131qland\u0131"},"content":{"rendered":"<p><strong>Haz\u0131rda 2024-c\u00fc ilin b\u00fcdc\u0259 d\u00fcr\u00fcstl\u0259\u015fm\u0259si il\u0259 ba\u011fl\u0131 parlamentd\u0259 m\u00fczakir\u0259l\u0259r davam edir. Amma b\u0259zi hallarda hans\u0131sa sosial \u00f6d\u0259ni\u015fl\u0259rin azald\u0131laca\u011f\u0131 il\u0259 ba\u011fl\u0131 \u0259sass\u0131z fikirl\u0259r yay\u0131l\u0131r. He\u00e7 bir halda burada sosial \u00f6d\u0259ni\u015fl\u0259rin azalmas\u0131ndan s\u00f6hb\u0259t getmir.<\/strong><\/p>\n<p>Bunu Milli M\u0259clisin \u0130qtisadi siyas\u0259t, s\u0259naye v\u0259 sahibkarl\u0131q komit\u0259si \u00fczv\u00fc, deputat Vahid \u018fhm\u0259dov deyib.<\/p>\n<p>O qeyd edib ki, i\u015fsizlikd\u0259n s\u0131\u011forta fondu v\u0259 s\u0131\u011forta hallar\u0131 m\u00f6vcuddur: SEO Xidm\u0259ti<\/p>\n<p>\u201cD\u00f6vl\u0259t Sosial M\u00fcdafi\u0259 Fondunun b\u00fcdc\u0259sind\u0259 \u00f6hd\u0259likl\u0259r yerin\u0259 yetirilm\u0259dikd\u0259 d\u00f6vl\u0259t b\u00fcdc\u0259sind\u0259n transfertl\u0259r edilir. 2024-c\u00fc ild\u0259 d\u0259 b\u00fcdc\u0259d\u0259n transfertl\u0259r olunub. \u0130ndi \u0259m\u0259khaqqlar\u0131 m\u00fc\u0259yy\u0259n q\u0259d\u0259r art\u0131r\u0131l\u0131b. Orta ayl\u0131q \u0259m\u0259khaqq\u0131 980-manatdan 990 manata y\u00fcks\u0259lib. Bu art\u0131m da \u0259lav\u0259 v\u0259saitin daxil olmas\u0131na s\u0259b\u0259b olub\u201d.<\/p>\n<p>Mill\u0259t v\u0259kili bildirib ki, daxil olan \u0259lav\u0259 v\u0259sait 190 milyon manata yax\u0131nd\u0131r:<\/p>\n<p>\u201cOnun 160 milyon manat\u0131 transfertin ba\u011flanmas\u0131na, 30 milyon manat\u0131n 25 milyonu pensiyalar\u0131n art\u0131r\u0131lmas\u0131na \u0259lav\u0259 kimi verilir. Qal\u0131q 5 milyon manat is\u0259 daxili m\u0259s\u0259l\u0259l\u0259rin h\u0259llin\u0259, \u015ftat vahidi v\u0259 dig\u0259r i\u015fl\u0259r \u00fc\u00e7\u00fcn n\u0259z\u0259rd\u0259 tutulur. Konkret m\u0259s\u0259l\u0259 m\u0259hz bu c\u00fcrd\u00fcr. Ona g\u00f6r\u0259 d\u0259, hans\u0131sa sosial azalmalardan s\u00f6hb\u0259t ged\u0259 bilm\u0259z\u201d.<\/p>\n<p>Vahid \u018fhm\u0259dova g\u00f6r\u0259, 2024-c\u00fc ilin d\u00f6vl\u0259t b\u00fcdc\u0259si t\u0259sdiq edil\u0259rk\u0259n daha \u00e7ox diqq\u0259t sosial sah\u0259y\u0259 y\u00f6n\u0259lib:<\/p>\n<p>\u201cBu ilin b\u00fcdc\u0259sind\u0259 15 milyard manata yax\u0131n v\u0259sait, t\u0259xmin\u0259n b\u00fcdc\u0259nin 43 faizi sosial sah\u0259 \u00fc\u00e7\u00fcn n\u0259z\u0259rd\u0259 tutulub. Burada pensiyalar\u0131n, \u0259m\u0259khaqq\u0131n\u0131n, m\u00fcavin\u0259tl\u0259rin art\u0131m\u0131, \u015f\u0259hid ail\u0259l\u0259ri v\u0259 qazil\u0259r \u00fc\u00e7\u00fcn \u00f6d\u0259ni\u015fl\u0259r \u0259ksini tap\u0131b. Haz\u0131rda mill\u0259t v\u0259kill\u0259rinin d\u0259 \u0259n \u00e7ox s\u0259sl\u0259ndirdiyi m\u0259s\u0259l\u0259 m\u00fcharib\u0259 veteranlar\u0131na \u00f6d\u0259nil\u0259n 80 manat\u0131n art\u0131r\u0131lmas\u0131 il\u0259 ba\u011fl\u0131d\u0131r. Milli M\u0259clisin komit\u0259 v\u0259 plenar iclaslar\u0131nda bu t\u0259klif s\u0259sl\u0259nib\u201d.\/ Teleqraf.com<\/p>\n","protected":false},"excerpt":{"rendered":"<p>Haz\u0131rda 2024-c\u00fc ilin b\u00fcdc\u0259 d\u00fcr\u00fcstl\u0259\u015fm\u0259si il\u0259 ba\u011fl\u0131 parlamentd\u0259 m\u00fczakir\u0259l\u0259r davam edir. Amma b\u0259zi hallarda hans\u0131sa sosial \u00f6d\u0259ni\u015fl\u0259rin azald\u0131laca\u011f\u0131 il\u0259 ba\u011fl\u0131 \u0259sass\u0131z fikirl\u0259r yay\u0131l\u0131r. He\u00e7 bir halda burada sosial \u00f6d\u0259ni\u015fl\u0259rin azalmas\u0131ndan s\u00f6hb\u0259t getmir. Bunu Milli M\u0259clisin \u0130qtisadi siyas\u0259t, s\u0259naye v\u0259 sahibkarl\u0131q komit\u0259si \u00fczv\u00fc, deputat Vahid \u018fhm\u0259dov deyib. O qeyd edib ki, i\u015fsizlikd\u0259n s\u0131\u011forta fondu v\u0259 s\u0131\u011forta hallar\u0131 m\u00f6vcuddur: SEO Xidm\u0259ti \u201cD\u00f6vl\u0259t Sosial M\u00fcdafi\u0259 Fondunun b\u00fcdc\u0259sind\u0259 \u00f6hd\u0259likl\u0259r yerin\u0259 yetirilm\u0259dikd\u0259 d\u00f6vl\u0259t b\u00fcdc\u0259sind\u0259n transfertl\u0259r edilir. 2024-c\u00fc ild\u0259 d\u0259 b\u00fcdc\u0259d\u0259n transfertl\u0259r olunub. \u0130ndi \u0259m\u0259khaqqlar\u0131 m\u00fc\u0259yy\u0259n q\u0259d\u0259r art\u0131r\u0131l\u0131b. Orta ayl\u0131q \u0259m\u0259khaqq\u0131 980-manatdan 990 manata y\u00fcks\u0259lib. Bu&hellip;<\/p>\n","protected":false},"author":2,"featured_media":731287,"comment_status":"closed","ping_status":"closed","sticky":false,"template":"","format":"standard","meta":{"om_disable_all_campaigns":false,"_monsterinsights_skip_tracking":false,"_monsterinsights_sitenote_active":false,"_monsterinsights_sitenote_note":"","_monsterinsights_sitenote_category":0},"categories":[1],"tags":[],"aioseo_notices":[],"gutentor_comment":0,"rttpg_featured_image_url":{"full":["https:\/\/arantv.az\/wp-content\/uploads\/2024\/06\/3214a700928c0ddc07be1c72c606c159.jpg",750,422,false],"landscape":["https:\/\/arantv.az\/wp-content\/uploads\/2024\/06\/3214a700928c0ddc07be1c72c606c159.jpg",750,422,false],"portraits":["https:\/\/arantv.az\/wp-content\/uploads\/2024\/06\/3214a700928c0ddc07be1c72c606c159.jpg",750,422,false],"thumbnail":["https:\/\/arantv.az\/wp-content\/uploads\/2024\/06\/3214a700928c0ddc07be1c72c606c159-500x280.jpg",500,280,true],"medium":["https:\/\/arantv.az\/wp-content\/uploads\/2024\/06\/3214a700928c0ddc07be1c72c606c159-649x365.jpg",649,365,true],"large":["https:\/\/arantv.az\/wp-content\/uploads\/2024\/06\/3214a700928c0ddc07be1c72c606c159.jpg",640,360,false],"1536x1536":["https:\/\/arantv.az\/wp-content\/uploads\/2024\/06\/3214a700928c0ddc07be1c72c606c159.jpg",750,422,false],"2048x2048":["https:\/\/arantv.az\/wp-content\/uploads\/2024\/06\/3214a700928c0ddc07be1c72c606c159.jpg",750,422,false],"post-thumbnail":["https:\/\/arantv.az\/wp-content\/uploads\/2024\/06\/3214a700928c0ddc07be1c72c606c159-240x172.jpg",240,172,true],"advps-thumb-one":["https:\/\/arantv.az\/wp-content\/uploads\/2024\/06\/3214a700928c0ddc07be1c72c606c159.jpg",750,422,false]},"rttpg_author":{"display_name":"V\u00fcsal Rafiqo\u011flu","author_link":"https:\/\/arantv.az\/?author=2"},"rttpg_comment":0,"rttpg_category":"<a href=\"https:\/\/arantv.az\/?cat=1\" rel=\"category\">C\u0259miyy\u0259t<\/a>","rttpg_excerpt":"Haz\u0131rda 2024-c\u00fc ilin b\u00fcdc\u0259 d\u00fcr\u00fcstl\u0259\u015fm\u0259si il\u0259 ba\u011fl\u0131 parlamentd\u0259 m\u00fczakir\u0259l\u0259r davam edir. Amma b\u0259zi hallarda hans\u0131sa sosial \u00f6d\u0259ni\u015fl\u0259rin azald\u0131laca\u011f\u0131 il\u0259 ba\u011fl\u0131 \u0259sass\u0131z fikirl\u0259r yay\u0131l\u0131r. He\u00e7 bir halda burada sosial \u00f6d\u0259ni\u015fl\u0259rin azalmas\u0131ndan s\u00f6hb\u0259t getmir. Bunu Milli M\u0259clisin \u0130qtisadi siyas\u0259t, s\u0259naye v\u0259 sahibkarl\u0131q komit\u0259si \u00fczv\u00fc, deputat Vahid \u018fhm\u0259dov deyib. O qeyd edib ki, i\u015fsizlikd\u0259n s\u0131\u011forta fondu v\u0259 s\u0131\u011forta&hellip;","_links":{"self":[{"href":"https:\/\/arantv.az\/index.php?rest_route=\/wp\/v2\/posts\/731286"}],"collection":[{"href":"https:\/\/arantv.az\/index.php?rest_route=\/wp\/v2\/posts"}],"about":[{"href":"https:\/\/arantv.az\/index.php?rest_route=\/wp\/v2\/types\/post"}],"author":[{"embeddable":true,"href":"https:\/\/arantv.az\/index.php?rest_route=\/wp\/v2\/users\/2"}],"replies":[{"embeddable":true,"href":"https:\/\/arantv.az\/index.php?rest_route=%2Fwp%2Fv2%2Fcomments&post=731286"}],"version-history":[{"count":0,"href":"https:\/\/arantv.az\/index.php?rest_route=\/wp\/v2\/posts\/731286\/revisions"}],"wp:featuredmedia":[{"embeddable":true,"href":"https:\/\/arantv.az\/index.php?rest_route=\/wp\/v2\/media\/731287"}],"wp:attachment":[{"href":"https:\/\/arantv.az\/index.php?rest_route=%2Fwp%2Fv2%2Fmedia&parent=731286"}],"wp:term":[{"taxonomy":"category","embeddable":true,"href":"https:\/\/arantv.az\/index.php?rest_route=%2Fwp%2Fv2%2Fcategories&post=731286"},{"taxonomy":"post_tag","embeddable":true,"href":"https:\/\/arantv.az\/index.php?rest_route=%2Fwp%2Fv2%2Ftags&post=731286"}],"curies":[{"name":"wp","href":"https:\/\/api.w.org\/{rel}","templated":true}]}}