{"id":731289,"date":"2024-06-20T18:07:28","date_gmt":"2024-06-20T14:07:28","guid":{"rendered":"https:\/\/arantv.az\/?p=731289"},"modified":"2024-06-20T18:07:28","modified_gmt":"2024-06-20T14:07:28","slug":"leysan-dolu-sel-az%c9%99rbaycanda-bu-tarixd%c9%99n-hava-k%c9%99skin-d%c9%99yisir","status":"publish","type":"post","link":"https:\/\/arantv.az\/?p=731289","title":{"rendered":"Leysan, dolu, sel&#8230; &#8211; Az\u0259rbaycanda bu tarixd\u0259n hava K\u018fSK\u0130N D\u018fY\u0130\u015e\u0130R"},"content":{"rendered":"<p><strong>Az\u0259rbaycan\u0131n rayonlar\u0131nda iyunun 23-\u00fc g\u00fcnd\u00fcz\u0259d\u0259k b\u0259zi yerl\u0259rd\u0259 fasil\u0259l\u0259rl\u0259 leysan xarakterli ya\u011f\u0131\u015f ya\u011faca\u011f\u0131, \u015fim\u015f\u0259k \u00e7axaca\u011f\u0131 g\u00f6zl\u0259nilir.<\/strong><\/p>\n<p>Bu bar\u0259d\u0259\u00a0<strong>Musavat.com-a<\/strong>\u00a0Milli Hidrometeorologiya Xidm\u0259tind\u0259n m\u0259lumat verilib.<\/p>\n<p>Bildirilib ki, ayr\u0131-ayr\u0131 yerl\u0259rd\u0259 (Da\u015fk\u0259s\u0259n-G\u0259d\u0259b\u0259y, G\u0259nc\u0259-Qazax, Qaraba\u011f v\u0259 \u015e\u0259rqi Z\u0259ng\u0259zur, Balak\u0259n-\u015e\u0259ki, Quba-Qusar, Da\u011fl\u0131q \u015eirvan, M\u0259rk\u0259zi-Aran, Nax\u00e7\u0131van MR, L\u0259nk\u0259ran-Astara) ya\u011f\u0131nt\u0131lar\u0131n intensiv v\u0259 g\u00fccl\u00fc olaca\u011f\u0131, dolu d\u00fc\u015f\u0259c\u0259yi ehtimal\u0131 var. Q\u0259rb k\u00fcl\u0259yi arabir 15-20 m\/s, 21-d\u0259 b\u0259zi da\u011fl\u0131q v\u0259 da\u011f\u0259t\u0259yi rayonlarda arabir 25-30 m\/s-d\u0259k g\u00fccl\u0259n\u0259c\u0259k.<\/p>\n<p>\u00c7aylarda sululu\u011fun artaca\u011f\u0131, B\u00f6y\u00fck v\u0259 Ki\u00e7ik Qafqaz\u0131n \u0259razisind\u0259n axan b\u0259zi \u00e7aylardan q\u0131sam\u00fcdd\u0259tli da\u015fq\u0131n v\u0259 sel ke\u00e7\u0259c\u0259yi g\u00f6zl\u0259nilir.<\/p>\n","protected":false},"excerpt":{"rendered":"<p>Az\u0259rbaycan\u0131n rayonlar\u0131nda iyunun 23-\u00fc g\u00fcnd\u00fcz\u0259d\u0259k b\u0259zi yerl\u0259rd\u0259 fasil\u0259l\u0259rl\u0259 leysan xarakterli ya\u011f\u0131\u015f ya\u011faca\u011f\u0131, \u015fim\u015f\u0259k \u00e7axaca\u011f\u0131 g\u00f6zl\u0259nilir. Bu bar\u0259d\u0259\u00a0Musavat.com-a\u00a0Milli Hidrometeorologiya Xidm\u0259tind\u0259n m\u0259lumat verilib. Bildirilib ki, ayr\u0131-ayr\u0131 yerl\u0259rd\u0259 (Da\u015fk\u0259s\u0259n-G\u0259d\u0259b\u0259y, G\u0259nc\u0259-Qazax, Qaraba\u011f v\u0259 \u015e\u0259rqi Z\u0259ng\u0259zur, Balak\u0259n-\u015e\u0259ki, Quba-Qusar, Da\u011fl\u0131q \u015eirvan, M\u0259rk\u0259zi-Aran, Nax\u00e7\u0131van MR, L\u0259nk\u0259ran-Astara) ya\u011f\u0131nt\u0131lar\u0131n intensiv v\u0259 g\u00fccl\u00fc olaca\u011f\u0131, dolu d\u00fc\u015f\u0259c\u0259yi ehtimal\u0131 var. Q\u0259rb k\u00fcl\u0259yi arabir 15-20 m\/s, 21-d\u0259 b\u0259zi da\u011fl\u0131q v\u0259 da\u011f\u0259t\u0259yi rayonlarda arabir 25-30 m\/s-d\u0259k g\u00fccl\u0259n\u0259c\u0259k. \u00c7aylarda sululu\u011fun artaca\u011f\u0131, B\u00f6y\u00fck v\u0259 Ki\u00e7ik Qafqaz\u0131n \u0259razisind\u0259n axan b\u0259zi \u00e7aylardan q\u0131sam\u00fcdd\u0259tli da\u015fq\u0131n v\u0259 sel ke\u00e7\u0259c\u0259yi g\u00f6zl\u0259nilir.<\/p>\n","protected":false},"author":2,"featured_media":731290,"comment_status":"closed","ping_status":"closed","sticky":false,"template":"","format":"standard","meta":{"om_disable_all_campaigns":false,"_monsterinsights_skip_tracking":false,"_monsterinsights_sitenote_active":false,"_monsterinsights_sitenote_note":"","_monsterinsights_sitenote_category":0},"categories":[1],"tags":[],"aioseo_notices":[],"gutentor_comment":0,"rttpg_featured_image_url":{"full":["https:\/\/arantv.az\/wp-content\/uploads\/2024\/06\/5fe4dd868f5ddbfd14640e29f9fd5eae.jpg",870,500,false],"landscape":["https:\/\/arantv.az\/wp-content\/uploads\/2024\/06\/5fe4dd868f5ddbfd14640e29f9fd5eae.jpg",870,500,false],"portraits":["https:\/\/arantv.az\/wp-content\/uploads\/2024\/06\/5fe4dd868f5ddbfd14640e29f9fd5eae.jpg",870,500,false],"thumbnail":["https:\/\/arantv.az\/wp-content\/uploads\/2024\/06\/5fe4dd868f5ddbfd14640e29f9fd5eae-500x280.jpg",500,280,true],"medium":["https:\/\/arantv.az\/wp-content\/uploads\/2024\/06\/5fe4dd868f5ddbfd14640e29f9fd5eae-635x365.jpg",635,365,true],"large":["https:\/\/arantv.az\/wp-content\/uploads\/2024\/06\/5fe4dd868f5ddbfd14640e29f9fd5eae-840x483.jpg",640,368,true],"1536x1536":["https:\/\/arantv.az\/wp-content\/uploads\/2024\/06\/5fe4dd868f5ddbfd14640e29f9fd5eae.jpg",870,500,false],"2048x2048":["https:\/\/arantv.az\/wp-content\/uploads\/2024\/06\/5fe4dd868f5ddbfd14640e29f9fd5eae.jpg",870,500,false],"post-thumbnail":["https:\/\/arantv.az\/wp-content\/uploads\/2024\/06\/5fe4dd868f5ddbfd14640e29f9fd5eae-240x172.jpg",240,172,true],"advps-thumb-one":["https:\/\/arantv.az\/wp-content\/uploads\/2024\/06\/5fe4dd868f5ddbfd14640e29f9fd5eae.jpg",870,500,false]},"rttpg_author":{"display_name":"V\u00fcsal Rafiqo\u011flu","author_link":"https:\/\/arantv.az\/?author=2"},"rttpg_comment":0,"rttpg_category":"<a href=\"https:\/\/arantv.az\/?cat=1\" rel=\"category\">C\u0259miyy\u0259t<\/a>","rttpg_excerpt":"Az\u0259rbaycan\u0131n rayonlar\u0131nda iyunun 23-\u00fc g\u00fcnd\u00fcz\u0259d\u0259k b\u0259zi yerl\u0259rd\u0259 fasil\u0259l\u0259rl\u0259 leysan xarakterli ya\u011f\u0131\u015f ya\u011faca\u011f\u0131, \u015fim\u015f\u0259k \u00e7axaca\u011f\u0131 g\u00f6zl\u0259nilir. Bu bar\u0259d\u0259\u00a0Musavat.com-a\u00a0Milli Hidrometeorologiya Xidm\u0259tind\u0259n m\u0259lumat verilib. Bildirilib ki, ayr\u0131-ayr\u0131 yerl\u0259rd\u0259 (Da\u015fk\u0259s\u0259n-G\u0259d\u0259b\u0259y, G\u0259nc\u0259-Qazax, Qaraba\u011f v\u0259 \u015e\u0259rqi Z\u0259ng\u0259zur, Balak\u0259n-\u015e\u0259ki, Quba-Qusar, Da\u011fl\u0131q \u015eirvan, M\u0259rk\u0259zi-Aran, Nax\u00e7\u0131van MR, L\u0259nk\u0259ran-Astara) ya\u011f\u0131nt\u0131lar\u0131n intensiv v\u0259 g\u00fccl\u00fc olaca\u011f\u0131, dolu d\u00fc\u015f\u0259c\u0259yi ehtimal\u0131 var. Q\u0259rb k\u00fcl\u0259yi arabir 15-20 m\/s, 21-d\u0259 b\u0259zi&hellip;","_links":{"self":[{"href":"https:\/\/arantv.az\/index.php?rest_route=\/wp\/v2\/posts\/731289"}],"collection":[{"href":"https:\/\/arantv.az\/index.php?rest_route=\/wp\/v2\/posts"}],"about":[{"href":"https:\/\/arantv.az\/index.php?rest_route=\/wp\/v2\/types\/post"}],"author":[{"embeddable":true,"href":"https:\/\/arantv.az\/index.php?rest_route=\/wp\/v2\/users\/2"}],"replies":[{"embeddable":true,"href":"https:\/\/arantv.az\/index.php?rest_route=%2Fwp%2Fv2%2Fcomments&post=731289"}],"version-history":[{"count":0,"href":"https:\/\/arantv.az\/index.php?rest_route=\/wp\/v2\/posts\/731289\/revisions"}],"wp:featuredmedia":[{"embeddable":true,"href":"https:\/\/arantv.az\/index.php?rest_route=\/wp\/v2\/media\/731290"}],"wp:attachment":[{"href":"https:\/\/arantv.az\/index.php?rest_route=%2Fwp%2Fv2%2Fmedia&parent=731289"}],"wp:term":[{"taxonomy":"category","embeddable":true,"href":"https:\/\/arantv.az\/index.php?rest_route=%2Fwp%2Fv2%2Fcategories&post=731289"},{"taxonomy":"post_tag","embeddable":true,"href":"https:\/\/arantv.az\/index.php?rest_route=%2Fwp%2Fv2%2Ftags&post=731289"}],"curies":[{"name":"wp","href":"https:\/\/api.w.org\/{rel}","templated":true}]}}