{"id":731292,"date":"2024-06-20T18:08:19","date_gmt":"2024-06-20T14:08:19","guid":{"rendered":"https:\/\/arantv.az\/?p=731292"},"modified":"2024-06-20T18:08:19","modified_gmt":"2024-06-20T14:08:19","slug":"s%c9%99hidin-yeni-dogulan-qardasi-sagalaraq-ev%c9%99-buraxilib-stm-d%c9%99n-aciqlama","status":"publish","type":"post","link":"https:\/\/arantv.az\/?p=731292","title":{"rendered":"\u015e\u0259hidin yeni do\u011fulan qarda\u015f\u0131 sa\u011falaraq ev\u0259 burax\u0131l\u0131b &#8211; STM-d\u0259n a\u00e7\u0131qlama"},"content":{"rendered":"<div class=\"text-content\" data-id=\"\" data-url=\"\">\n<p><strong>Sumqay\u0131t Tibb M\u0259rk\u0259zinin n\u0259zdind\u0259 olan Sumqay\u0131t Perinatal M\u0259rk\u0259zin\u0259 t\u0259xliy\u0259 olunan V\u0259t\u0259n m\u00fcharib\u0259si \u015f\u0259hidi Araz Seyfullayevin yenido\u011fulan qarda\u015f\u0131 sa\u011falaraq ev\u0259 burax\u0131l\u0131b.<\/strong><\/p>\n<p><strong>Bu bar\u0259d\u0259 Musavat.com-a STM-in s\u00f6z\u00e7\u00fcs\u00fc Ramil Zeynall\u0131 m\u0259lumat verib.\u00a0<\/strong><\/p>\n<p><strong>04.06.2024-c\u00fc il tarixind\u0259 Masall\u0131 Rayon M\u0259rk\u0259zi X\u0259st\u0259xanas\u0131nda do\u011fulan k\u00f6rp\u0259 t\u0259n\u0259ff\u00fcs \u00e7at\u0131\u015fmazl\u0131\u011f\u0131 s\u0259b\u0259bil\u0259 Sumqay\u0131t Perinatal M\u0259rk\u0259zin\u0259 t\u0259xliy\u0259 olunub. Neonatal reanimasiya v\u0259 intensiv terapiya b\u00f6lm\u0259sin\u0259 yerl\u0259\u015fdiril\u0259n k\u00f6rp\u0259 s\u00fcni ventilyasiya aparat\u0131na qo\u015fulub.<\/strong><\/p>\n<p>K\u00f6rp\u0259d\u0259n z\u0259ruri m\u00fcayin\u0259l\u0259r g\u00f6t\u00fcr\u00fcl\u00fcb v\u0259 adekvat m\u00fcalic\u0259 t\u0259dbirl\u0259ri g\u00f6r\u00fcl\u00fcb. H\u0259kiml\u0259rin s\u0259yi n\u0259tic\u0259sind\u0259 sa\u011flaml\u0131\u011f\u0131na qovu\u015fan yenido\u011fulan sa\u011falaraq ev\u0259 burax\u0131l\u0131b.<\/p>\n<p>Qeyd ed\u0259k ki, 2001-ci il t\u0259v\u0259ll\u00fcdl\u00fc Araz Seyfullayev V\u0259t\u0259n m\u00fcharib\u0259si zaman\u0131 X\u00fcsusi T\u0259yinatl\u0131 Q\u00fcvv\u0259l\u0259rin t\u0259rkibind\u0259 F\u00fczuli v\u0259 C\u0259bray\u0131l rayonlar\u0131 istiqam\u0259tl\u0259rind\u0259 ged\u0259n d\u00f6y\u00fc\u015fl\u0259rd\u0259 i\u015ftirak edib. 4 oktyabr 2020-ci ild\u0259 \u015f\u0259hidlik zirv\u0259sin\u0259 ucal\u0131b.<\/p>\n<p>O, \u00f6l\u00fcm\u00fcnd\u0259n sonra \u201cV\u0259t\u0259n u\u011frunda\u201d, \u201cF\u00fczulinin azad olunmas\u0131\u201d v\u0259 \u201cC\u0259sur d\u00f6y\u00fc\u015f\u00e7\u00fc\u201d medallar\u0131 il\u0259 t\u0259ltif olunub.<\/p>\n<p>Musavat.com<\/p>\n<p>&nbsp;<\/p>\n<\/div>\n<div>\n<div class=\"form-group\"><img class=\"img-responsive\" src=\"https:\/\/cdn.musavat.com\/news\/images\/EM-FOTO\/74a4c3c2-f5f7-495b-8e55-ad5c61a1b0c5.jpg\" \/><\/div>\n<div class=\"form-group\"><img class=\"img-responsive\" src=\"https:\/\/cdn.musavat.com\/news\/images\/EM-FOTO\/6d06aaf7-131f-465a-a2c9-34c9cc05c2c8.jpg\" \/><\/div>\n<\/div>\n","protected":false},"excerpt":{"rendered":"<p>Sumqay\u0131t Tibb M\u0259rk\u0259zinin n\u0259zdind\u0259 olan Sumqay\u0131t Perinatal M\u0259rk\u0259zin\u0259 t\u0259xliy\u0259 olunan V\u0259t\u0259n m\u00fcharib\u0259si \u015f\u0259hidi Araz Seyfullayevin yenido\u011fulan qarda\u015f\u0131 sa\u011falaraq ev\u0259 burax\u0131l\u0131b. Bu bar\u0259d\u0259 Musavat.com-a STM-in s\u00f6z\u00e7\u00fcs\u00fc Ramil Zeynall\u0131 m\u0259lumat verib.\u00a0 04.06.2024-c\u00fc il tarixind\u0259 Masall\u0131 Rayon M\u0259rk\u0259zi X\u0259st\u0259xanas\u0131nda do\u011fulan k\u00f6rp\u0259 t\u0259n\u0259ff\u00fcs \u00e7at\u0131\u015fmazl\u0131\u011f\u0131 s\u0259b\u0259bil\u0259 Sumqay\u0131t Perinatal M\u0259rk\u0259zin\u0259 t\u0259xliy\u0259 olunub. Neonatal reanimasiya v\u0259 intensiv terapiya b\u00f6lm\u0259sin\u0259 yerl\u0259\u015fdiril\u0259n k\u00f6rp\u0259 s\u00fcni ventilyasiya aparat\u0131na qo\u015fulub. K\u00f6rp\u0259d\u0259n z\u0259ruri m\u00fcayin\u0259l\u0259r g\u00f6t\u00fcr\u00fcl\u00fcb v\u0259 adekvat m\u00fcalic\u0259 t\u0259dbirl\u0259ri g\u00f6r\u00fcl\u00fcb. H\u0259kiml\u0259rin s\u0259yi n\u0259tic\u0259sind\u0259 sa\u011flaml\u0131\u011f\u0131na qovu\u015fan yenido\u011fulan sa\u011falaraq ev\u0259 burax\u0131l\u0131b. Qeyd ed\u0259k ki, 2001-ci il t\u0259v\u0259ll\u00fcdl\u00fc Araz Seyfullayev V\u0259t\u0259n m\u00fcharib\u0259si zaman\u0131 X\u00fcsusi T\u0259yinatl\u0131 Q\u00fcvv\u0259l\u0259rin&hellip;<\/p>\n","protected":false},"author":2,"featured_media":731293,"comment_status":"closed","ping_status":"closed","sticky":false,"template":"","format":"standard","meta":{"om_disable_all_campaigns":false,"_monsterinsights_skip_tracking":false,"_monsterinsights_sitenote_active":false,"_monsterinsights_sitenote_note":"","_monsterinsights_sitenote_category":0},"categories":[1],"tags":[],"aioseo_notices":[],"gutentor_comment":0,"rttpg_featured_image_url":{"full":["https:\/\/arantv.az\/wp-content\/uploads\/2024\/06\/3a4eab10ef7a5a3b662d1f5eff95db93.jpg",870,500,false],"landscape":["https:\/\/arantv.az\/wp-content\/uploads\/2024\/06\/3a4eab10ef7a5a3b662d1f5eff95db93.jpg",870,500,false],"portraits":["https:\/\/arantv.az\/wp-content\/uploads\/2024\/06\/3a4eab10ef7a5a3b662d1f5eff95db93.jpg",870,500,false],"thumbnail":["https:\/\/arantv.az\/wp-content\/uploads\/2024\/06\/3a4eab10ef7a5a3b662d1f5eff95db93-500x280.jpg",500,280,true],"medium":["https:\/\/arantv.az\/wp-content\/uploads\/2024\/06\/3a4eab10ef7a5a3b662d1f5eff95db93-635x365.jpg",635,365,true],"large":["https:\/\/arantv.az\/wp-content\/uploads\/2024\/06\/3a4eab10ef7a5a3b662d1f5eff95db93-840x483.jpg",640,368,true],"1536x1536":["https:\/\/arantv.az\/wp-content\/uploads\/2024\/06\/3a4eab10ef7a5a3b662d1f5eff95db93.jpg",870,500,false],"2048x2048":["https:\/\/arantv.az\/wp-content\/uploads\/2024\/06\/3a4eab10ef7a5a3b662d1f5eff95db93.jpg",870,500,false],"post-thumbnail":["https:\/\/arantv.az\/wp-content\/uploads\/2024\/06\/3a4eab10ef7a5a3b662d1f5eff95db93-240x172.jpg",240,172,true],"advps-thumb-one":["https:\/\/arantv.az\/wp-content\/uploads\/2024\/06\/3a4eab10ef7a5a3b662d1f5eff95db93.jpg",870,500,false]},"rttpg_author":{"display_name":"V\u00fcsal Rafiqo\u011flu","author_link":"https:\/\/arantv.az\/?author=2"},"rttpg_comment":0,"rttpg_category":"<a href=\"https:\/\/arantv.az\/?cat=1\" rel=\"category\">C\u0259miyy\u0259t<\/a>","rttpg_excerpt":"Sumqay\u0131t Tibb M\u0259rk\u0259zinin n\u0259zdind\u0259 olan Sumqay\u0131t Perinatal M\u0259rk\u0259zin\u0259 t\u0259xliy\u0259 olunan V\u0259t\u0259n m\u00fcharib\u0259si \u015f\u0259hidi Araz Seyfullayevin yenido\u011fulan qarda\u015f\u0131 sa\u011falaraq ev\u0259 burax\u0131l\u0131b. Bu bar\u0259d\u0259 Musavat.com-a STM-in s\u00f6z\u00e7\u00fcs\u00fc Ramil Zeynall\u0131 m\u0259lumat verib.\u00a0 04.06.2024-c\u00fc il tarixind\u0259 Masall\u0131 Rayon M\u0259rk\u0259zi X\u0259st\u0259xanas\u0131nda do\u011fulan k\u00f6rp\u0259 t\u0259n\u0259ff\u00fcs \u00e7at\u0131\u015fmazl\u0131\u011f\u0131 s\u0259b\u0259bil\u0259 Sumqay\u0131t Perinatal M\u0259rk\u0259zin\u0259 t\u0259xliy\u0259 olunub. Neonatal reanimasiya v\u0259 intensiv terapiya b\u00f6lm\u0259sin\u0259 yerl\u0259\u015fdiril\u0259n k\u00f6rp\u0259 s\u00fcni&hellip;","_links":{"self":[{"href":"https:\/\/arantv.az\/index.php?rest_route=\/wp\/v2\/posts\/731292"}],"collection":[{"href":"https:\/\/arantv.az\/index.php?rest_route=\/wp\/v2\/posts"}],"about":[{"href":"https:\/\/arantv.az\/index.php?rest_route=\/wp\/v2\/types\/post"}],"author":[{"embeddable":true,"href":"https:\/\/arantv.az\/index.php?rest_route=\/wp\/v2\/users\/2"}],"replies":[{"embeddable":true,"href":"https:\/\/arantv.az\/index.php?rest_route=%2Fwp%2Fv2%2Fcomments&post=731292"}],"version-history":[{"count":0,"href":"https:\/\/arantv.az\/index.php?rest_route=\/wp\/v2\/posts\/731292\/revisions"}],"wp:featuredmedia":[{"embeddable":true,"href":"https:\/\/arantv.az\/index.php?rest_route=\/wp\/v2\/media\/731293"}],"wp:attachment":[{"href":"https:\/\/arantv.az\/index.php?rest_route=%2Fwp%2Fv2%2Fmedia&parent=731292"}],"wp:term":[{"taxonomy":"category","embeddable":true,"href":"https:\/\/arantv.az\/index.php?rest_route=%2Fwp%2Fv2%2Fcategories&post=731292"},{"taxonomy":"post_tag","embeddable":true,"href":"https:\/\/arantv.az\/index.php?rest_route=%2Fwp%2Fv2%2Ftags&post=731292"}],"curies":[{"name":"wp","href":"https:\/\/api.w.org\/{rel}","templated":true}]}}