{"id":731298,"date":"2024-06-20T18:10:31","date_gmt":"2024-06-20T14:10:31","guid":{"rendered":"https:\/\/arantv.az\/?p=731298"},"modified":"2024-06-20T18:10:31","modified_gmt":"2024-06-20T14:10:31","slug":"s%c9%99hiyy%c9%99-nazirliyind%c9%99-malyariyaya-son-t%c9%99skilatinin-r%c9%99hb%c9%99rliyi-il%c9%99-gorus-kecirilib","status":"publish","type":"post","link":"https:\/\/arantv.az\/?p=731298","title":{"rendered":"S\u0259hiyy\u0259 Nazirliyind\u0259 \u201cMalyariyaya son\u201d t\u0259\u015fkilat\u0131n\u0131n r\u0259hb\u0259rliyi il\u0259 g\u00f6r\u00fc\u015f ke\u00e7irilib"},"content":{"rendered":"<div class=\"text-content\" data-id=\"\" data-url=\"\">\n<p><strong>S\u0259hiyy\u0259 Nazirliyind\u0259 \u201cMalyariyaya son\u201d (\u201cMalaria No More\u201d) t\u0259\u015fkilat\u0131n\u0131n idar\u0259edici direktoru Kelli Uillis v\u0259 ba\u015f direktoru Martin Edlundla g\u00f6r\u00fc\u015f ke\u00e7irilib.<\/strong><\/p>\n<p>Bu bar\u0259d\u0259\u00a0<strong>Musavat.com<\/strong>-a nazirlikd\u0259n m\u0259lumat verilib.<\/p>\n<p>Bildirilib ki, qonaqlar\u0131 salamlayan s\u0259hiyy\u0259 naziri Teymur Musayev \u00f6t\u0259n ilin mart ay\u0131nda \u00dcmumd\u00fcnya S\u0259hiyy\u0259 T\u0259\u015fkilat\u0131 t\u0259r\u0259find\u0259n Az\u0259rbaycan\u0131 \u201cmalyariyadan azad\u201d \u00f6lk\u0259 kimi sertifikatla\u015fd\u0131r\u0131lmas\u0131n\u0131 xat\u0131rlad\u0131b. Onun s\u00f6zl\u0259rin\u0259 g\u00f6r\u0259, malyariya il\u0259 m\u00fcbariz\u0259d\u0259 u\u011fur, h\u0259m d\u0259 beyn\u0259lxalq t\u0259r\u0259fda\u015flar\u0131n uzun ill\u0259r h\u0259rt\u0259r\u0259fli d\u0259st\u0259yi say\u0259sind\u0259 m\u00fcmk\u00fcn olub.<\/p>\n<p>Nazir, h\u0259m\u00e7inin cari ilin noyabr\u0131nda BMT-nin \u0130qlim D\u0259yi\u015fm\u0259l\u0259ri \u00fczr\u0259 \u00c7\u0259r\u00e7iv\u0259 Konvensiyas\u0131n\u0131n T\u0259r\u0259fl\u0259r Konfrans\u0131n\u0131n 29-cu sessiyas\u0131na (COP29) \u00f6lk\u0259mizin ev sahibliyi ed\u0259c\u0259yini diqq\u0259t\u0259 \u00e7atd\u0131r\u0131b. Az\u0259rbaycanda d\u00f6vl\u0259t ba\u015f\u00e7\u0131s\u0131n\u0131n m\u00fcvafiq S\u0259r\u0259ncam\u0131 il\u0259 2024-c\u00fc ilin \u201cYa\u015f\u0131l d\u00fcnya namin\u0259 h\u0259mr\u0259ylik ili\u201d elan edilm\u0259sini vur\u011fulayan Teymur Musayev, cari ild\u0259 milli v\u0259 qlobal s\u0259viyy\u0259d\u0259 h\u0259yata ke\u00e7iril\u0259n bir s\u0131ra t\u0259dbirl\u0259rin iqlim d\u0259yi\u015fikliyinin m\u0259nfi t\u0259sirl\u0259rin\u0259 h\u0259sr olundu\u011funu bildirib. Nazir Bak\u0131da ke\u00e7iril\u0259n \u201cSa\u011flam G\u0259l\u0259c\u0259kl\u0259rin Proqnozla\u015fd\u0131r\u0131lmas\u0131\u201d Qlobal sammitinin iqlim d\u0259yi\u015fikliyi v\u0259 onun insan sa\u011flaml\u0131\u011f\u0131na t\u0259sirl\u0259rini m\u00fczakir\u0259 etm\u0259k \u00fc\u00e7\u00fcn u\u011furlu bir platforma oldu\u011funu qeyd edib. Eyni zamanda, sammitin iqlim sektorlar\u0131 \u00fczr\u0259 m\u00fct\u0259x\u0259ssisl\u0259rin \u0259m\u0259kda\u015fl\u0131\u011f\u0131 \u00fc\u00e7\u00fcn bir f\u00fcrs\u0259t oldu\u011fu diqq\u0259t\u0259 \u00e7atd\u0131r\u0131l\u0131b.<\/p>\n<p>\u00d6z n\u00f6vb\u0259sind\u0259 Kelli Uillis v\u0259 Martin Edlund Az\u0259rbaycan\u0131n \u00f6lk\u0259d\u0259 malyariya x\u0259st\u0259liyinin aradan qald\u0131r\u0131lmas\u0131 istiqam\u0259tind\u0259 h\u0259yata ke\u00e7irdiyi t\u0259dbirl\u0259ri y\u00fcks\u0259k qiym\u0259tl\u0259ndiribl\u0259r. \u201cMalyariyaya son\u201d t\u0259\u015fkilat\u0131n\u0131n r\u0259hb\u0259rliyi, h\u0259m\u00e7inin \u00f6lk\u0259mizi COP 29 kimi m\u00f6t\u0259b\u0259r t\u0259dbirin ev sahibliyin\u0259 se\u00e7ilm\u0259si m\u00fcnasib\u0259til\u0259 t\u0259brik edibl\u0259r. Onlar\u0131n s\u00f6zl\u0259rin\u0259 g\u00f6r\u0259, Az\u0259rbaycan\u0131n COP29-un ev sahibi olaraq s\u0259hiyy\u0259ni iqlim siyas\u0259tinin vacib hiss\u0259si kimi ir\u0259li \u00e7\u0259km\u0259k v\u0259 investisiya g\u00fcnd\u0259liyini t\u0259\u015fviq etm\u0259k imkan\u0131 var. H\u0259m\u00e7inin, Bak\u0131da ke\u00e7iril\u0259n \u201cSa\u011flam G\u0259l\u0259c\u0259kl\u0259rin Proqnozla\u015fd\u0131r\u0131lmas\u0131\u201d Qlobal sammitinin \u0259h\u0259miyy\u0259ti qeyd olunub.<br \/>\nSonda qar\u015f\u0131l\u0131ql\u0131 maraq do\u011furan dig\u0259r m\u0259s\u0259l\u0259l\u0259r \u0259traf\u0131nda fikir m\u00fcbadil\u0259si apar\u0131l\u0131b.<\/p>\n<\/div>\n<div>\n<div class=\"form-group\"><img class=\"img-responsive\" src=\"https:\/\/cdn.musavat.com\/news\/images\/football%20nazim\/sabahinidmanyazisi_saskilfoto3olacaq_71kbqizm\/NewFolder\/o1.jpg\" \/><\/div>\n<\/div>\n<div><\/div>\n<div class=\"inner-social-box\">\n<div class=\"subs-in-social subs-whatsapp\"><\/div>\n<\/div>\n","protected":false},"excerpt":{"rendered":"<p>S\u0259hiyy\u0259 Nazirliyind\u0259 \u201cMalyariyaya son\u201d (\u201cMalaria No More\u201d) t\u0259\u015fkilat\u0131n\u0131n idar\u0259edici direktoru Kelli Uillis v\u0259 ba\u015f direktoru Martin Edlundla g\u00f6r\u00fc\u015f ke\u00e7irilib. Bu bar\u0259d\u0259\u00a0Musavat.com-a nazirlikd\u0259n m\u0259lumat verilib. Bildirilib ki, qonaqlar\u0131 salamlayan s\u0259hiyy\u0259 naziri Teymur Musayev \u00f6t\u0259n ilin mart ay\u0131nda \u00dcmumd\u00fcnya S\u0259hiyy\u0259 T\u0259\u015fkilat\u0131 t\u0259r\u0259find\u0259n Az\u0259rbaycan\u0131 \u201cmalyariyadan azad\u201d \u00f6lk\u0259 kimi sertifikatla\u015fd\u0131r\u0131lmas\u0131n\u0131 xat\u0131rlad\u0131b. Onun s\u00f6zl\u0259rin\u0259 g\u00f6r\u0259, malyariya il\u0259 m\u00fcbariz\u0259d\u0259 u\u011fur, h\u0259m d\u0259 beyn\u0259lxalq t\u0259r\u0259fda\u015flar\u0131n uzun ill\u0259r h\u0259rt\u0259r\u0259fli d\u0259st\u0259yi say\u0259sind\u0259 m\u00fcmk\u00fcn olub. Nazir, h\u0259m\u00e7inin cari ilin noyabr\u0131nda BMT-nin \u0130qlim D\u0259yi\u015fm\u0259l\u0259ri \u00fczr\u0259 \u00c7\u0259r\u00e7iv\u0259 Konvensiyas\u0131n\u0131n T\u0259r\u0259fl\u0259r Konfrans\u0131n\u0131n 29-cu sessiyas\u0131na (COP29) \u00f6lk\u0259mizin ev sahibliyi ed\u0259c\u0259yini diqq\u0259t\u0259 \u00e7atd\u0131r\u0131b. Az\u0259rbaycanda d\u00f6vl\u0259t ba\u015f\u00e7\u0131s\u0131n\u0131n&hellip;<\/p>\n","protected":false},"author":2,"featured_media":731299,"comment_status":"closed","ping_status":"closed","sticky":false,"template":"","format":"standard","meta":{"om_disable_all_campaigns":false,"_monsterinsights_skip_tracking":false,"_monsterinsights_sitenote_active":false,"_monsterinsights_sitenote_note":"","_monsterinsights_sitenote_category":0},"categories":[1],"tags":[],"aioseo_notices":[],"gutentor_comment":0,"rttpg_featured_image_url":{"full":["https:\/\/arantv.az\/wp-content\/uploads\/2024\/06\/a6d2ecb55316e3d6a44889dde573d96c.jpg",870,500,false],"landscape":["https:\/\/arantv.az\/wp-content\/uploads\/2024\/06\/a6d2ecb55316e3d6a44889dde573d96c.jpg",870,500,false],"portraits":["https:\/\/arantv.az\/wp-content\/uploads\/2024\/06\/a6d2ecb55316e3d6a44889dde573d96c.jpg",870,500,false],"thumbnail":["https:\/\/arantv.az\/wp-content\/uploads\/2024\/06\/a6d2ecb55316e3d6a44889dde573d96c-500x280.jpg",500,280,true],"medium":["https:\/\/arantv.az\/wp-content\/uploads\/2024\/06\/a6d2ecb55316e3d6a44889dde573d96c-635x365.jpg",635,365,true],"large":["https:\/\/arantv.az\/wp-content\/uploads\/2024\/06\/a6d2ecb55316e3d6a44889dde573d96c-840x483.jpg",640,368,true],"1536x1536":["https:\/\/arantv.az\/wp-content\/uploads\/2024\/06\/a6d2ecb55316e3d6a44889dde573d96c.jpg",870,500,false],"2048x2048":["https:\/\/arantv.az\/wp-content\/uploads\/2024\/06\/a6d2ecb55316e3d6a44889dde573d96c.jpg",870,500,false],"post-thumbnail":["https:\/\/arantv.az\/wp-content\/uploads\/2024\/06\/a6d2ecb55316e3d6a44889dde573d96c-240x172.jpg",240,172,true],"advps-thumb-one":["https:\/\/arantv.az\/wp-content\/uploads\/2024\/06\/a6d2ecb55316e3d6a44889dde573d96c.jpg",870,500,false]},"rttpg_author":{"display_name":"V\u00fcsal Rafiqo\u011flu","author_link":"https:\/\/arantv.az\/?author=2"},"rttpg_comment":0,"rttpg_category":"<a href=\"https:\/\/arantv.az\/?cat=1\" rel=\"category\">C\u0259miyy\u0259t<\/a>","rttpg_excerpt":"S\u0259hiyy\u0259 Nazirliyind\u0259 \u201cMalyariyaya son\u201d (\u201cMalaria No More\u201d) t\u0259\u015fkilat\u0131n\u0131n idar\u0259edici direktoru Kelli Uillis v\u0259 ba\u015f direktoru Martin Edlundla g\u00f6r\u00fc\u015f ke\u00e7irilib. Bu bar\u0259d\u0259\u00a0Musavat.com-a nazirlikd\u0259n m\u0259lumat verilib. Bildirilib ki, qonaqlar\u0131 salamlayan s\u0259hiyy\u0259 naziri Teymur Musayev \u00f6t\u0259n ilin mart ay\u0131nda \u00dcmumd\u00fcnya S\u0259hiyy\u0259 T\u0259\u015fkilat\u0131 t\u0259r\u0259find\u0259n Az\u0259rbaycan\u0131 \u201cmalyariyadan azad\u201d \u00f6lk\u0259 kimi sertifikatla\u015fd\u0131r\u0131lmas\u0131n\u0131 xat\u0131rlad\u0131b. Onun s\u00f6zl\u0259rin\u0259 g\u00f6r\u0259, malyariya il\u0259 m\u00fcbariz\u0259d\u0259 u\u011fur, h\u0259m&hellip;","_links":{"self":[{"href":"https:\/\/arantv.az\/index.php?rest_route=\/wp\/v2\/posts\/731298"}],"collection":[{"href":"https:\/\/arantv.az\/index.php?rest_route=\/wp\/v2\/posts"}],"about":[{"href":"https:\/\/arantv.az\/index.php?rest_route=\/wp\/v2\/types\/post"}],"author":[{"embeddable":true,"href":"https:\/\/arantv.az\/index.php?rest_route=\/wp\/v2\/users\/2"}],"replies":[{"embeddable":true,"href":"https:\/\/arantv.az\/index.php?rest_route=%2Fwp%2Fv2%2Fcomments&post=731298"}],"version-history":[{"count":0,"href":"https:\/\/arantv.az\/index.php?rest_route=\/wp\/v2\/posts\/731298\/revisions"}],"wp:featuredmedia":[{"embeddable":true,"href":"https:\/\/arantv.az\/index.php?rest_route=\/wp\/v2\/media\/731299"}],"wp:attachment":[{"href":"https:\/\/arantv.az\/index.php?rest_route=%2Fwp%2Fv2%2Fmedia&parent=731298"}],"wp:term":[{"taxonomy":"category","embeddable":true,"href":"https:\/\/arantv.az\/index.php?rest_route=%2Fwp%2Fv2%2Fcategories&post=731298"},{"taxonomy":"post_tag","embeddable":true,"href":"https:\/\/arantv.az\/index.php?rest_route=%2Fwp%2Fv2%2Ftags&post=731298"}],"curies":[{"name":"wp","href":"https:\/\/api.w.org\/{rel}","templated":true}]}}