{"id":731319,"date":"2024-06-20T18:16:25","date_gmt":"2024-06-20T14:16:25","guid":{"rendered":"https:\/\/arantv.az\/?p=731319"},"modified":"2024-06-20T18:16:25","modified_gmt":"2024-06-20T14:16:25","slug":"demaqogiya-v%c9%99-ucuz-populizmin-qarsisini-alan-siyasi-maarifl%c9%99ndirm%c9%99-2","status":"publish","type":"post","link":"https:\/\/arantv.az\/?p=731319","title":{"rendered":"Demaqogiya v\u0259 ucuz populizmin qar\u015f\u0131s\u0131n\u0131 alan siyasi maarifl\u0259ndirm\u0259"},"content":{"rendered":"<p><em><strong>Elm siyas\u0259td\u0259 ucuz populizm v\u0259 demaqogiyan\u0131n qar\u015f\u0131s\u0131n\u0131 ala bil\u0259c\u0259k \u0259n optimal vasit\u0259dir. Elmsizlik m\u00fchiti is\u0259 siyas\u0259td\u0259 h\u0259qiq\u0259ti t\u0259hrif edir v\u0259 yanl\u0131\u015f stereotipl\u0259rin formala\u015fmas\u0131na s\u0259b\u0259b olur. Odur ki, m\u00fcasir d\u00f6vrd\u0259 siyasi maarifl\u0259ndirm\u0259ni bilavasit\u0259 demokratik d\u0259y\u0259rl\u0259rin t\u0259zah\u00fcr\u00fc kimi q\u0259bul etm\u0259k laz\u0131md\u0131r. \u201cMaarifl\u0259ndirm\u0259\u201d s\u00f6z\u00fc h\u0259r n\u0259 q\u0259d\u0259r k\u00f6hn\u0259ls\u0259 d\u0259, s\u00f6z\u00fcged\u0259n m\u0259fhumun \u0259h\u0259miyy\u0259ti v\u0259 aktuall\u0131\u011f\u0131 \u0259b\u0259didir. Siyasi maarifl\u0259ndirm\u0259 m\u00fcasir c\u0259miyy\u0259tl\u0259rd\u0259 ictimai ay\u0131q-say\u0131ql\u0131\u011f\u0131 t\u0259min etm\u0259k iqtidar\u0131nda olan \u0259sas amill\u0259rd\u0259ndir. \u0130nformasiya bollu\u011fu, internetin \u0259l\u00e7atanl\u0131\u011f\u0131 v\u0259 b\u0259z\u0259n virtual m\u0259kanda ya\u015fanan \u201cv\u0259h\u015fi demokratiya\u201d m\u00fchiti v\u0259t\u0259nda\u015flar\u0131n ictimai ay\u0131q-say\u0131ql\u0131\u011f\u0131n\u0131n qorunmas\u0131n\u0131 vacib edir. Unutmayaq ki, m\u0259hz bu amil, eyni zamanda \u00f6lk\u0259d\u0259 siyasi sabitliyi \u015f\u0259rtl\u0259ndir\u0259n \u00f6n\u0259mli meyard\u0131r.<\/strong><\/em><\/p>\n<p>Siyasi maarifl\u0259ndirm\u0259 kontekstind\u0259 h\u0259ssas hesab olunan bir m\u0259qam x\u00fcsusi olaraq vur\u011fulanmal\u0131d\u0131r. Bel\u0259 ki, \u0259halinin siyasi maarifl\u0259ndirilm\u0259sind\u0259 maraql\u0131 t\u0259r\u0259f ilk n\u00f6vb\u0259d\u0259 iqtidar oldu\u011fu halda, radikal m\u00fcxalif\u0259t is\u0259 \u0259ksin\u0259, informasiya xaosunun mara\u011f\u0131ndad\u0131r. Ax\u0131, informasiya xaosu q\u0259r\u0259zli manipulyasiyalar \u00fc\u00e7\u00fcn \u0259lveri\u015fli \u015f\u0259rait yarad\u0131r. Odur ki, \u0259halinin siyasi maarifl\u0259ndirilm\u0259sind\u0259 maraql\u0131 t\u0259r\u0259f ilk n\u00f6vb\u0259d\u0259 m\u0259hz iqtidard\u0131r. V\u0259 t\u0259sad\u00fcfi deyil ki, m\u0259hz el\u0259 buna g\u00f6r\u0259 d\u0259 m\u00fch\u00fcm siyasi hadis\u0259l\u0259rl\u0259 ba\u011fl\u0131 \u00f6n\u0259mli mesaj v\u0259 \u015f\u0259rhl\u0259ri c\u0259miyy\u0259t\u0259 bilavasit\u0259 Prezident \u0130lham \u018fliyev \u00f6z\u00fc verir. Obyektivlik namin\u0259 qeyd olunmal\u0131d\u0131r ki, \u00f6lk\u0259nin siyasi ritorikas\u0131n\u0131n m\u0259zmununu bilavasit\u0259 Prezident \u0130lham \u018fliyevin \u00e7\u0131x\u0131\u015f v\u0259 m\u00fcsahib\u0259l\u0259ri m\u00fc\u0259yy\u0259n edir. S\u00f6z\u00fcged\u0259n amil n\u00f6vb\u0259ti d\u0259f\u0259 \u00f6lk\u0259mizd\u0259 siyasi maarifl\u0259ndirm\u0259nin m\u00fcst\u0259sna \u0259h\u0259miyy\u0259tind\u0259n x\u0259b\u0259r verir.<\/p>\n<p>Dig\u0259r t\u0259r\u0259fd\u0259n is\u0259 qlobal g\u00fccl\u0259rin ideoloji silah\u0131na \u00e7evrilmi\u015f s\u0259rb\u0259st internetin say\u0259sind\u0259 \u201ci\u015f\u0131q s\u00fcr\u0259ti\u201d il\u0259 yay\u0131lan m\u0259suliyy\u0259tsiz, pe\u015f\u0259karl\u0131qdan uzaq olan q\u0259r\u0259zli \u015f\u0259rhl\u0259r v\u0259 h\u0259qiq\u0259ti \u0259ks etdirm\u0259y\u0259n informasiyalar s\u0259b\u0259bind\u0259n \u0259halinin ictimai \u015f\u00fcurunda d\u0259y\u0259rl\u0259r, o c\u00fcml\u0259d\u0259n siyasi d\u0259y\u0259rl\u0259r t\u0259hrif olunur. \u018fhalinin ictimai \u015f\u00fcuru \u201czombil\u0259\u015fir\u201d, ya\u015fanan hadis\u0259l\u0259r is\u0259 yaln\u0131z \u201ca\u011f\u201d v\u0259 \u201cqara\u201d r\u0259ngl\u0259rl\u0259 t\u0259svir olunur. Art\u0131q he\u00e7 kim\u0259 sirr deyil ki, informasiya m\u00fcst\u0259visind\u0259 apar\u0131lan m\u00fcharib\u0259l\u0259r daha sonra real h\u0259rbi toqqu\u015fmalara da g\u0259tirib \u00e7\u0131xarda bilir.<\/p>\n<p>Odur ki, h\u0259r bir s\u0131ravi v\u0259t\u0259nda\u015f\u0131n ictimai t\u0259f\u0259kk\u00fcr\u00fcnd\u0259 konkret siyasi hadis\u0259 il\u0259 ba\u011fl\u0131 obyektiv t\u0259s\u0259vv\u00fcrl\u0259rinin ya\u015fanmas\u0131 \u00fc\u00e7\u00fcn siyasi maarifl\u0259ndirm\u0259 amilinin rolu \u0259v\u0259zolunmazd\u0131r. Bilavasit\u0259 d\u00f6vl\u0259tin \u00fcnvanl\u0131 t\u0259\u015f\u0259bb\u00fcsl\u0259ri il\u0259 s\u00f6z\u00fcged\u0259n istiqam\u0259td\u0259 apar\u0131lan maarifl\u0259ndirm\u0259 i\u015fl\u0259ri v\u0259t\u0259nda\u015flar\u0131 yanl\u0131\u015f v\u0259 t\u0259hl\u00fck\u0259li add\u0131mlardan s\u0131\u011fortalay\u0131r, habel\u0259 g\u00fcnahs\u0131z v\u0259t\u0259nda\u015f\u0131n xain q\u00fcvv\u0259l\u0259rinin m\u0259krli oyunlarda al\u0259t kimi istifad\u0259 olunmas\u0131n\u0131n qar\u015f\u0131s\u0131n\u0131 al\u0131r.<\/p>\n<p>B\u0259li, onu da unutmamal\u0131y\u0131q ki, \u0259halinin siyasi maarifl\u0259ndirilm\u0259si prosesind\u0259 m\u0259tbuat\u0131n, siyasi \u015f\u0259rh\u00e7il\u0259rin, el\u0259c\u0259 d\u0259 aliml\u0259rin rolu dan\u0131lmazd\u0131r. T\u0259sad\u00fcfi deyil ki, son d\u00f6vrl\u0259rd\u0259 \u00f6lk\u0259nin informasiya kontentinin formala\u015fmas\u0131 prosesind\u0259 alim v\u0259 politoloqlar\u0131n rolu hiss olunacaq d\u0259r\u0259c\u0259d\u0259 artmaqdad\u0131r. \u018flb\u0259tt\u0259 ki, s\u00f6z\u00fcged\u0259n proses yaln\u0131z ali siyasi irad\u0259nin m\u00f6vcudlu\u011funun n\u0259tic\u0259sidir. \u0130stisna olunmur ki, m\u0259hz siyasi t\u0259hlil v\u0259 obyektiv \u015f\u0259rhl\u0259rin say\u0131n\u0131n artmas\u0131 fakt\u0131 xarici q\u00fcvv\u0259l\u0259rin \u0259ll\u0259rind\u0259 \u201cmarionet kukla\u201d kimi istifad\u0259 olunan xainl\u0259rin siyasi ritorikalar\u0131n\u0131n daha da \u201caz\u011f\u0131nla\u015fmas\u0131n\u0131n\u201d s\u0259b\u0259bidir. \u00c7\u00fcnki k\u00fctl\u0259vi \u015f\u0259kild\u0259 apar\u0131lan siyasi maarifl\u0259ndirm\u0259 prosesl\u0259ri populizm v\u0259 demaqogiyan\u0131 if\u015fa edir. \u018fhalinin ay\u0131q-say\u0131ql\u0131\u011f\u0131 is\u0259 insanlar\u0131 sad\u0259c\u0259 siyasi al\u0259t kimi istifad\u0259 olunmas\u0131n\u0131 m\u00fcmk\u00fcns\u00fcz edir.<\/p>\n<p>Qeyd olunanlar m\u00fcst\u0259visind\u0259 COP29 kimi m\u00f6t\u0259b\u0259r t\u0259dbirin Bak\u0131da ke\u00e7irilm\u0259si il\u0259 \u0259laq\u0259dar dola\u015fan manipulyasiya xarakterli q\u0259r\u0259zli m\u0259lumatlara x\u00fcsusi olaraq toxunmal\u0131y\u0131q. \u0130lk n\u00f6vb\u0259d\u0259 onu vur\u011fulamal\u0131y\u0131q ki, BMT-nin \u0130qlim D\u0259yi\u015fm\u0259l\u0259ri \u00fczr\u0259 \u00c7\u0259r\u00e7iv\u0259 Konvensiyas\u0131n\u0131n T\u0259r\u0259fl\u0259r Konfrans\u0131n\u0131n 29-cu sessiyas\u0131 \u2013 COP29 kimi qlobal t\u0259dbirin Az\u0259rbaycanda ke\u00e7irilm\u0259si il\u0259 \u0259laq\u0259dar yekdil q\u0259rar\u0131n verilm\u0259si fakt\u0131 beyn\u0259lxalq ictimaiyy\u0259t t\u0259r\u0259find\u0259n Az\u0259rbaycana b\u00f6y\u00fck h\u00f6rm\u0259t v\u0259 etimad\u0131n, el\u0259c\u0259 d\u0259 \u00f6lk\u0259mizin milli, regional v\u0259 qlobal s\u0259viyy\u0259d\u0259 \u0259traf m\u00fchitin qorunmas\u0131, iqlim d\u0259yi\u015fm\u0259l\u0259rinin qar\u015f\u0131s\u0131n\u0131n al\u0131nmas\u0131 i\u015fin\u0259 t\u00f6hf\u0259sinin t\u0259qdir olunmas\u0131n\u0131n bariz n\u00fcmun\u0259sidir. \u018flb\u0259tt\u0259 ki, s\u00f6z\u00fcged\u0259n t\u0259dbirin Az\u0259rbaycanda ke\u00e7irilm\u0259si eyni zamanda Prezident \u0130lham \u018fliyevinin artan beyn\u0259lxalq n\u00fcfuzunun t\u0259c\u0259ss\u00fcm\u00fcd\u00fcr. Odur ki, q\u0259r\u0259zli t\u0259nqidl\u0259rin \u0259sas s\u0259b\u0259bl\u0259rind\u0259n biri m\u0259hz qeyd olunan amildir.<\/p>\n<p>Prezident \u0130lham \u018fliyevin d\u00f6vl\u0259t siyas\u0259tinin \u0259sas x\u00fcsusiyy\u0259tl\u0259rini t\u0259hlil ed\u0259n zaman biz a\u015fkar \u015f\u0259kild\u0259 g\u00f6r\u0259 bil\u0259rik ki, Az\u0259rbaycan\u0131n d\u00fcnyada q\u0259bul olunmu\u015f n\u00fcfuzlu beyn\u0259lxalq platformaya \u00e7evrilm\u0259si d\u00f6vl\u0259t ba\u015f\u00e7\u0131n\u0131n strateji prioritetidir. S\u00f6z\u00fcged\u0259n h\u0259d\u0259f\u0259 nail olmaq \u00fc\u00e7\u00fcn \u00f6t\u0259n ill\u0259r \u0259rzind\u0259 m\u00fcxt\u0259lif istiqam\u0259tl\u0259rd\u0259 m\u0259qs\u0259dy\u00f6nl\u00fc i\u015fl\u0259r apar\u0131lm\u0131\u015fd\u0131r: siyas\u0259t, iqtisadiyyat, diplomatiya, ikit\u0259r\u0259fli v\u0259 \u00e7oxt\u0259r\u0259fli m\u00fcnasib\u0259tl\u0259r, idman, humanitar m\u00fcst\u0259vid\u0259 \u0259m\u0259kda\u015fl\u0131q v\u0259 s. Ham\u0131m\u0131z Prezident \u0130lham \u018fliyevin h\u0259r bir n\u00f6vb\u0259ti beyn\u0259lxalq t\u0259\u015f\u0259bb\u00fcs\u00fc \u0259traf\u0131nda q\u0131sqancl\u0131q s\u0259b\u0259bind\u0259n q\u0259r\u0259zli manipulyasiyalar apar\u0131lmas\u0131n\u0131n d\u0259f\u0259l\u0259rl\u0259 \u015fahidi olmu\u015fuq. Ancaq zaman ke\u00e7dikc\u0259 h\u0259min t\u0259\u015f\u0259bb\u00fcsl\u0259rin \u0259h\u0259miyy\u0259tini v\u0259 rentabelliyini g\u00f6r\u0259nd\u0259n sonra t\u0259nqid ed\u0259n t\u0259r\u0259fl\u0259r bel\u0259 h\u0259min t\u0259\u015f\u0259bb\u00fcsl\u0259rin i\u015ftirak\u00e7\u0131lar\u0131 siyah\u0131s\u0131na daxil olmaq \u00fc\u00e7\u00fcn c\u0259hdl\u0259rini art\u0131rd\u0131lar.<\/p>\n<p>D\u00fcnyada ba\u015f ver\u0259n hadis\u0259l\u0259r, c\u0259r\u0259yan ed\u0259n m\u00fcxt\u0259lif prosesl\u0259r, m\u00fc\u015fahid\u0259 olunan tendensiyalar v\u0259 t\u00fc\u011fyan ed\u0259n beyn\u0259lxalq riyakarl\u0131q onu dem\u0259y\u0259 \u0259sas verir ki, h\u0259tta iqtisadi v\u0259 h\u0259rbi potensial bel\u0259 konkret d\u00f6vl\u0259ti \u201csuper g\u00fccl\u0259rin\u201d geosiyasi strategiyalar\u0131ndan xilas ed\u0259 bilmir. \u018fksin\u0259, artan potensial d\u00f6vl\u0259ti h\u0259min \u201cg\u00fccl\u0259rin\u201din h\u0259d\u0259fin\u0259 \u00e7evrilm\u0259sin\u0259 s\u0259b\u0259b olur. Ona g\u00f6r\u0259 d\u0259 m\u00fcasir beyn\u0259lxalq m\u00fcnasib\u0259tl\u0259r sisteminin x\u00fcsusiyy\u0259tl\u0259rini n\u0259z\u0259r\u0259 alaraq dey\u0259 bil\u0259rik ki, yaln\u0131z d\u00fcnya \u00fc\u00e7\u00fcn laz\u0131ml\u0131l\u0131\u011f\u0131n\u0131 s\u00fcbut etm\u0259kl\u0259 d\u00f6vl\u0259ti \u201csuper g\u00fccl\u0259rin\u201d \u201cy\u0131rt\u0131c\u0131\u201d m\u0259zmunlu maraqlar\u0131ndan qorumaq m\u00fcmk\u00fcnd\u00fcr.<\/p>\n<p>COP29-un Az\u0259rbaycanda ke\u00e7irilm\u0259si eyni zamanda m\u0259hz s\u00f6z\u00fcged\u0259n m\u00fch\u00fcm h\u0259d\u0259f\u0259 xidm\u0259t edir. Odur ki, bu c\u00fcr m\u00f6ht\u0259\u015f\u0259m t\u0259dbirl\u0259rin Az\u0259rbaycanda ke\u00e7irilm\u0259si il\u0259 ba\u011fl\u0131 ist\u0259nil\u0259n q\u0259r\u0259zli informasiya \u201cd\u0259l\u0259duzlu\u011fu\u201d yaln\u0131z d\u00fc\u015fm\u0259nin \u0259lin\u0259 su t\u00f6km\u0259k kimidir. Prezident \u0130lham \u018fliyevin t\u0259\u015f\u0259bb\u00fcsl\u0259ri \u00f6lk\u0259ni s\u00f6z\u00fcn h\u0259rfi m\u0259nas\u0131nda \u0259h\u0259miyy\u0259tli beyn\u0259lxalq platformaya \u00e7evirir. Bu c\u00fcr siyas\u0259t Az\u0259rbaycan\u0131 siyasi seysmiklikd\u0259n qoruyan v\u0259 g\u0259l\u0259c\u0259y\u0259 xidm\u0259t ed\u0259n \u0259n b\u00f6y\u00fck s\u0259rmay\u0259dir.<\/p>\n<p><em><strong>Asif Adil,<br \/>\npolitoloq<\/strong><\/em><\/p>\n","protected":false},"excerpt":{"rendered":"<p>Elm siyas\u0259td\u0259 ucuz populizm v\u0259 demaqogiyan\u0131n qar\u015f\u0131s\u0131n\u0131 ala bil\u0259c\u0259k \u0259n optimal vasit\u0259dir. Elmsizlik m\u00fchiti is\u0259 siyas\u0259td\u0259 h\u0259qiq\u0259ti t\u0259hrif edir v\u0259 yanl\u0131\u015f stereotipl\u0259rin formala\u015fmas\u0131na s\u0259b\u0259b olur. Odur ki, m\u00fcasir d\u00f6vrd\u0259 siyasi maarifl\u0259ndirm\u0259ni bilavasit\u0259 demokratik d\u0259y\u0259rl\u0259rin t\u0259zah\u00fcr\u00fc kimi q\u0259bul etm\u0259k laz\u0131md\u0131r. \u201cMaarifl\u0259ndirm\u0259\u201d s\u00f6z\u00fc h\u0259r n\u0259 q\u0259d\u0259r k\u00f6hn\u0259ls\u0259 d\u0259, s\u00f6z\u00fcged\u0259n m\u0259fhumun \u0259h\u0259miyy\u0259ti v\u0259 aktuall\u0131\u011f\u0131 \u0259b\u0259didir. Siyasi maarifl\u0259ndirm\u0259 m\u00fcasir c\u0259miyy\u0259tl\u0259rd\u0259 ictimai ay\u0131q-say\u0131ql\u0131\u011f\u0131 t\u0259min etm\u0259k iqtidar\u0131nda olan \u0259sas amill\u0259rd\u0259ndir. \u0130nformasiya bollu\u011fu, internetin \u0259l\u00e7atanl\u0131\u011f\u0131 v\u0259 b\u0259z\u0259n virtual m\u0259kanda ya\u015fanan \u201cv\u0259h\u015fi demokratiya\u201d m\u00fchiti v\u0259t\u0259nda\u015flar\u0131n ictimai ay\u0131q-say\u0131ql\u0131\u011f\u0131n\u0131n qorunmas\u0131n\u0131 vacib edir. Unutmayaq ki, m\u0259hz bu amil, eyni zamanda \u00f6lk\u0259d\u0259&hellip;<\/p>\n","protected":false},"author":2,"featured_media":731320,"comment_status":"closed","ping_status":"closed","sticky":false,"template":"","format":"standard","meta":{"om_disable_all_campaigns":false,"_monsterinsights_skip_tracking":false,"_monsterinsights_sitenote_active":false,"_monsterinsights_sitenote_note":"","_monsterinsights_sitenote_category":0},"categories":[19],"tags":[],"aioseo_notices":[],"gutentor_comment":0,"rttpg_featured_image_url":{"full":["https:\/\/arantv.az\/wp-content\/uploads\/2024\/06\/e9257036171889070896261966610775443.jpg",975,540,false],"landscape":["https:\/\/arantv.az\/wp-content\/uploads\/2024\/06\/e9257036171889070896261966610775443.jpg",975,540,false],"portraits":["https:\/\/arantv.az\/wp-content\/uploads\/2024\/06\/e9257036171889070896261966610775443.jpg",975,540,false],"thumbnail":["https:\/\/arantv.az\/wp-content\/uploads\/2024\/06\/e9257036171889070896261966610775443-500x280.jpg",500,280,true],"medium":["https:\/\/arantv.az\/wp-content\/uploads\/2024\/06\/e9257036171889070896261966610775443-660x365.jpg",660,365,true],"large":["https:\/\/arantv.az\/wp-content\/uploads\/2024\/06\/e9257036171889070896261966610775443-840x465.jpg",640,354,true],"1536x1536":["https:\/\/arantv.az\/wp-content\/uploads\/2024\/06\/e9257036171889070896261966610775443.jpg",975,540,false],"2048x2048":["https:\/\/arantv.az\/wp-content\/uploads\/2024\/06\/e9257036171889070896261966610775443.jpg",975,540,false],"post-thumbnail":["https:\/\/arantv.az\/wp-content\/uploads\/2024\/06\/e9257036171889070896261966610775443-240x172.jpg",240,172,true],"advps-thumb-one":["https:\/\/arantv.az\/wp-content\/uploads\/2024\/06\/e9257036171889070896261966610775443.jpg",975,540,false]},"rttpg_author":{"display_name":"V\u00fcsal Rafiqo\u011flu","author_link":"https:\/\/arantv.az\/?author=2"},"rttpg_comment":0,"rttpg_category":"<a href=\"https:\/\/arantv.az\/?cat=19\" rel=\"category\">G\u00fcnd\u0259m<\/a>","rttpg_excerpt":"Elm siyas\u0259td\u0259 ucuz populizm v\u0259 demaqogiyan\u0131n qar\u015f\u0131s\u0131n\u0131 ala bil\u0259c\u0259k \u0259n optimal vasit\u0259dir. Elmsizlik m\u00fchiti is\u0259 siyas\u0259td\u0259 h\u0259qiq\u0259ti t\u0259hrif edir v\u0259 yanl\u0131\u015f stereotipl\u0259rin formala\u015fmas\u0131na s\u0259b\u0259b olur. Odur ki, m\u00fcasir d\u00f6vrd\u0259 siyasi maarifl\u0259ndirm\u0259ni bilavasit\u0259 demokratik d\u0259y\u0259rl\u0259rin t\u0259zah\u00fcr\u00fc kimi q\u0259bul etm\u0259k laz\u0131md\u0131r. \u201cMaarifl\u0259ndirm\u0259\u201d s\u00f6z\u00fc h\u0259r n\u0259 q\u0259d\u0259r k\u00f6hn\u0259ls\u0259 d\u0259, s\u00f6z\u00fcged\u0259n m\u0259fhumun \u0259h\u0259miyy\u0259ti v\u0259 aktuall\u0131\u011f\u0131 \u0259b\u0259didir. Siyasi maarifl\u0259ndirm\u0259 m\u00fcasir&hellip;","_links":{"self":[{"href":"https:\/\/arantv.az\/index.php?rest_route=\/wp\/v2\/posts\/731319"}],"collection":[{"href":"https:\/\/arantv.az\/index.php?rest_route=\/wp\/v2\/posts"}],"about":[{"href":"https:\/\/arantv.az\/index.php?rest_route=\/wp\/v2\/types\/post"}],"author":[{"embeddable":true,"href":"https:\/\/arantv.az\/index.php?rest_route=\/wp\/v2\/users\/2"}],"replies":[{"embeddable":true,"href":"https:\/\/arantv.az\/index.php?rest_route=%2Fwp%2Fv2%2Fcomments&post=731319"}],"version-history":[{"count":0,"href":"https:\/\/arantv.az\/index.php?rest_route=\/wp\/v2\/posts\/731319\/revisions"}],"wp:featuredmedia":[{"embeddable":true,"href":"https:\/\/arantv.az\/index.php?rest_route=\/wp\/v2\/media\/731320"}],"wp:attachment":[{"href":"https:\/\/arantv.az\/index.php?rest_route=%2Fwp%2Fv2%2Fmedia&parent=731319"}],"wp:term":[{"taxonomy":"category","embeddable":true,"href":"https:\/\/arantv.az\/index.php?rest_route=%2Fwp%2Fv2%2Fcategories&post=731319"},{"taxonomy":"post_tag","embeddable":true,"href":"https:\/\/arantv.az\/index.php?rest_route=%2Fwp%2Fv2%2Ftags&post=731319"}],"curies":[{"name":"wp","href":"https:\/\/api.w.org\/{rel}","templated":true}]}}