{"id":731322,"date":"2024-06-20T18:17:09","date_gmt":"2024-06-20T14:17:09","guid":{"rendered":"https:\/\/arantv.az\/?p=731322"},"modified":"2024-06-20T18:17:09","modified_gmt":"2024-06-20T14:17:09","slug":"k%c9%99rim-v%c9%99liyev-serbiyada-yugoimport-sdpr-sirk%c9%99tini-ziyar%c9%99t-edib","status":"publish","type":"post","link":"https:\/\/arantv.az\/?p=731322","title":{"rendered":"K\u0259rim V\u0259liyev Serbiyada &#8220;Yugoimport SDPR&#8221; \u015firk\u0259tini ziyar\u0259t edib"},"content":{"rendered":"<p>Az\u0259rbaycan m\u00fcdafi\u0259 nazirinin birinci m\u00fcavini \u2013 Az\u0259rbaycan Ordusunun Ba\u015f Q\u0259rargah r\u0259isi general-polkovnik K\u0259rim V\u0259liyevin Serbiyaya r\u0259smi s\u0259f\u0259ri davam edir.<\/p>\n<p><strong>ARANTV.AZ x\u0259b\u0259r verir ki,<\/strong>\u00a0bu bar\u0259d\u0259\u00a0Az\u0259rbaycan M\u00fcdafi\u0259 Nazirliyind\u0259n bildirilib.<\/p>\n<p>Qeyd olunub ki, general-polkovnik K.V\u0259liyev r\u0259hb\u0259rlik etdiyi n\u00fcmay\u0259nd\u0259 hey\u0259ti il\u0259 birg\u0259 &#8220;Yugoimport SDPR&#8221; \u015firk\u0259tini ziyar\u0259t edib.<\/p>\n<p>Ba\u015f Q\u0259rargah r\u0259isi \u015firk\u0259tin m\u0259hsullar\u0131 il\u0259 tan\u0131\u015f olduqdan sonra d\u00f6y\u00fc\u015f sisteml\u0259ri zavoduna g\u0259lib. Az\u0259rbaycan n\u00fcmay\u0259nd\u0259 hey\u0259tin\u0259 zavodun \u0259sas f\u0259aliyy\u0259t istiqam\u0259tl\u0259ri bar\u0259d\u0259 \u0259trafl\u0131 m\u0259lumat verilib. Daha sonra &#8220;Rastko Nemanyi\u00e7&#8221; h\u0259rbi \u015f\u0259h\u0259rciyi v\u0259 x\u00fcsusi \u0259m\u0259liyyatlar briqadas\u0131 ziyar\u0259t olunub.<\/p>\n<p>Burada Az\u0259rbaycan Ordusunun Ba\u015f Q\u0259rargah r\u0259isin\u0259 silah v\u0259 texnika n\u00fcmun\u0259l\u0259ri t\u0259qdim edilib. General-polkovnik K.V\u0259liyev sonda d\u00f6y\u00fc\u015f haz\u0131rl\u0131\u011f\u0131 \u00fczr\u0259 icra edil\u0259n f\u0259aliyy\u0259tl\u0259ri izl\u0259yib.<\/p>\n","protected":false},"excerpt":{"rendered":"<p>Az\u0259rbaycan m\u00fcdafi\u0259 nazirinin birinci m\u00fcavini \u2013 Az\u0259rbaycan Ordusunun Ba\u015f Q\u0259rargah r\u0259isi general-polkovnik K\u0259rim V\u0259liyevin Serbiyaya r\u0259smi s\u0259f\u0259ri davam edir. ARANTV.AZ x\u0259b\u0259r verir ki,\u00a0bu bar\u0259d\u0259\u00a0Az\u0259rbaycan M\u00fcdafi\u0259 Nazirliyind\u0259n bildirilib. Qeyd olunub ki, general-polkovnik K.V\u0259liyev r\u0259hb\u0259rlik etdiyi n\u00fcmay\u0259nd\u0259 hey\u0259ti il\u0259 birg\u0259 &#8220;Yugoimport SDPR&#8221; \u015firk\u0259tini ziyar\u0259t edib. Ba\u015f Q\u0259rargah r\u0259isi \u015firk\u0259tin m\u0259hsullar\u0131 il\u0259 tan\u0131\u015f olduqdan sonra d\u00f6y\u00fc\u015f sisteml\u0259ri zavoduna g\u0259lib. Az\u0259rbaycan n\u00fcmay\u0259nd\u0259 hey\u0259tin\u0259 zavodun \u0259sas f\u0259aliyy\u0259t istiqam\u0259tl\u0259ri bar\u0259d\u0259 \u0259trafl\u0131 m\u0259lumat verilib. Daha sonra &#8220;Rastko Nemanyi\u00e7&#8221; h\u0259rbi \u015f\u0259h\u0259rciyi v\u0259 x\u00fcsusi \u0259m\u0259liyyatlar briqadas\u0131 ziyar\u0259t olunub. Burada Az\u0259rbaycan Ordusunun Ba\u015f Q\u0259rargah r\u0259isin\u0259 silah v\u0259 texnika n\u00fcmun\u0259l\u0259ri t\u0259qdim&hellip;<\/p>\n","protected":false},"author":2,"featured_media":731323,"comment_status":"closed","ping_status":"closed","sticky":false,"template":"","format":"standard","meta":{"om_disable_all_campaigns":false,"_monsterinsights_skip_tracking":false,"_monsterinsights_sitenote_active":false,"_monsterinsights_sitenote_note":"","_monsterinsights_sitenote_category":0},"categories":[10],"tags":[],"aioseo_notices":[],"gutentor_comment":0,"rttpg_featured_image_url":{"full":["https:\/\/arantv.az\/wp-content\/uploads\/2024\/06\/6754828e171889276970727395310779783.jpg",975,540,false],"landscape":["https:\/\/arantv.az\/wp-content\/uploads\/2024\/06\/6754828e171889276970727395310779783.jpg",975,540,false],"portraits":["https:\/\/arantv.az\/wp-content\/uploads\/2024\/06\/6754828e171889276970727395310779783.jpg",975,540,false],"thumbnail":["https:\/\/arantv.az\/wp-content\/uploads\/2024\/06\/6754828e171889276970727395310779783-500x280.jpg",500,280,true],"medium":["https:\/\/arantv.az\/wp-content\/uploads\/2024\/06\/6754828e171889276970727395310779783-660x365.jpg",660,365,true],"large":["https:\/\/arantv.az\/wp-content\/uploads\/2024\/06\/6754828e171889276970727395310779783-840x465.jpg",640,354,true],"1536x1536":["https:\/\/arantv.az\/wp-content\/uploads\/2024\/06\/6754828e171889276970727395310779783.jpg",975,540,false],"2048x2048":["https:\/\/arantv.az\/wp-content\/uploads\/2024\/06\/6754828e171889276970727395310779783.jpg",975,540,false],"post-thumbnail":["https:\/\/arantv.az\/wp-content\/uploads\/2024\/06\/6754828e171889276970727395310779783-240x172.jpg",240,172,true],"advps-thumb-one":["https:\/\/arantv.az\/wp-content\/uploads\/2024\/06\/6754828e171889276970727395310779783.jpg",975,540,false]},"rttpg_author":{"display_name":"V\u00fcsal Rafiqo\u011flu","author_link":"https:\/\/arantv.az\/?author=2"},"rttpg_comment":0,"rttpg_category":"<a href=\"https:\/\/arantv.az\/?cat=10\" rel=\"category\">C\u0259bh\u0259d\u0259n X\u0259b\u0259r<\/a>","rttpg_excerpt":"Az\u0259rbaycan m\u00fcdafi\u0259 nazirinin birinci m\u00fcavini \u2013 Az\u0259rbaycan Ordusunun Ba\u015f Q\u0259rargah r\u0259isi general-polkovnik K\u0259rim V\u0259liyevin Serbiyaya r\u0259smi s\u0259f\u0259ri davam edir. ARANTV.AZ x\u0259b\u0259r verir ki,\u00a0bu bar\u0259d\u0259\u00a0Az\u0259rbaycan M\u00fcdafi\u0259 Nazirliyind\u0259n bildirilib. Qeyd olunub ki, general-polkovnik K.V\u0259liyev r\u0259hb\u0259rlik etdiyi n\u00fcmay\u0259nd\u0259 hey\u0259ti il\u0259 birg\u0259 &#8220;Yugoimport SDPR&#8221; \u015firk\u0259tini ziyar\u0259t edib. Ba\u015f Q\u0259rargah r\u0259isi \u015firk\u0259tin m\u0259hsullar\u0131 il\u0259 tan\u0131\u015f olduqdan sonra d\u00f6y\u00fc\u015f sisteml\u0259ri zavoduna&hellip;","_links":{"self":[{"href":"https:\/\/arantv.az\/index.php?rest_route=\/wp\/v2\/posts\/731322"}],"collection":[{"href":"https:\/\/arantv.az\/index.php?rest_route=\/wp\/v2\/posts"}],"about":[{"href":"https:\/\/arantv.az\/index.php?rest_route=\/wp\/v2\/types\/post"}],"author":[{"embeddable":true,"href":"https:\/\/arantv.az\/index.php?rest_route=\/wp\/v2\/users\/2"}],"replies":[{"embeddable":true,"href":"https:\/\/arantv.az\/index.php?rest_route=%2Fwp%2Fv2%2Fcomments&post=731322"}],"version-history":[{"count":0,"href":"https:\/\/arantv.az\/index.php?rest_route=\/wp\/v2\/posts\/731322\/revisions"}],"wp:featuredmedia":[{"embeddable":true,"href":"https:\/\/arantv.az\/index.php?rest_route=\/wp\/v2\/media\/731323"}],"wp:attachment":[{"href":"https:\/\/arantv.az\/index.php?rest_route=%2Fwp%2Fv2%2Fmedia&parent=731322"}],"wp:term":[{"taxonomy":"category","embeddable":true,"href":"https:\/\/arantv.az\/index.php?rest_route=%2Fwp%2Fv2%2Fcategories&post=731322"},{"taxonomy":"post_tag","embeddable":true,"href":"https:\/\/arantv.az\/index.php?rest_route=%2Fwp%2Fv2%2Ftags&post=731322"}],"curies":[{"name":"wp","href":"https:\/\/api.w.org\/{rel}","templated":true}]}}