{"id":731364,"date":"2024-06-21T13:15:00","date_gmt":"2024-06-21T09:15:00","guid":{"rendered":"https:\/\/arantv.az\/?p=731364"},"modified":"2024-06-21T13:15:00","modified_gmt":"2024-06-21T09:15:00","slug":"prezidentin-kom%c9%99kcisi-az%c9%99rbaycanla-rusiya-arasinda-munasib%c9%99tl%c9%99r-%c9%99n-yuks%c9%99k-s%c9%99viyy%c9%99d%c9%99dir","status":"publish","type":"post","link":"https:\/\/arantv.az\/?p=731364","title":{"rendered":"Prezidentin k\u00f6m\u0259k\u00e7isi: Az\u0259rbaycanla Rusiya aras\u0131nda m\u00fcnasib\u0259tl\u0259r \u0259n y\u00fcks\u0259k s\u0259viyy\u0259d\u0259dir"},"content":{"rendered":"<p>Az\u0259rbaycanla Rusiya aras\u0131nda ikit\u0259r\u0259fli m\u00fcnasib\u0259tl\u0259r \u0259n y\u00fcks\u0259k s\u0259viyy\u0259d\u0259dir.<\/p>\n<p>&nbsp;<\/p>\n<p>ARANTV.AZ x\u0259b\u0259r verir ki, bunu Az\u0259rbaycan Prezidentinin k\u00f6m\u0259k\u00e7isi &#8211; Prezident Administrasiyas\u0131n\u0131n Xarici siyas\u0259t m\u0259s\u0259l\u0259l\u0259ri \u015f\u00f6b\u0259sinin m\u00fcdiri Hikm\u0259t Hac\u0131yev Bak\u0131da ke\u00e7iril\u0259n Rusiya-Az\u0259rbaycan Ekspert \u015euras\u0131n\u0131n V iclas\u0131nda deyib.<\/p>\n<p>&nbsp;<\/p>\n<p>Onun s\u00f6zl\u0259rin\u0259 g\u00f6r\u0259, bu, art\u0131q yax\u015f\u0131 \u0259n\u0259n\u0259y\u0259 \u00e7evrilib:<\/p>\n<p>&nbsp;<\/p>\n<p>\u201cBu g\u00fcn Az\u0259rbaycanla Rusiya aras\u0131nda m\u00fcnasib\u0259tl\u0259r \u0259n y\u00fcks\u0259k s\u0259viyy\u0259d\u0259dir. Ortaq m\u0259d\u0259niyy\u0259t, tarix v\u0259 qar\u015f\u0131l\u0131ql\u0131 h\u00f6rm\u0259t bu \u0259laq\u0259l\u0259rin inki\u015faf\u0131na k\u00f6m\u0259k edib\u201d.<\/p>\n<p>&nbsp;<\/p>\n<p>H.Hac\u0131yev qeyd edib ki, bu, Az\u0259rbaycan Prezidenti \u0130lham \u018fliyev v\u0259 Rusiya d\u00f6vl\u0259t ba\u015f\u00e7\u0131s\u0131 Vladimir Putin aras\u0131nda qar\u015f\u0131l\u0131ql\u0131 anla\u015fma say\u0259sind\u0259 m\u00fcmk\u00fcn olub:<\/p>\n<p>&nbsp;<\/p>\n<p>\u201cRegionlararas\u0131 \u0259m\u0259kda\u015fl\u0131q geni\u015fl\u0259nir. Az\u0259rbaycan\u0131n Rusiyan\u0131n 70-d\u0259n \u00e7ox subyekti il\u0259 \u0259laq\u0259l\u0259ri var\u201d.<\/p>\n","protected":false},"excerpt":{"rendered":"<p>Az\u0259rbaycanla Rusiya aras\u0131nda ikit\u0259r\u0259fli m\u00fcnasib\u0259tl\u0259r \u0259n y\u00fcks\u0259k s\u0259viyy\u0259d\u0259dir. &nbsp; ARANTV.AZ x\u0259b\u0259r verir ki, bunu Az\u0259rbaycan Prezidentinin k\u00f6m\u0259k\u00e7isi &#8211; Prezident Administrasiyas\u0131n\u0131n Xarici siyas\u0259t m\u0259s\u0259l\u0259l\u0259ri \u015f\u00f6b\u0259sinin m\u00fcdiri Hikm\u0259t Hac\u0131yev Bak\u0131da ke\u00e7iril\u0259n Rusiya-Az\u0259rbaycan Ekspert \u015euras\u0131n\u0131n V iclas\u0131nda deyib. &nbsp; Onun s\u00f6zl\u0259rin\u0259 g\u00f6r\u0259, bu, art\u0131q yax\u015f\u0131 \u0259n\u0259n\u0259y\u0259 \u00e7evrilib: &nbsp; \u201cBu g\u00fcn Az\u0259rbaycanla Rusiya aras\u0131nda m\u00fcnasib\u0259tl\u0259r \u0259n y\u00fcks\u0259k s\u0259viyy\u0259d\u0259dir. Ortaq m\u0259d\u0259niyy\u0259t, tarix v\u0259 qar\u015f\u0131l\u0131ql\u0131 h\u00f6rm\u0259t bu \u0259laq\u0259l\u0259rin inki\u015faf\u0131na k\u00f6m\u0259k edib\u201d. &nbsp; H.Hac\u0131yev qeyd edib ki, bu, Az\u0259rbaycan Prezidenti \u0130lham \u018fliyev v\u0259 Rusiya d\u00f6vl\u0259t ba\u015f\u00e7\u0131s\u0131 Vladimir Putin aras\u0131nda qar\u015f\u0131l\u0131ql\u0131 anla\u015fma say\u0259sind\u0259 m\u00fcmk\u00fcn olub: &nbsp; \u201cRegionlararas\u0131 \u0259m\u0259kda\u015fl\u0131q&hellip;<\/p>\n","protected":false},"author":2,"featured_media":731365,"comment_status":"closed","ping_status":"closed","sticky":false,"template":"","format":"standard","meta":{"om_disable_all_campaigns":false,"_monsterinsights_skip_tracking":false,"_monsterinsights_sitenote_active":false,"_monsterinsights_sitenote_note":"","_monsterinsights_sitenote_category":0},"categories":[4],"tags":[],"aioseo_notices":[],"gutentor_comment":0,"rttpg_featured_image_url":{"full":["https:\/\/arantv.az\/wp-content\/uploads\/2024\/06\/ba0a4d6e169159462276286328710462289.jpg",975,540,false],"landscape":["https:\/\/arantv.az\/wp-content\/uploads\/2024\/06\/ba0a4d6e169159462276286328710462289.jpg",975,540,false],"portraits":["https:\/\/arantv.az\/wp-content\/uploads\/2024\/06\/ba0a4d6e169159462276286328710462289.jpg",975,540,false],"thumbnail":["https:\/\/arantv.az\/wp-content\/uploads\/2024\/06\/ba0a4d6e169159462276286328710462289-500x280.jpg",500,280,true],"medium":["https:\/\/arantv.az\/wp-content\/uploads\/2024\/06\/ba0a4d6e169159462276286328710462289-660x365.jpg",660,365,true],"large":["https:\/\/arantv.az\/wp-content\/uploads\/2024\/06\/ba0a4d6e169159462276286328710462289-840x465.jpg",640,354,true],"1536x1536":["https:\/\/arantv.az\/wp-content\/uploads\/2024\/06\/ba0a4d6e169159462276286328710462289.jpg",975,540,false],"2048x2048":["https:\/\/arantv.az\/wp-content\/uploads\/2024\/06\/ba0a4d6e169159462276286328710462289.jpg",975,540,false],"post-thumbnail":["https:\/\/arantv.az\/wp-content\/uploads\/2024\/06\/ba0a4d6e169159462276286328710462289-240x172.jpg",240,172,true],"advps-thumb-one":["https:\/\/arantv.az\/wp-content\/uploads\/2024\/06\/ba0a4d6e169159462276286328710462289.jpg",975,540,false]},"rttpg_author":{"display_name":"V\u00fcsal Rafiqo\u011flu","author_link":"https:\/\/arantv.az\/?author=2"},"rttpg_comment":0,"rttpg_category":"<a href=\"https:\/\/arantv.az\/?cat=4\" rel=\"category\">Siyas\u0259t<\/a>","rttpg_excerpt":"Az\u0259rbaycanla Rusiya aras\u0131nda ikit\u0259r\u0259fli m\u00fcnasib\u0259tl\u0259r \u0259n y\u00fcks\u0259k s\u0259viyy\u0259d\u0259dir. &nbsp; ARANTV.AZ x\u0259b\u0259r verir ki, bunu Az\u0259rbaycan Prezidentinin k\u00f6m\u0259k\u00e7isi &#8211; Prezident Administrasiyas\u0131n\u0131n Xarici siyas\u0259t m\u0259s\u0259l\u0259l\u0259ri \u015f\u00f6b\u0259sinin m\u00fcdiri Hikm\u0259t Hac\u0131yev Bak\u0131da ke\u00e7iril\u0259n Rusiya-Az\u0259rbaycan Ekspert \u015euras\u0131n\u0131n V iclas\u0131nda deyib. &nbsp; Onun s\u00f6zl\u0259rin\u0259 g\u00f6r\u0259, bu, art\u0131q yax\u015f\u0131 \u0259n\u0259n\u0259y\u0259 \u00e7evrilib: &nbsp; \u201cBu g\u00fcn Az\u0259rbaycanla Rusiya aras\u0131nda m\u00fcnasib\u0259tl\u0259r \u0259n y\u00fcks\u0259k s\u0259viyy\u0259d\u0259dir. Ortaq&hellip;","_links":{"self":[{"href":"https:\/\/arantv.az\/index.php?rest_route=\/wp\/v2\/posts\/731364"}],"collection":[{"href":"https:\/\/arantv.az\/index.php?rest_route=\/wp\/v2\/posts"}],"about":[{"href":"https:\/\/arantv.az\/index.php?rest_route=\/wp\/v2\/types\/post"}],"author":[{"embeddable":true,"href":"https:\/\/arantv.az\/index.php?rest_route=\/wp\/v2\/users\/2"}],"replies":[{"embeddable":true,"href":"https:\/\/arantv.az\/index.php?rest_route=%2Fwp%2Fv2%2Fcomments&post=731364"}],"version-history":[{"count":0,"href":"https:\/\/arantv.az\/index.php?rest_route=\/wp\/v2\/posts\/731364\/revisions"}],"wp:featuredmedia":[{"embeddable":true,"href":"https:\/\/arantv.az\/index.php?rest_route=\/wp\/v2\/media\/731365"}],"wp:attachment":[{"href":"https:\/\/arantv.az\/index.php?rest_route=%2Fwp%2Fv2%2Fmedia&parent=731364"}],"wp:term":[{"taxonomy":"category","embeddable":true,"href":"https:\/\/arantv.az\/index.php?rest_route=%2Fwp%2Fv2%2Fcategories&post=731364"},{"taxonomy":"post_tag","embeddable":true,"href":"https:\/\/arantv.az\/index.php?rest_route=%2Fwp%2Fv2%2Ftags&post=731364"}],"curies":[{"name":"wp","href":"https:\/\/api.w.org\/{rel}","templated":true}]}}