{"id":731367,"date":"2024-06-21T13:16:27","date_gmt":"2024-06-21T09:16:27","guid":{"rendered":"https:\/\/arantv.az\/?p=731367"},"modified":"2024-06-21T13:16:27","modified_gmt":"2024-06-21T09:16:27","slug":"hikm%c9%99t-haciyev-az%c9%99rbaycan-simal-c%c9%99nub-n%c9%99qliyyat-d%c9%99hlizinin-inkisafinda-muhum-rol-oynayir","status":"publish","type":"post","link":"https:\/\/arantv.az\/?p=731367","title":{"rendered":"Hikm\u0259t Hac\u0131yev: Az\u0259rbaycan &#8220;\u015eimal-C\u0259nub&#8221; n\u0259qliyyat d\u0259hlizinin inki\u015faf\u0131nda m\u00fch\u00fcm rol oynay\u0131r"},"content":{"rendered":"<p>Az\u0259rbaycan &#8220;\u015eimal-C\u0259nub&#8221; n\u0259qliyyat d\u0259hlizinin inki\u015faf\u0131nda m\u00fch\u00fcm rol oynay\u0131r.<\/p>\n<p>&nbsp;<\/p>\n<p>ARANTV.AZ x\u0259b\u0259r verir ki, bunu Az\u0259rbaycan Prezidentinin k\u00f6m\u0259k\u00e7isi &#8211; Prezident Administrasiyas\u0131n\u0131n Xarici siyas\u0259t m\u0259s\u0259l\u0259l\u0259ri \u015f\u00f6b\u0259sinin m\u00fcdiri Hikm\u0259t Hac\u0131yev Bak\u0131da ke\u00e7iril\u0259n Rusiya-Az\u0259rbaycan Ekspert \u015euras\u0131n\u0131n V iclas\u0131nda deyib.<\/p>\n<p>&nbsp;<\/p>\n<p>O qeyd edib ki, Az\u0259rbaycan bu logistik strukturun inki\u015faf\u0131na f\u0259al \u015f\u0259kild\u0259 investisiya yat\u0131rma\u011fa davam edir: \u201cHaz\u0131rda d\u0259hlizin Az\u0259rbaycan hiss\u0259sinin \u00f6t\u00fcr\u00fcc\u00fcl\u00fck qabiliyy\u0259tinin geni\u015fl\u0259ndirilm\u0259si istiqam\u0259tind\u0259 i\u015fl\u0259r apar\u0131l\u0131r. \u015e\u00fcbh\u0259siz ki, bu, t\u0259kc\u0259 Az\u0259rbaycan v\u0259 Rusiyan\u0131n deyil, b\u00fct\u00fcn regionun xeyrin\u0259 olacaq\u201d.<\/p>\n","protected":false},"excerpt":{"rendered":"<p>Az\u0259rbaycan &#8220;\u015eimal-C\u0259nub&#8221; n\u0259qliyyat d\u0259hlizinin inki\u015faf\u0131nda m\u00fch\u00fcm rol oynay\u0131r. &nbsp; ARANTV.AZ x\u0259b\u0259r verir ki, bunu Az\u0259rbaycan Prezidentinin k\u00f6m\u0259k\u00e7isi &#8211; Prezident Administrasiyas\u0131n\u0131n Xarici siyas\u0259t m\u0259s\u0259l\u0259l\u0259ri \u015f\u00f6b\u0259sinin m\u00fcdiri Hikm\u0259t Hac\u0131yev Bak\u0131da ke\u00e7iril\u0259n Rusiya-Az\u0259rbaycan Ekspert \u015euras\u0131n\u0131n V iclas\u0131nda deyib. &nbsp; O qeyd edib ki, Az\u0259rbaycan bu logistik strukturun inki\u015faf\u0131na f\u0259al \u015f\u0259kild\u0259 investisiya yat\u0131rma\u011fa davam edir: \u201cHaz\u0131rda d\u0259hlizin Az\u0259rbaycan hiss\u0259sinin \u00f6t\u00fcr\u00fcc\u00fcl\u00fck qabiliyy\u0259tinin geni\u015fl\u0259ndirilm\u0259si istiqam\u0259tind\u0259 i\u015fl\u0259r apar\u0131l\u0131r. \u015e\u00fcbh\u0259siz ki, bu, t\u0259kc\u0259 Az\u0259rbaycan v\u0259 Rusiyan\u0131n deyil, b\u00fct\u00fcn regionun xeyrin\u0259 olacaq\u201d.<\/p>\n","protected":false},"author":2,"featured_media":731368,"comment_status":"closed","ping_status":"closed","sticky":false,"template":"","format":"standard","meta":{"om_disable_all_campaigns":false,"_monsterinsights_skip_tracking":false,"_monsterinsights_sitenote_active":false,"_monsterinsights_sitenote_note":"","_monsterinsights_sitenote_category":0},"categories":[4],"tags":[],"aioseo_notices":[],"gutentor_comment":0,"rttpg_featured_image_url":{"full":["https:\/\/arantv.az\/wp-content\/uploads\/2024\/06\/37588c65171040859045503440911061198.jpg",975,540,false],"landscape":["https:\/\/arantv.az\/wp-content\/uploads\/2024\/06\/37588c65171040859045503440911061198.jpg",975,540,false],"portraits":["https:\/\/arantv.az\/wp-content\/uploads\/2024\/06\/37588c65171040859045503440911061198.jpg",975,540,false],"thumbnail":["https:\/\/arantv.az\/wp-content\/uploads\/2024\/06\/37588c65171040859045503440911061198-500x280.jpg",500,280,true],"medium":["https:\/\/arantv.az\/wp-content\/uploads\/2024\/06\/37588c65171040859045503440911061198-660x365.jpg",660,365,true],"large":["https:\/\/arantv.az\/wp-content\/uploads\/2024\/06\/37588c65171040859045503440911061198-840x465.jpg",640,354,true],"1536x1536":["https:\/\/arantv.az\/wp-content\/uploads\/2024\/06\/37588c65171040859045503440911061198.jpg",975,540,false],"2048x2048":["https:\/\/arantv.az\/wp-content\/uploads\/2024\/06\/37588c65171040859045503440911061198.jpg",975,540,false],"post-thumbnail":["https:\/\/arantv.az\/wp-content\/uploads\/2024\/06\/37588c65171040859045503440911061198-240x172.jpg",240,172,true],"advps-thumb-one":["https:\/\/arantv.az\/wp-content\/uploads\/2024\/06\/37588c65171040859045503440911061198.jpg",975,540,false]},"rttpg_author":{"display_name":"V\u00fcsal Rafiqo\u011flu","author_link":"https:\/\/arantv.az\/?author=2"},"rttpg_comment":0,"rttpg_category":"<a href=\"https:\/\/arantv.az\/?cat=4\" rel=\"category\">Siyas\u0259t<\/a>","rttpg_excerpt":"Az\u0259rbaycan &#8220;\u015eimal-C\u0259nub&#8221; n\u0259qliyyat d\u0259hlizinin inki\u015faf\u0131nda m\u00fch\u00fcm rol oynay\u0131r. &nbsp; ARANTV.AZ x\u0259b\u0259r verir ki, bunu Az\u0259rbaycan Prezidentinin k\u00f6m\u0259k\u00e7isi &#8211; Prezident Administrasiyas\u0131n\u0131n Xarici siyas\u0259t m\u0259s\u0259l\u0259l\u0259ri \u015f\u00f6b\u0259sinin m\u00fcdiri Hikm\u0259t Hac\u0131yev Bak\u0131da ke\u00e7iril\u0259n Rusiya-Az\u0259rbaycan Ekspert \u015euras\u0131n\u0131n V iclas\u0131nda deyib. &nbsp; O qeyd edib ki, Az\u0259rbaycan bu logistik strukturun inki\u015faf\u0131na f\u0259al \u015f\u0259kild\u0259 investisiya yat\u0131rma\u011fa davam edir: \u201cHaz\u0131rda d\u0259hlizin Az\u0259rbaycan hiss\u0259sinin&hellip;","_links":{"self":[{"href":"https:\/\/arantv.az\/index.php?rest_route=\/wp\/v2\/posts\/731367"}],"collection":[{"href":"https:\/\/arantv.az\/index.php?rest_route=\/wp\/v2\/posts"}],"about":[{"href":"https:\/\/arantv.az\/index.php?rest_route=\/wp\/v2\/types\/post"}],"author":[{"embeddable":true,"href":"https:\/\/arantv.az\/index.php?rest_route=\/wp\/v2\/users\/2"}],"replies":[{"embeddable":true,"href":"https:\/\/arantv.az\/index.php?rest_route=%2Fwp%2Fv2%2Fcomments&post=731367"}],"version-history":[{"count":0,"href":"https:\/\/arantv.az\/index.php?rest_route=\/wp\/v2\/posts\/731367\/revisions"}],"wp:featuredmedia":[{"embeddable":true,"href":"https:\/\/arantv.az\/index.php?rest_route=\/wp\/v2\/media\/731368"}],"wp:attachment":[{"href":"https:\/\/arantv.az\/index.php?rest_route=%2Fwp%2Fv2%2Fmedia&parent=731367"}],"wp:term":[{"taxonomy":"category","embeddable":true,"href":"https:\/\/arantv.az\/index.php?rest_route=%2Fwp%2Fv2%2Fcategories&post=731367"},{"taxonomy":"post_tag","embeddable":true,"href":"https:\/\/arantv.az\/index.php?rest_route=%2Fwp%2Fv2%2Ftags&post=731367"}],"curies":[{"name":"wp","href":"https:\/\/api.w.org\/{rel}","templated":true}]}}