{"id":731857,"date":"2024-06-23T21:38:02","date_gmt":"2024-06-23T17:38:02","guid":{"rendered":"https:\/\/arantv.az\/?p=731857"},"modified":"2024-06-23T21:38:02","modified_gmt":"2024-06-23T17:38:02","slug":"inkluziv-platforma","status":"publish","type":"post","link":"https:\/\/arantv.az\/?p=731857","title":{"rendered":"\u0130nkluziv Platforma"},"content":{"rendered":"<p>T\u0259bii ki, yeni d\u00f6vr\u00fcn yeni h\u0259d\u0259fl\u0259ri olmal\u0131d\u0131r. Biz yeni d\u00f6vr\u0259 k\u00f6hn\u0259 h\u0259d\u0259fl\u0259rl\u0259 ged\u0259 bilm\u0259rik, \u00e7\u00fcnki o h\u0259d\u0259fl\u0259r art\u0131q \u0259ld\u0259 edildi v\u0259 indi b\u0259zi \u00f6lk\u0259l\u0259r var ki, \u00f6z tarixi ke\u00e7mi\u015fini, tarixi u\u011furlar\u0131 ill\u0259r boyunca, onillikl\u0259r \u0259rzind\u0259 istismar edirl\u0259r. Halbuki onlar\u0131n \u00f6zl\u0259rinin o z\u0259f\u0259rl\u0259r\u0259 he\u00e7 bir aidiyy\u0259ti yoxdur. Y\u0259ni, biz o \u00f6lk\u0259l\u0259rd\u0259n olmaq ist\u0259mirik.<br \/>\nPrezident \u0130lham \u018fliyevin \u201cEuronews\u201da verdiyi v\u0259 Az\u0259rbaycan\u0131n ya\u015f\u0131l g\u00fcnd\u0259liyini ehtiva ed\u0259n m\u00fcsahib\u0259si bu istiqam\u0259td\u0259 b\u00fct\u00f6vl\u00fckd\u0259 regionun perspektiv enerji x\u0259rit\u0259sini m\u00fc\u0259yy\u0259nl\u0259\u015fdirm\u0259k \u00fc\u00e7\u00fcn m\u00fch\u00fcm \u0259h\u0259miyy\u0259t\u0259 malikdir. X\u00fcsus\u0259n Az\u0259rbaycan\u0131n COP29-a ev sahibliyi etm\u0259si fonunda d\u00fcnyan\u0131n t\u0259miz enerjiy\u0259 transformasiya n\u0259bzinin Az\u0259rbaycanda d\u00f6y\u00fcnd\u00fcy\u00fcn\u00fc n\u0259z\u0259r\u0259 alsaq, d\u00f6vl\u0259timizin ba\u015f\u00e7\u0131s\u0131n\u0131n verdiyi b\u0259yanatlar\u0131n h\u0259lledici \u0259h\u0259miyy\u0259ti, t\u0259bii ki, m\u00fcbahis\u0259 do\u011furmur.<br \/>\n\u00dcmumiyy\u0259tl\u0259 reall\u0131qd\u0131r ki, Az\u0259rbaycan \u00f6z\u00fcn\u00fcn \u0259n\u0259n\u0259vi qaz\u0131nt\u0131 resurslar\u0131 il\u0259 qlobal enerji t\u0259hl\u00fck\u0259sizliyinin m\u00fch\u00fcm oyun\u00e7ular\u0131ndand\u0131r. \u00d6lk\u0259 Prezidentinin ritorikas\u0131n\u0131n da \u0259ks olundu\u011fu cari situasiya is\u0259 g\u00f6st\u0259rir ki, Az\u0259rbaycan art\u0131q alternativ enerji \u00fczr\u0259 d\u0259 qlobal m\u00f6vqey\u0259 sahibl\u0259nm\u0259kd\u0259dir. H\u0259tta \u0259n\u0259n\u0259vi resurslara \u0259saslanan inkl\u00fcziv platforma olan Bak\u0131 Enerji H\u0259ft\u0259sinin bel\u0259 mahiyy\u0259tind\u0259 ya\u015f\u0131l enerji amilinin rolu x\u00fcsusi qabarmaqdad\u0131r. T\u0259bii ki, h\u0259yata ke\u00e7iril\u0259n bu u\u011furlu siyas\u0259t, eyni zamanda, elmi-texniki potensiala \u0259saslanmaqla, iqtisadiyyat\u0131n b\u00fct\u00fcn sah\u0259l\u0259rind\u0259 alternativ v\u0259 b\u0259rpaolunan enerji m\u0259nb\u0259l\u0259rinin ilkin istehlakda pay\u0131n\u0131n art\u0131r\u0131lmas\u0131 il\u0259 m\u00fc\u015fahid\u0259 olunur v\u0259 eyni zamanda, iqlim d\u0259yi\u015fiklikl\u0259rin\u0259 t\u0259sir ed\u0259n amil kimi \u00e7\u0131x\u0131\u015f edir. Bildiyiniz kimi, bu istiqam\u0259td\u0259 art\u0131q real konfiqurasiya m\u00f6vcuddur v\u0259 h\u0259l\u0259 2022-ci ilin dekabr\u0131nda Az\u0259rbaycan G\u00fcrc\u00fcstan, Rum\u0131niya v\u0259 Macar\u0131stanla Qara d\u0259nizin dibi il\u0259 Avropa \u0130ttifaq\u0131na ixrac ed\u0259c\u0259k elektrik \u00f6t\u00fcr\u00fcc\u00fc kabelin \u00e7\u0259kilm\u0259si haqq\u0131nda sazi\u015f imzalay\u0131b. Bu \u00f6zl\u00fcy\u00fcnd\u0259 vacib n\u00fcansd\u0131r, \u00e7\u00fcnki Az\u0259rbaycan\u0131n \u00f6z\u00fcn\u0259 m\u00f6vcud potensial\u0131n v\u0259d etdiyi q\u0259d\u0259r b\u0259rpaolunan enerji laz\u0131m olmad\u0131\u011f\u0131 \u00fc\u00e7\u00fcn Bak\u0131n\u0131n \u0259sas h\u0259d\u0259fi ixracd\u0131r.<br \/>\nAz\u0259rbaycan \u00f6z\u00fcn\u00fcn ya\u015f\u0131l g\u00fcnd\u0259liyi il\u0259 istilik effekti yaradan qaz emissiyas\u0131n\u0131 beyn\u0259lxalq normalara uy\u011fun s\u0259viyy\u0259d\u0259 saxlan\u0131lmas\u0131 istiqam\u0259tind\u0259 qlobal s\u0259yl\u0259r\u0259 m\u00fch\u00fcm t\u00f6hf\u0259 verm\u0259kd\u0259dir. Lakin ayd\u0131nd\u0131r ki, ya\u015f\u0131l g\u00fcnd\u0259lik yaln\u0131z d\u00f6vl\u0259tl\u0259rin v\u0259dl\u0259rind\u0259n v\u0259 g\u00f6t\u00fcrd\u00fcy\u00fc iddial\u0131 \u00f6hd\u0259likl\u0259rind\u0259n ibar\u0259t deyil, ciddi s\u0259y t\u0259l\u0259b edir. Ayd\u0131nd\u0131r ki, COP29-a ev sahibliyi ed\u0259c\u0259k \u00f6lk\u0259 kimi ya\u015f\u0131l enerjiy\u0259 ke\u00e7id prosesind\u0259 \u00f6nd\u0259 ged\u0259n d\u00f6vl\u0259tl\u0259rd\u0259n olmaq Az\u0259rbaycan\u0131n \u00fcz\u0259rin\u0259 d\u00fc\u015f\u0259n \u00f6hd\u0259likdir. Lakin \u00f6t\u0259n d\u00f6vr\u00fcn t\u0259cr\u00fcb\u0259sin\u0259 n\u0259z\u0259r salsaq, Az\u0259rbaycan \u00f6z\u00fcn\u00fcn inki\u015faf strategiyas\u0131nda h\u0259l\u0259 \u00e7ox-\u00e7ox \u0259vv\u0259ld\u0259n, 2004-c\u00fc ild\u0259n etibar\u0259n qlobal iqlim d\u0259yi\u015fiklikl\u0259rinin miqyas\u0131n\u0131 n\u0259z\u0259r\u0259 alaraq ekoloji t\u0259miz texnologiyalar\u0131n t\u0259tbiqin\u0259, t\u0259miz enerji m\u0259nb\u0259l\u0259rind\u0259n istifad\u0259, tullant\u0131lar\u0131n t\u0259krar emal\u0131 v\u0259 \u00e7irkl\u0259nmi\u015f \u0259razil\u0259rin b\u0259rpas\u0131n\u0131n t\u0259\u015fviqin\u0259 \u0259h\u0259miyy\u0259tli yer verm\u0259kd\u0259dir. Prezidentinin S\u0259r\u0259ncam\u0131 il\u0259 2024-c\u00fc ilin Az\u0259rbaycan Respublikas\u0131nda \u201cYa\u015f\u0131l d\u00fcnya namin\u0259 h\u0259mr\u0259ylik ili\u201d elan edilm\u0259si \u00f6lk\u0259mizin beyn\u0259lxalq ictimaiyy\u0259tin etibarl\u0131 v\u0259 m\u0259suliyy\u0259tli \u00fczv\u00fc kimi iqlim d\u0259yi\u015fm\u0259l\u0259rinin f\u0259sadlar\u0131na qar\u015f\u0131 m\u00fcbariz\u0259d\u0259 q\u0259tiyy\u0259tinin g\u00f6st\u0259ricisidir.<br \/>\nBundan ba\u015fqa qaz\u0131nt\u0131 yanaca\u011f\u0131 il\u0259 z\u0259ngin olmas\u0131na baxmayaraq Az\u0259rbaycan\u0131n \u0259n\u0259n\u0259vi enerji s\u0259nayesinin \u00f6z\u00fcn\u00fcn beyn\u0259lxalq \u00f6hd\u0259likl\u0259rin\u0259 sadiq qalmaqla, t\u0259dric\u0259n b\u0259rpaolunan enerjiy\u0259 transformasiyas\u0131nda \u0259ld\u0259 etdiyi u\u011furlar q\u0259tiyy\u0259tli f\u0259aliyy\u0259tin real n\u0259tic\u0259sidir. T\u0259bii ki, bu amil yeni bax\u0131\u015f rakursuna malik qlobal s\u0259rmay\u0259darlar \u00fc\u00e7\u00fcn \u00f6zl\u00fcy\u00fcnd\u0259 \u0259n az\u0131 Az\u0259rbaycan\u0131n b\u0259rpaolunan enerji m\u0259nb\u0259l\u0259ri say\u0131lan \u0259lveri\u015fli iqlim resurslar\u0131 q\u0259d\u0259r c\u0259lbedicidir. \u201cMasdar\u201d, \u201cACWA Power\u201d v\u0259 \u201cBP\u201d kimi s\u0259rmay\u0259darlar\u0131n m\u00f6vcudlu\u011fu v\u0259 maraq g\u00f6st\u0259r\u0259n subyektl\u0259rin dair\u0259sinin geni\u015fl\u0259nm\u0259 tendensiyas\u0131 bu reall\u0131\u011f\u0131 bir daha s\u00fcbut edir. N\u0259tic\u0259 etibaril\u0259 \u00f6t\u0259n ilin oktyabr\u0131nda 230 meqavatl\u0131q ilk G\u00fcn\u0259\u015f enerjisi stansiyas\u0131n\u0131n a\u00e7\u0131l\u0131\u015f\u0131, Bak\u0131 enerji h\u0259ft\u0259si \u00e7\u0259r\u00e7iv\u0259sind\u0259 1 qiqavat olan \u00fc\u00e7 G\u00fcn\u0259\u015f v\u0259 k\u00fcl\u0259k enerjisi stansiyalar\u0131n\u0131n t\u0259m\u0259linin qoyulmas\u0131 da m\u0259hz bu prosesin b\u0259hr\u0259sidir. \u00dcst\u0259lik Az\u0259rbaycan Prezidentinin cari m\u00fcsahib\u0259sind\u0259 d\u0259 ifad\u0259 etdiyi kimi, \u201cBu, yaln\u0131z ba\u015flan\u011f\u0131cd\u0131r, \u00e7\u00fcnki biz orta perspektivd\u0259 10 qiqavata v\u0259 2030-cu il\u0259d\u0259k 5 qiqavata q\u0259d\u0259r g\u00fcc\u00fc \u0259hat\u0259 ed\u0259n b\u00fct\u00fcn m\u00fcqavil\u0259l\u0259ri v\u0259 anla\u015fma memorandumlar\u0131n\u0131 icra etm\u0259yi planla\u015fd\u0131r\u0131r\u0131q\u201d.<br \/>\nProsesl\u0259rin bu c\u00fcr inki\u015faf\u0131 daha bir reall\u0131\u011f\u0131 \u2013 Az\u0259rbaycanda yax\u015f\u0131 s\u0259rmay\u0259 m\u00fchitinin olmas\u0131n\u0131 meydana \u00e7\u0131xar\u0131r ki, m\u00fcsahib\u0259d\u0259 Prezident \u0130lham \u018fliyev bu m\u0259qama da x\u00fcsusi diqq\u0259t \u00e7\u0259kir. N\u0259tic\u0259d\u0259, neft v\u0259 qaz istehsal\u00e7\u0131s\u0131 qismind\u0259 oldu\u011fu kimi Az\u0259rbaycan qlobal miqyasda b\u0259rpaolunan enerji sah\u0259sind\u0259 strateji t\u0259r\u0259fda\u015f kimi \u00f6z\u00fcn\u00fc t\u0259sdiq ed\u0259 bilm\u0259kd\u0259dir.<br \/>\nElnar\u0259 C\u0259f\u0259rova &#8211; N. N\u0259rimanov ad\u0131na 3 n\u00f6mr\u0259li tam orta m\u0259kt\u0259bin tarix m\u00fc\u0259llimi<\/p>\n","protected":false},"excerpt":{"rendered":"<p>T\u0259bii ki, yeni d\u00f6vr\u00fcn yeni h\u0259d\u0259fl\u0259ri olmal\u0131d\u0131r. Biz yeni d\u00f6vr\u0259 k\u00f6hn\u0259 h\u0259d\u0259fl\u0259rl\u0259 ged\u0259 bilm\u0259rik, \u00e7\u00fcnki o h\u0259d\u0259fl\u0259r art\u0131q \u0259ld\u0259 edildi v\u0259 indi b\u0259zi \u00f6lk\u0259l\u0259r var ki, \u00f6z tarixi ke\u00e7mi\u015fini, tarixi u\u011furlar\u0131 ill\u0259r boyunca, onillikl\u0259r \u0259rzind\u0259 istismar edirl\u0259r. Halbuki onlar\u0131n \u00f6zl\u0259rinin o z\u0259f\u0259rl\u0259r\u0259 he\u00e7 bir aidiyy\u0259ti yoxdur. Y\u0259ni, biz o \u00f6lk\u0259l\u0259rd\u0259n olmaq ist\u0259mirik. Prezident \u0130lham \u018fliyevin \u201cEuronews\u201da verdiyi v\u0259 Az\u0259rbaycan\u0131n ya\u015f\u0131l g\u00fcnd\u0259liyini ehtiva ed\u0259n m\u00fcsahib\u0259si bu istiqam\u0259td\u0259 b\u00fct\u00f6vl\u00fckd\u0259 regionun perspektiv enerji x\u0259rit\u0259sini m\u00fc\u0259yy\u0259nl\u0259\u015fdirm\u0259k \u00fc\u00e7\u00fcn m\u00fch\u00fcm \u0259h\u0259miyy\u0259t\u0259 malikdir. X\u00fcsus\u0259n Az\u0259rbaycan\u0131n COP29-a ev sahibliyi etm\u0259si fonunda d\u00fcnyan\u0131n t\u0259miz enerjiy\u0259 transformasiya n\u0259bzinin Az\u0259rbaycanda d\u00f6y\u00fcnd\u00fcy\u00fcn\u00fc&hellip;<\/p>\n","protected":false},"author":2,"featured_media":731858,"comment_status":"closed","ping_status":"closed","sticky":false,"template":"","format":"standard","meta":{"om_disable_all_campaigns":false,"_monsterinsights_skip_tracking":false,"_monsterinsights_sitenote_active":false,"_monsterinsights_sitenote_note":"","_monsterinsights_sitenote_category":0},"categories":[2],"tags":[],"aioseo_notices":[],"gutentor_comment":0,"rttpg_featured_image_url":{"full":["https:\/\/arantv.az\/wp-content\/uploads\/2024\/06\/449122524_409043505423669_7664418157281779529_n.jpg",1200,793,false],"landscape":["https:\/\/arantv.az\/wp-content\/uploads\/2024\/06\/449122524_409043505423669_7664418157281779529_n.jpg",1200,793,false],"portraits":["https:\/\/arantv.az\/wp-content\/uploads\/2024\/06\/449122524_409043505423669_7664418157281779529_n.jpg",1200,793,false],"thumbnail":["https:\/\/arantv.az\/wp-content\/uploads\/2024\/06\/449122524_409043505423669_7664418157281779529_n-500x280.jpg",500,280,true],"medium":["https:\/\/arantv.az\/wp-content\/uploads\/2024\/06\/449122524_409043505423669_7664418157281779529_n-552x365.jpg",552,365,true],"large":["https:\/\/arantv.az\/wp-content\/uploads\/2024\/06\/449122524_409043505423669_7664418157281779529_n-840x555.jpg",640,423,true],"1536x1536":["https:\/\/arantv.az\/wp-content\/uploads\/2024\/06\/449122524_409043505423669_7664418157281779529_n.jpg",1200,793,false],"2048x2048":["https:\/\/arantv.az\/wp-content\/uploads\/2024\/06\/449122524_409043505423669_7664418157281779529_n.jpg",1200,793,false],"post-thumbnail":["https:\/\/arantv.az\/wp-content\/uploads\/2024\/06\/449122524_409043505423669_7664418157281779529_n-240x172.jpg",240,172,true],"advps-thumb-one":["https:\/\/arantv.az\/wp-content\/uploads\/2024\/06\/449122524_409043505423669_7664418157281779529_n-1200x620.jpg",1200,620,true]},"rttpg_author":{"display_name":"V\u00fcsal Rafiqo\u011flu","author_link":"https:\/\/arantv.az\/?author=2"},"rttpg_comment":0,"rttpg_category":"<a href=\"https:\/\/arantv.az\/?cat=2\" rel=\"category\">Region X\u0259b\u0259rl\u0259ri<\/a>","rttpg_excerpt":"T\u0259bii ki, yeni d\u00f6vr\u00fcn yeni h\u0259d\u0259fl\u0259ri olmal\u0131d\u0131r. Biz yeni d\u00f6vr\u0259 k\u00f6hn\u0259 h\u0259d\u0259fl\u0259rl\u0259 ged\u0259 bilm\u0259rik, \u00e7\u00fcnki o h\u0259d\u0259fl\u0259r art\u0131q \u0259ld\u0259 edildi v\u0259 indi b\u0259zi \u00f6lk\u0259l\u0259r var ki, \u00f6z tarixi ke\u00e7mi\u015fini, tarixi u\u011furlar\u0131 ill\u0259r boyunca, onillikl\u0259r \u0259rzind\u0259 istismar edirl\u0259r. Halbuki onlar\u0131n \u00f6zl\u0259rinin o z\u0259f\u0259rl\u0259r\u0259 he\u00e7 bir aidiyy\u0259ti yoxdur. Y\u0259ni, biz o \u00f6lk\u0259l\u0259rd\u0259n olmaq ist\u0259mirik. Prezident \u0130lham \u018fliyevin&hellip;","_links":{"self":[{"href":"https:\/\/arantv.az\/index.php?rest_route=\/wp\/v2\/posts\/731857"}],"collection":[{"href":"https:\/\/arantv.az\/index.php?rest_route=\/wp\/v2\/posts"}],"about":[{"href":"https:\/\/arantv.az\/index.php?rest_route=\/wp\/v2\/types\/post"}],"author":[{"embeddable":true,"href":"https:\/\/arantv.az\/index.php?rest_route=\/wp\/v2\/users\/2"}],"replies":[{"embeddable":true,"href":"https:\/\/arantv.az\/index.php?rest_route=%2Fwp%2Fv2%2Fcomments&post=731857"}],"version-history":[{"count":0,"href":"https:\/\/arantv.az\/index.php?rest_route=\/wp\/v2\/posts\/731857\/revisions"}],"wp:featuredmedia":[{"embeddable":true,"href":"https:\/\/arantv.az\/index.php?rest_route=\/wp\/v2\/media\/731858"}],"wp:attachment":[{"href":"https:\/\/arantv.az\/index.php?rest_route=%2Fwp%2Fv2%2Fmedia&parent=731857"}],"wp:term":[{"taxonomy":"category","embeddable":true,"href":"https:\/\/arantv.az\/index.php?rest_route=%2Fwp%2Fv2%2Fcategories&post=731857"},{"taxonomy":"post_tag","embeddable":true,"href":"https:\/\/arantv.az\/index.php?rest_route=%2Fwp%2Fv2%2Ftags&post=731857"}],"curies":[{"name":"wp","href":"https:\/\/api.w.org\/{rel}","templated":true}]}}