{"id":731912,"date":"2024-06-24T10:26:26","date_gmt":"2024-06-24T06:26:26","guid":{"rendered":"https:\/\/arantv.az\/?p=731912"},"modified":"2024-06-24T10:26:26","modified_gmt":"2024-06-24T06:26:26","slug":"silahli-quvv%c9%99l%c9%99rimizin-modernl%c9%99sdirilm%c9%99si-%c9%99sasdir","status":"publish","type":"post","link":"https:\/\/arantv.az\/?p=731912","title":{"rendered":"Silahl\u0131 Q\u00fcvv\u0259l\u0259rimizin modernl\u0259\u015fdirilm\u0259si \u0259sasd\u0131r"},"content":{"rendered":"<p><strong>F\u0259q\u0259t \u015eadlinskaya<\/strong><\/p>\n<p><strong>YAP B\u0259rd\u0259 rayon t\u0259\u015fkilat\u0131n\u0131n s\u0259dri<\/strong><\/p>\n<p>D\u00f6y\u00fc\u015f bacar\u0131\u011f\u0131, haz\u0131rl\u0131\u011f\u0131, m\u00fcbarizliyi il\u0259 d\u00fcnyan\u0131n h\u0259rb tarixin\u0259 yeni s\u0259hif\u0259 yazan Az\u0259rbaycan Ordusu Ulu \u00d6nd\u0259r Heyd\u0259r \u018fliyevin \u201cBiz h\u0259rb ist\u0259mirik, amma h\u0259rb\u0259 haz\u0131r\u0131q\u201d tezisini reall\u0131\u011fa \u00e7evirdi. 44 g\u00fcnl\u00fck \u0130kinci Qaraba\u011f m\u00fcharib\u0259sind\u0259 tarixi Z\u0259f\u0259rimiz 106 ya\u015f\u0131n\u0131 qeyd etm\u0259y\u0259 haz\u0131rla\u015fan r\u0259\u015fad\u0259tli ordumuzun ke\u00e7diyi inki\u015faf yolunu, hans\u0131 imkanlara malik oldu\u011funu d\u00fcnyaya n\u00fcmayi\u015f etdirdi.\u00a0 \u00dcmummilli Lider daim bu \u00e7a\u011f\u0131r\u0131\u015f\u0131 da edirdi ki, s\u00fclh dan\u0131\u015f\u0131qlar\u0131n\u0131 c\u0259sar\u0259tl\u0259 aparmaq \u00fc\u00e7\u00fcn g\u00fccl\u00fc, q\u00fcdr\u0259tli ordunun olmas\u0131 m\u00fctl\u0259qdir.<\/p>\n<p>Az\u0259rbaycan\u0131n m\u00fcst\u0259qilliyinin b\u0259rpas\u0131n\u0131n ilk ill\u0259rind\u0259ki u\u011fursuzluqlar ordu quruculu\u011fu sah\u0259sind\u0259 d\u0259 ya\u015fand\u0131 v\u0259 torpaqlar\u0131m\u0131z\u0131n i\u015f\u011fal\u0131na s\u0259b\u0259b oldu. 1993-c\u00fc ild\u0259 Ulu \u00d6nd\u0259r Heyd\u0259r \u018fliyevin xalq\u0131n t\u0259kidli t\u0259l\u0259bi il\u0259 hakimiyy\u0259t\u0259 qay\u0131d\u0131\u015f\u0131ndan sonra\u00a0 b\u00fct\u00fcn sah\u0259l\u0259rin inki\u015faf\u0131nda yeni m\u0259rh\u0259l\u0259 ba\u015flad\u0131. \u00a01994-c\u00fc il may\u0131n 12-d\u0259 Erm\u0259nistan-Az\u0259rbaycan h\u0259rbi m\u00fcnaqi\u015f\u0259sind\u0259 at\u0259\u015fk\u0259s haqq\u0131nda m\u00fcqavil\u0259 imzaland\u0131qdan sonra\u00a0 Milli Ordumuzun \u00a0formala\u015fmas\u0131 daha da s\u00fcr\u0259tl\u0259ndi. H\u0259yata ke\u00e7iril\u0259n u\u011furlu siyas\u0259t n\u0259tic\u0259sind\u0259 Silahl\u0131 Q\u00fcvv\u0259l\u0259rin maddi-texniki t\u0259minat\u0131n\u0131n yax\u015f\u0131la\u015fd\u0131r\u0131lmas\u0131na, \u015f\u0259xsi hey\u0259tin m\u0259n\u0259vi-psixoloji haz\u0131rl\u0131\u011f\u0131n\u0131n art\u0131r\u0131lmas\u0131na v\u0259 d\u00f6y\u00fc\u015f ruhunun y\u00fcks\u0259ldilm\u0259sin\u0259 x\u00fcsusi diqq\u0259t ayr\u0131ld\u0131. Ulu \u00d6nd\u0259r Heyd\u0259r \u018fliyevin 22 may 1998-ci il tarixli F\u0259rman\u0131na \u0259sas\u0259n \u018flahidd\u0259 Az\u0259rbaycan Korpusunun yarand\u0131\u011f\u0131 g\u00fcn \u2013 26 iyun Az\u0259rbaycan Respublikas\u0131n\u0131n Silahl\u0131 Q\u00fcvv\u0259l\u0259r G\u00fcn\u00fc elan olundu v\u0259 h\u0259r il bu tarix r\u0259smi d\u00f6vl\u0259t bayram\u0131 kimi qeyd edilir.<\/p>\n<p>Ulu \u00d6nd\u0259r Heyd\u0259r \u018fliyev h\u0259l\u0259 hakimiyy\u0259tinin birinci d\u00f6vr\u00fcnd\u0259 Az\u0259rbaycan\u0131n m\u00fcst\u0259qil g\u0259l\u0259c\u0259yini d\u00fc\u015f\u00fcn\u0259r\u0259k\u00a0 m\u00fch\u00fcm add\u0131mlar atm\u0131\u015fd\u0131. C\u0259m\u015fid Nax\u00e7\u0131vanski ad\u0131na h\u0259rbi lisey m\u0259hz h\u0259min d\u00f6vrd\u0259 \u00dcmummilli Liderin g\u0259rgin s\u0259yl\u0259ri n\u0259tic\u0259sind\u0259 yarad\u0131lm\u0131\u015fd\u0131. H\u0259rbi kadrlar\u0131n yeti\u015fdirilm\u0259si daim prioritet m\u0259s\u0259l\u0259 kimi \u00f6nd\u0259 dayan\u0131b. Bu g\u00fcn b\u00f6y\u00fck f\u0259xr hissi il\u0259 qeyd edirik ki, Az\u0259rbaycan ordusu beyn\u0259lxalq standartlara cavab ver\u0259n, d\u00fcnyan\u0131n \u0259n g\u00fccl\u00fc 50 ordusu s\u0131ras\u0131nda q\u0259rarla\u015f\u0131b. Onu da qeyd ed\u0259k ki, Az\u0259rbaycan\u0131n NATO il\u0259 s\u0131x v\u0259 s\u0259m\u0259r\u0259li \u0259m\u0259kda\u015fl\u0131\u011f\u0131 ordu quruculu\u011fu prosesinin t\u0259kmill\u0259\u015fdirilm\u0259sin\u0259, Silahl\u0131 Q\u00fcvv\u0259l\u0259rimizin modernl\u0259\u015fdirilm\u0259sin\u0259, m\u00fcasir standartlara uy\u011funla\u015fd\u0131r\u0131lmas\u0131na s\u0259b\u0259b oldu. Ulu \u00d6nd\u0259rin uzaqg\u00f6r\u0259n siyas\u0259ti n\u0259tic\u0259sind\u0259 1994-c\u00fc ilin \u0259vv\u0259ll\u0259rind\u0259 Az\u0259rbaycan NATO-nun \u201cS\u00fclh namin\u0259 t\u0259r\u0259fda\u015fl\u0131q\u201d proqram\u0131na, bu \u0259m\u0259kda\u015fl\u0131\u011f\u0131n davam\u0131 olaraq 1996-c\u0131 ild\u0259 \u201cPlanla\u015fd\u0131rma v\u0259 analiz prosesi\u201d proqram\u0131na, 2001-ci ild\u0259 is\u0259 \u201cF\u0259rdi T\u0259r\u0259fda\u015fl\u0131q \u00fczr\u0259 \u018fm\u0259liyyat Plan\u0131\u201dna qo\u015fuldu. \u0130l \u0259rzind\u0259 2 mind\u0259n \u00e7ox Az\u0259rbaycan h\u0259rb\u00e7isi NATO proqramlar\u0131nda v\u0259 dig\u0259r ikit\u0259r\u0259fli \u0259m\u0259kda\u015fl\u0131q proqramlar\u0131nda i\u015ftirak ed\u0259r\u0259k \u0259n son h\u0259rbi yenilikl\u0259ri m\u0259nims\u0259dil\u0259r. Beyn\u0259lxalq s\u00fclhm\u0259raml\u0131 q\u00fcvv\u0259l\u0259rin t\u0259rkibind\u0259 Kosovoda, \u018ffqan\u0131standa v\u0259 \u0130raqda z\u0259ngin t\u0259cr\u00fcb\u0259 qazanan v\u0259 \u00f6z standartlar\u0131n\u0131 NATO standartlar\u0131na uy\u011funla\u015fd\u0131ran Az\u0259rbaycan Ordusu modern orduya \u00e7evrildi.<\/p>\n<p>2003-c\u00fc ild\u0259n Heyd\u0259r \u018fliyev siyas\u0259tini b\u00fct\u00fcn istiqam\u0259tl\u0259rd\u0259 u\u011furla davam etdir\u0259n d\u00f6vl\u0259t ba\u015f\u00e7\u0131s\u0131 \u0130lham \u018fliyev Silahl\u0131 Q\u00fcvv\u0259l\u0259rin modernl\u0259\u015fdirilm\u0259sini d\u00f6vl\u0259t siyas\u0259tinin strateji isiqam\u0259tl\u0259rind\u0259n biri kimi \u00f6nd\u0259 saxlay\u0131r. Az\u0259rbaycan d\u00f6vl\u0259ti h\u0259r zaman ordumuzun g\u00fcc\u00fcn\u0259, q\u00fcdr\u0259tin\u0259 arxalanaraq \u0259n y\u00fcks\u0259k tribunalardan b\u0259yan edirdi ki, i\u015f\u011fal alt\u0131nda olan torpaqlar\u0131m\u0131z\u0131 n\u0259 yolla olusa-olsun azad ed\u0259c\u0259k, \u0259razi b\u00fct\u00f6vl\u00fcy\u00fcm\u00fcz\u00fc t\u0259min ed\u0259c\u0259yik. S\u00fclh dan\u0131\u015f\u0131qlar\u0131 s\u0259m\u0259r\u0259 verm\u0259diyi t\u0259qdird\u0259 h\u0259rb yolunun se\u00e7il\u0259c\u0259yi \u00a0inkar edilmirdi.<\/p>\n<p>2020-ci ild\u0259 ya\u015fad\u0131\u011f\u0131m\u0131z tarixi Z\u0259f\u0259r Az\u0259rbaycan Ordusunun q\u0259hr\u0259manl\u0131\u011f\u0131n\u0131, \u015f\u00fcca\u0259tini n\u00fcmayi\u015f etdirdi. Bu Z\u0259f\u0259r\u0259 q\u0259d\u0259r Ordumuz 2016-c\u0131 il Aprel d\u00f6y\u00fc\u015fl\u0259rind\u0259, 2018-ci il Nax\u00e7\u0131van q\u0259l\u0259b\u0259l\u0259rind\u0259 hans\u0131 imkanlara malik oldu\u011funu i\u015f\u011fal\u00e7\u0131 Erm\u0259nistana v\u0259 ona havadarl\u0131q ed\u0259n d\u00f6vl\u0259tl\u0259r\u0259 g\u00f6st\u0259rmi\u015fdi. D\u00f6vl\u0259t ba\u015f\u00e7\u0131s\u0131, M\u00fcz\u0259ff\u0259r Ali Ba\u015f Komandan \u0130lham \u018fliyevin r\u0259hb\u0259rliyi il\u0259 44 g\u00fcnl\u00fck V\u0259t\u0259n m\u00fcharib\u0259sinin h\u0259r g\u00fcn\u00fcn\u00fc tarix\u0259 q\u0259l\u0259b\u0259 s\u0259hif\u0259si kimi yazan Az\u0259rbaycan Ordusu Qaraba\u011f\u0131n tac\u0131, Az\u0259rbaycan\u0131n d\u00f6y\u00fcn\u0259n \u00fcr\u0259yi \u015eu\u015fan\u0131 i\u015f\u011faldan azad etm\u0259kl\u0259 Erm\u0259nistan\u0131n kapitulyasiya akt\u0131n\u0131 imzalanmas\u0131n\u0131 \u015f\u0259rtl\u0259ndirdi. Az\u0259rbaycan\u0131n tarixi Q\u0259l\u0259b\u0259si d\u00fcnyaya s\u0259s sald\u0131. \u015eu\u015fa \u0259m\u0259liyyat\u0131 bir dastana \u00e7evrildi.<\/p>\n<p>Prezident \u0130lham \u018fliyevin t\u0259\u015f\u0259bb\u00fcs\u00fc il\u0259 V\u0259t\u0259n m\u00fcharib\u0259sind\u0259 q\u0259l\u0259b\u0259 m\u00fcnasib\u0259til\u0259 Az\u0259rbaycan Respublikas\u0131n\u0131n orden v\u0259 medallar\u0131 t\u0259sis edildi. \u00a0H\u0259min medal v\u0259 ordenl\u0259rin t\u0259sis olunmas\u0131 q\u0259l\u0259b\u0259nin \u0259b\u0259dil\u0259\u015fdirm\u0259si v\u0259 i\u015ftirak\u00e7\u0131lara \u00a0diqq\u0259tin t\u0259c\u0259ss\u00fcm\u00fcd\u00fcr. H\u0259m\u00e7inin d\u00f6vl\u0259t ba\u015f\u00e7\u0131s\u0131 \u0130lham \u018fliyevin S\u0259r\u0259ncam\u0131 il\u0259 44 g\u00fcnl\u00fck \u0130kinci Qaraba\u011f m\u00fcharib\u0259sinin ba\u015fland\u0131\u011f\u0131 tarix- 27 sentyabr An\u0131m G\u00fcn\u00fc, \u015eu\u015fan\u0131n i\u015f\u011faldan azad edildiyi 8 noyabr Z\u0259f\u0259r G\u00fcn\u00fc kimi t\u0259sis edildi. At\u0131lan h\u0259r bir add\u0131m xalq\u0131m\u0131za Z\u0259f\u0259r sevincini ya\u015fadan V\u0259t\u0259n o\u011fullar\u0131n\u0131n q\u0259hr\u0259manl\u0131qlar\u0131n\u0131n, \u015f\u00fcca\u0259tinin\u00a0 t\u0259bli\u011fin\u0259 xidm\u0259t edir.<\/p>\n<p>Az\u0259rbaycan xalq\u0131 d\u00f6rd ildir ki, bayramlar\u0131n\u0131 Q\u0259l\u0259b\u0259 ruhunda qeyd edir. \u00d6t\u0259n ilin sentyabr\u0131nda m\u00fcst\u0259qillik tariximizin daha bir Z\u0259f\u0259r s\u0259hif\u0259si yaz\u0131ld\u0131. Az\u0259rbaycan Ordusunun h\u0259yata ke\u00e7irdiyi bir g\u00fcnl\u00fck antiterror t\u0259dbirl\u0259ri n\u0259tic\u0259sind\u0259 suverenliyimiz tam b\u0259rpa edildi. D\u00f6vl\u0259t ba\u015f\u00e7\u0131s\u0131 \u0130lham \u018fliyevin b\u00f6y\u00fck q\u00fcrur hissi il\u0259 qeyd etdiyi kimi, biz bu g\u00fcn A\u011fdamday\u0131q, F\u00fczulid\u0259yik, La\u00e7\u0131nday\u0131q, C\u0259bray\u0131lday\u0131q, Z\u0259ngilanday\u0131q, Qubadl\u0131day\u0131q, K\u0259lb\u0259c\u0259rd\u0259yik, \u015eu\u015faday\u0131q, Hadrutday\u0131q, Xocal\u0131day\u0131q, A\u011fd\u0259r\u0259d\u0259yik, \u018fsg\u0259randay\u0131q, Xank\u0259ndid\u0259yik! Yeni d\u00f6vr u\u011furla ba\u015flay\u0131r, u\u011furla da davam ed\u0259c\u0259k.<\/p>\n<p>Bu g\u00fcn i\u015f\u011faldan azad edilmi\u015f \u0259razil\u0259rimiz quruculuq meydan\u0131na \u00e7evrilib. B\u00f6y\u00fck Qay\u0131d\u0131\u015f Proqram\u0131 u\u011furla icra edilir. Soyda\u015flar\u0131m\u0131z m\u0259rh\u0259l\u0259-m\u0259rh\u0259l\u0259 do\u011fma yurd-yuvalar\u0131na qovu\u015fur, bu \u0259razil\u0259r\u0259 yeni n\u0259f\u0259s verilir. Qalib Az\u0259rbaycan\u0131 qar\u015f\u0131da daha m\u00f6ht\u0259\u015f\u0259m u\u011furlar g\u00f6zl\u0259yir.<\/p>\n","protected":false},"excerpt":{"rendered":"<p>F\u0259q\u0259t \u015eadlinskaya YAP B\u0259rd\u0259 rayon t\u0259\u015fkilat\u0131n\u0131n s\u0259dri D\u00f6y\u00fc\u015f bacar\u0131\u011f\u0131, haz\u0131rl\u0131\u011f\u0131, m\u00fcbarizliyi il\u0259 d\u00fcnyan\u0131n h\u0259rb tarixin\u0259 yeni s\u0259hif\u0259 yazan Az\u0259rbaycan Ordusu Ulu \u00d6nd\u0259r Heyd\u0259r \u018fliyevin \u201cBiz h\u0259rb ist\u0259mirik, amma h\u0259rb\u0259 haz\u0131r\u0131q\u201d tezisini reall\u0131\u011fa \u00e7evirdi. 44 g\u00fcnl\u00fck \u0130kinci Qaraba\u011f m\u00fcharib\u0259sind\u0259 tarixi Z\u0259f\u0259rimiz 106 ya\u015f\u0131n\u0131 qeyd etm\u0259y\u0259 haz\u0131rla\u015fan r\u0259\u015fad\u0259tli ordumuzun ke\u00e7diyi inki\u015faf yolunu, hans\u0131 imkanlara malik oldu\u011funu d\u00fcnyaya n\u00fcmayi\u015f etdirdi.\u00a0 \u00dcmummilli Lider daim bu \u00e7a\u011f\u0131r\u0131\u015f\u0131 da edirdi ki, s\u00fclh dan\u0131\u015f\u0131qlar\u0131n\u0131 c\u0259sar\u0259tl\u0259 aparmaq \u00fc\u00e7\u00fcn g\u00fccl\u00fc, q\u00fcdr\u0259tli ordunun olmas\u0131 m\u00fctl\u0259qdir. Az\u0259rbaycan\u0131n m\u00fcst\u0259qilliyinin b\u0259rpas\u0131n\u0131n ilk ill\u0259rind\u0259ki u\u011fursuzluqlar ordu quruculu\u011fu sah\u0259sind\u0259 d\u0259 ya\u015fand\u0131 v\u0259 torpaqlar\u0131m\u0131z\u0131n i\u015f\u011fal\u0131na s\u0259b\u0259b&hellip;<\/p>\n","protected":false},"author":2,"featured_media":603924,"comment_status":"closed","ping_status":"closed","sticky":false,"template":"","format":"standard","meta":{"om_disable_all_campaigns":false,"_monsterinsights_skip_tracking":false,"_monsterinsights_sitenote_active":false,"_monsterinsights_sitenote_note":"","_monsterinsights_sitenote_category":0},"categories":[2],"tags":[],"aioseo_notices":[],"gutentor_comment":0,"rttpg_featured_image_url":{"full":["https:\/\/arantv.az\/wp-content\/uploads\/2023\/06\/thumb.jpg",360,238,false],"landscape":["https:\/\/arantv.az\/wp-content\/uploads\/2023\/06\/thumb.jpg",360,238,false],"portraits":["https:\/\/arantv.az\/wp-content\/uploads\/2023\/06\/thumb.jpg",360,238,false],"thumbnail":["https:\/\/arantv.az\/wp-content\/uploads\/2023\/06\/thumb.jpg",360,238,false],"medium":["https:\/\/arantv.az\/wp-content\/uploads\/2023\/06\/thumb.jpg",360,238,false],"large":["https:\/\/arantv.az\/wp-content\/uploads\/2023\/06\/thumb.jpg",360,238,false],"1536x1536":["https:\/\/arantv.az\/wp-content\/uploads\/2023\/06\/thumb.jpg",360,238,false],"2048x2048":["https:\/\/arantv.az\/wp-content\/uploads\/2023\/06\/thumb.jpg",360,238,false],"post-thumbnail":["https:\/\/arantv.az\/wp-content\/uploads\/2023\/06\/thumb-240x172.jpg",240,172,true],"advps-thumb-one":["https:\/\/arantv.az\/wp-content\/uploads\/2023\/06\/thumb.jpg",360,238,false]},"rttpg_author":{"display_name":"V\u00fcsal Rafiqo\u011flu","author_link":"https:\/\/arantv.az\/?author=2"},"rttpg_comment":0,"rttpg_category":"<a href=\"https:\/\/arantv.az\/?cat=2\" rel=\"category\">Region X\u0259b\u0259rl\u0259ri<\/a>","rttpg_excerpt":"F\u0259q\u0259t \u015eadlinskaya YAP B\u0259rd\u0259 rayon t\u0259\u015fkilat\u0131n\u0131n s\u0259dri D\u00f6y\u00fc\u015f bacar\u0131\u011f\u0131, haz\u0131rl\u0131\u011f\u0131, m\u00fcbarizliyi il\u0259 d\u00fcnyan\u0131n h\u0259rb tarixin\u0259 yeni s\u0259hif\u0259 yazan Az\u0259rbaycan Ordusu Ulu \u00d6nd\u0259r Heyd\u0259r \u018fliyevin \u201cBiz h\u0259rb ist\u0259mirik, amma h\u0259rb\u0259 haz\u0131r\u0131q\u201d tezisini reall\u0131\u011fa \u00e7evirdi. 44 g\u00fcnl\u00fck \u0130kinci Qaraba\u011f m\u00fcharib\u0259sind\u0259 tarixi Z\u0259f\u0259rimiz 106 ya\u015f\u0131n\u0131 qeyd etm\u0259y\u0259 haz\u0131rla\u015fan r\u0259\u015fad\u0259tli ordumuzun ke\u00e7diyi inki\u015faf yolunu, hans\u0131 imkanlara malik oldu\u011funu d\u00fcnyaya&hellip;","_links":{"self":[{"href":"https:\/\/arantv.az\/index.php?rest_route=\/wp\/v2\/posts\/731912"}],"collection":[{"href":"https:\/\/arantv.az\/index.php?rest_route=\/wp\/v2\/posts"}],"about":[{"href":"https:\/\/arantv.az\/index.php?rest_route=\/wp\/v2\/types\/post"}],"author":[{"embeddable":true,"href":"https:\/\/arantv.az\/index.php?rest_route=\/wp\/v2\/users\/2"}],"replies":[{"embeddable":true,"href":"https:\/\/arantv.az\/index.php?rest_route=%2Fwp%2Fv2%2Fcomments&post=731912"}],"version-history":[{"count":0,"href":"https:\/\/arantv.az\/index.php?rest_route=\/wp\/v2\/posts\/731912\/revisions"}],"wp:featuredmedia":[{"embeddable":true,"href":"https:\/\/arantv.az\/index.php?rest_route=\/wp\/v2\/media\/603924"}],"wp:attachment":[{"href":"https:\/\/arantv.az\/index.php?rest_route=%2Fwp%2Fv2%2Fmedia&parent=731912"}],"wp:term":[{"taxonomy":"category","embeddable":true,"href":"https:\/\/arantv.az\/index.php?rest_route=%2Fwp%2Fv2%2Fcategories&post=731912"},{"taxonomy":"post_tag","embeddable":true,"href":"https:\/\/arantv.az\/index.php?rest_route=%2Fwp%2Fv2%2Ftags&post=731912"}],"curies":[{"name":"wp","href":"https:\/\/api.w.org\/{rel}","templated":true}]}}