{"id":731928,"date":"2024-06-24T11:13:35","date_gmt":"2024-06-24T07:13:35","guid":{"rendered":"https:\/\/arantv.az\/?p=731928"},"modified":"2024-06-24T12:07:55","modified_gmt":"2024-06-24T08:07:55","slug":"orduda-xidm%c9%99t-etm%c9%99k-h%c9%99r-bir-az%c9%99rbaycanlinin-s%c9%99r%c9%99f-borcudur","status":"publish","type":"post","link":"https:\/\/arantv.az\/?p=731928","title":{"rendered":"Orduda xidm\u0259t etm\u0259k h\u0259r bir Az\u0259rbaycanl\u0131n\u0131n \u015f\u0259r\u0259f borcudur."},"content":{"rendered":"<p><strong>26 iyun Az\u0259rbaycan Respublikas\u0131n\u0131n Silahl\u0131 q\u00fcvv\u0259l\u0259rinin yaranmas\u0131 g\u00fcn\u00fcd\u00fcr.<\/strong><\/p>\n<p><strong>\u00dcmummilli lider Heyd\u0259r \u018fliyev: &#8220;Biz bu g\u00fcn b\u00f6y\u00fck iftixar hissi il\u0259 deyirik ki, Az\u0259rbaycan Respublikas\u0131n\u0131n Milli Ordusu &#8211; respublikam\u0131z\u0131n milli t\u0259hl\u00fck\u0259sizliyini, \u0259halimizin \u0259min-amanl\u0131\u011f\u0131n\u0131 v\u0259 m\u00fchafiz\u0259sini t\u0259min etm\u0259k \u00fc\u00e7\u00fcn, \u00f6lk\u0259mizin s\u0259rh\u0259dl\u0259rinin qorunmas\u0131, \u0259razi b\u00fct\u00f6vl\u00fcy\u00fcn\u00fcn, torpaqlar\u0131n\u0131n m\u00fcdafi\u0259 edilm\u0259si \u00fc\u00e7\u00fcn Az\u0259rbaycan\u0131n layiqli Silahl\u0131 Q\u00fcvv\u0259l\u0259ri vard\u0131r&#8221;<\/strong><\/p>\n<p>Az\u0259rbaycan v\u0259t\u0259nda\u015flar\u0131 v\u0259t\u0259np\u0259rv\u0259rdirl\u0259r.\u00a0Bunu\u00a0Az\u0259rbaycan o\u011fullar\u0131 d\u0259f\u0259l\u0259rl\u0259\u00a0\u00f6z\u00a0\u0259m\u0259li il\u0259\u00a0s\u00fcbut\u00a0edib.<\/p>\n<p>Haz\u0131rda g\u0259nc n\u0259slin\u00a0milli\u00a0m\u0259nlik\u00a0\u015f\u00fcurunun\u00a0inki\u015faf\u00a0etdirilm\u0259si v\u0259 v\u0259t\u0259np\u0259rv\u0259rlik hissl\u0259rinin art\u0131r\u0131lmas\u0131nda \u00f6lk\u0259d\u0259 f\u0259aliyy\u0259t g\u00f6st\u0259r\u0259n g\u0259ncl\u0259r t\u0259\u015fkilatlar\u0131n\u0131n\u00a0rolu\u00a0dan\u0131lmazd\u0131r.<\/p>\n<p>G\u0259ncl\u0259r t\u0259\u015fkilat\u0131g\u0259ncl\u0259r siyas\u0259tinin\u00a0strateji\u00a0b\u00f6lm\u0259sidir\u00a0ki,\u00a0onun\u00a0da\u00a0\u0259sas\u0131\u00a0Ulu\u00a0\u00d6nd\u0259r Heyd\u0259r \u018fliyev t\u0259r\u0259find\u0259n 1994-c\u00fc ild\u0259\u00a0qoyulub. M\u0259hz\u00a0bundan\u00a0sonra\u00a0g\u0259ncl\u0259rl\u0259 ba\u011fl\u0131 h\u0259yata ke\u00e7iril\u0259n\u00a0b\u00fct\u00fcn\u00a0islahatlar\u0131n birind\u0259\u00a0milli\u00a0m\u0259nlik\u00a0\u015f\u00fcurunun\u00a0inki\u015faf\u00a0etdirilm\u0259si v\u0259 v\u0259t\u0259np\u0259rv\u0259rlik hissl\u0259rinin t\u0259rbiy\u0259si m\u0259s\u0259l\u0259si h\u0259r\u00a0zaman\u00a0prioritet\u00a0olub.Haz\u0131rda\u00a0Prezident\u00a0\u0130lham\u00a0\u018fliyev t\u0259r\u0259find\u0259n\u00a0davam\u00a0etdiril\u0259n siyas\u0259t g\u0259ncl\u0259rin\u00a0milli\u00a0\u015f\u00fcuru\u00a0v\u0259 v\u0259t\u0259np\u0259rv\u0259rlik\u00a0hissinin\u00a0formala\u015fmas\u0131nda \u0259v\u0259zsiz\u00a0rol\u00a0oynay\u0131r.\u00a0Bel\u0259\u00a0ki, Az\u0259rbaycan Respublikas\u0131n\u0131n\u00a0Prezidenti\u00a0yan\u0131nda Qeyri-H\u00f6kum\u0259t T\u0259\u015fkilatlar\u0131na D\u00f6vl\u0259t D\u0259st\u0259yi \u015euras\u0131, Az\u0259rbaycan Respublikas\u0131n\u0131n\u00a0Prezidenti\u00a0yan\u0131nda G\u0259ncl\u0259r Fondu ,Elm Fondu ,Bilik Fondunun t\u0259sis edilm\u0259si g\u0259ncl\u0259rin v\u0259t\u0259np\u0259rv\u0259rlik\u00a0hissinin\u00a0y\u00fcks\u0259lm\u0259si sah\u0259sind\u0259 geni\u015f imkanlar yarad\u0131b.<\/p>\n<p>B\u00fct\u00fcn\u00a0yarad\u0131lan\u00a0bu\u00a0imkanlar\u0131n\u00a0 qay\u0259sind\u0259\u00a0milli\u00a0m\u0259nlik\u00a0\u015f\u00fcurunun\u00a0inki\u015faf\u00a0etdirilm\u0259si dayan\u0131r.<\/p>\n<p><strong>\u00c7e\u00e7en xalq\u0131n\u0131n lideri olmu\u015f C\u00f6vh\u0259r Dudayevin bir fikri \u201cAz\u0259rbaycan\u0131n mentaliteti,mill\u0259tinin c\u0259sar\u0259ti,\u0259lveri\u015fli co\u011frafi \u015f\u0259raiti,t\u0259bii s\u0259rv\u0259tl\u0259ri \u00e7e\u00e7enl\u0259rd\u0259 olsayd\u0131,m\u0259n d\u00fcnyaya h\u00f6km ed\u0259rdim\u201d<\/strong>Az\u0259rbaycan xalq\u0131n\u0131n birliyind\u0259n,onun m\u00fcbarizliyind\u0259n v\u0259t\u0259np\u0259r-v\u0259rliyind\u0259n qaynaqlan\u0131r.<\/p>\n<p>Bu\u00a0g\u00fcn\u00a0m\u00fcasir\u00a0g\u0259ncl\u0259rin v\u0259t\u0259np\u0259rv\u0259r\u00a0ruhda\u00a0yeti\u015fm\u0259si\u00a0\u00fc\u00e7\u00fcn\u00a0t\u0259hsil m\u00fc\u0259ssis\u0259l\u0259rinin \u00fcz\u0259rin\u0259 b\u00f6y\u00fck m\u0259suliyy\u0259t d\u00fc\u015f\u00fcr.T\u0259hsil m\u00fc\u0259ssis\u0259l\u0259ri g\u0259ncl\u0259ri v\u0259t\u0259np\u0259rv\u0259r ruhda yeti\u015fdirm\u0259lidir.Bu bax\u0131mda Az\u0259rbaycan g\u0259ncl\u0259ri h\u0259rbi v\u0259t\u0259np\u0259rv\u0259rliyi ail\u0259d\u0259n ba\u015flayaraq \u00f6yr\u0259nirl\u0259r.\u0130nsan\u0131n \u0259n\u00a0ali\u00a0v\u0259 \u0259z\u0259li hissl\u0259rind\u0259n\u00a0olan\u00a0v\u0259t\u0259np\u0259rv\u0259rlik h\u0259r k\u0259sin\u00a0do\u011fulub\u00a0boya-ba\u015fa\u00a0\u00e7atd\u0131\u011f\u0131 el\u0259,\u00a0obaya,\u00a0torpa\u011fa, v\u0259t\u0259nda\u015f\u0131\u00a0oldu\u011fu\u00a0\u00f6lk\u0259y\u0259 m\u0259h\u0259bb\u0259td\u0259n qaynaqlan\u0131r.\u00a0Lakin\u00a0v\u0259t\u0259np\u0259rv\u0259rlik t\u0259kc\u0259 v\u0259t\u0259ni sevm\u0259k\u00a0deyil.<\/p>\n<p>V\u0259t\u0259np\u0259rv\u0259rlik h\u0259m d\u0259 v\u0259t\u0259nin namin\u0259 \u00e7al\u0131\u015fmaq,v\u0259t\u0259ni qoruma\u011fa h\u0259r an haz\u0131r olmaq,\u00a0onun\u00a0yolunda\u00a0q\u0259hr\u0259manl\u0131qlar, f\u0259dakarl\u0131qlar g\u00f6st\u0259rm\u0259k, v\u0259t\u0259nin, xalq\u0131n h\u0259r bir sevincin\u0259, h\u0259r\u00a0bir\u00a0u\u011furuna\u00a0sevinm\u0259kdir.\u00a0Bu\u00a0hiss\u00a0insanda\u00a0anadang\u0259lm\u0259\u00a0olsa\u00a0da,\u00a0b\u00fct\u00fcn\u00a0dig\u0259r hissl\u0259r kimi t\u0259rbiy\u0259y\u0259 m\u00f6htacd\u0131r v\u0259 t\u0259rbiy\u0259\u00a0yolu\u00a0il\u0259\u00a0daha\u00a0da\u00a0m\u00f6hk\u0259ml\u0259nir, art\u0131r.<\/p>\n<p>V\u0259t\u0259np\u0259rv\u0259rlik insan\u0131 s\u0259ciyy\u0259l\u0259ndir\u0259n \u0259n\u00a0m\u00fch\u00fcm\u00a0keyfiyy\u0259tl\u0259rd\u0259n\u00a0oldu\u011fundan\u00a0onun\u00a0b\u00f6y\u00fcm\u0259kd\u0259\u00a0olan\u00a0n\u0259sl\u0259 a\u015f\u0131lanmas\u0131,\u00a0u\u015faq, yeniyetm\u0259 v\u0259 g\u0259ncl\u0259rin v\u0259t\u0259np\u0259rv\u0259rlik\u00a0ruhunda\u00a0t\u0259rbiy\u0259si h\u0259mi\u015f\u0259 t\u0259lim-t\u0259rbiy\u0259\u00a0i\u015finin\u00a0\u0259n\u00a0m\u00fch\u00fcm\u00a0istiqam\u0259tl\u0259rind\u0259n, m\u0259kt\u0259bin \u0259n\u00a0vacib\u00a0v\u0259zif\u0259l\u0259rind\u0259n\u00a0olub.<\/p>\n<p>M\u00fcasir\u00a0d\u00f6vrd\u0259 t\u0259hsilin qar\u015f\u0131s\u0131nda\u00a0qoyulmu\u015f\u00a0f\u0259al v\u0259t\u0259nda\u015flar yeti\u015fdirm\u0259k v\u0259zif\u0259si d\u0259 m\u0259hz\u00a0sistemli, ard\u0131c\u0131l apar\u0131lan v\u0259t\u0259np\u0259rv\u0259rlik t\u0259rbiy\u0259sinin n\u0259tic\u0259sind\u0259 realla\u015fd\u0131r\u0131l\u0131r.\u00a0M\u0259lumdur\u00a0ki, t\u0259lim-t\u0259rbiy\u0259\u00a0i\u015finin\u00a0b\u00fct\u00fcn\u00a0sah\u0259l\u0259rind\u0259, istiqam\u0259tl\u0259rind\u0259\u00a0oldu\u011fu\u00a0kimi\u00a0v\u0259t\u0259np\u0259rv\u0259rlik t\u0259rbiy\u0259sinin d\u0259 \u0259sas\u0131 m\u0259kt\u0259bl\u0259rd\u0259\u00a0qoyulur\u00a0v\u0259\u00a0o, sonrak\u0131 t\u0259lim pill\u0259l\u0259rind\u0259\u00a0daha\u00a0da\u00a0inki\u015faf\u00a0etdirilir.\u00a0Bu\u00a0m\u0259nada b\u00f6y\u00fcm\u0259kd\u0259\u00a0olan\u00a0n\u0259slin v\u0259t\u0259np\u0259rv\u0259rlik t\u0259rbiy\u0259sind\u0259\u00a0orta m\u0259kt\u0259b\u00a0m\u00fc\u0259lliml\u0259rinin \u00fcz\u0259rin\u0259\u00a0b\u00f6y\u00fck\u00a0m\u0259suliyy\u0259t\u00a0d\u00fc\u015f\u00fcr.\u00a0Onlar\u00a0m\u0259kt\u0259b\u0259 q\u0259d\u0259m\u00a0qoyan\u00a0k\u00f6rp\u0259 fidanlar\u0131n q\u0259lbind\u0259 el\u0259\u00a0ilk\u00a0g\u00fcnl\u0259rd\u0259n v\u0259t\u0259n\u0259 m\u0259h\u0259bb\u0259t a\u015f\u0131lama\u011fa,\u00a0onu\u00a0g\u00fccl\u00fc\u00a0v\u0259t\u0259np\u0259rv\u0259rlik hissin\u0259 \u00e7evirm\u0259y\u0259 \u00e7al\u0131\u015f\u0131rlar.<\/p>\n<p>Torpaqlar\u0131m\u0131z 30 il\u0259 yax\u0131n d\u00fc\u015fm\u0259nin i\u015f\u011fal\u0131 alt\u0131nda qald\u0131, lakin Az\u0259rbaycan g\u0259ncliyi bununla bar\u0131\u015fmad\u0131. D\u00f6vl\u0259timiz bu i\u015f\u011fal\u0131n aradan qald\u0131r\u0131lmas\u0131 \u00fc\u00e7\u00fcn s\u00fclh yolunu ill\u0259rl\u0259 t\u0259klif etdi, qan t\u00f6k\u00fclm\u0259m\u0259si \u00fc\u00e7\u00fcn dan\u0131\u015f\u0131qlar apard\u0131. Amma qar\u015f\u0131 t\u0259r\u0259fin buna m\u0259h\u0259l qoymamas\u0131, dan\u0131\u015f\u0131qlara deyil, t\u0259xribatlara \u00fcst\u00fcnl\u00fck verm\u0259si fonunda 27 sentyabr 2020-ci il tarixind\u0259 ba\u015flayan, 44 g\u00fcn davam ed\u0259n m\u00fcharib\u0259d\u0259 Prezident \u0130lham \u018fliyevin siyasi irad\u0259si, Ordumuzun r\u0259\u015fad\u0259ti il\u0259 Az\u0259rbaycan g\u0259ncliyi \u00f6z s\u00f6z\u00fcn\u00fc dedi.<\/p>\n<p>C\u0259bh\u0259nin m\u00fcxt\u0259lif istiqam\u0259tl\u0259rind\u0259 ged\u0259n d\u00f6y\u00fc\u015fl\u0259r zaman\u0131 g\u0259ncl\u0259rimizin igidliyi bar\u0259d\u0259 ill\u0259r, onillikl\u0259r boyu yaz\u0131lsa da bitib-t\u00fck\u0259n\u0259n deyil. X\u00fcsusil\u0259, Az\u0259rbaycan\u0131n m\u0259d\u0259niyy\u0259t paytaxt\u0131 olan \u015eu\u015fan\u0131n i\u015f\u011faldan azad edilm\u0259si igidliyin, c\u0259surlu\u011fun \u0259n pik n\u00f6qt\u0259si hesab olunur.Bu bax\u0131mdan V\u0259zir Orucovun,M\u00fcbariz \u0130brahimovun,general Polad H\u0259\u015fimovun q\u0259hr\u0259manl\u0131q,d\u00f6y\u00fc\u015f \u015f\u00fcca\u0259tin n\u00fcmun\u0259 g\u00f6st\u0259r\u0259 bil\u0259rik.Bu q\u0259hr\u0259manl\u0131q h\u0259r bir az\u0259rbaycan g\u0259ncinin qan\u0131nda v\u0259 irsind\u0259dir.<\/p>\n<p>Ordu d\u00f6vl\u0259tin m\u00fcst\u0259qiliyini, suverenliyini v\u0259 \u0259razi b\u00f6t\u00f6vl\u00fcy\u00fcn\u00fcn qorunmas\u0131n\u0131n\u00a0 t\u0259minat\u00e7\u0131s\u0131d\u0131r. Ordunun t\u0259rkib hiss\u0259sinin b\u00f6y\u00fck bir qismi g\u0259ncl\u0259rd\u0259n ibar\u0259tdir. M\u00fcharib\u0259 d\u00f6vr\u00fcnd\u0259 Prezident \u0130lham \u018fliyevin g\u0259ncl\u0259r\u0259 m\u00fcraci\u0259ti Az\u0259rbaycan g\u0259ncl\u0259rinin \u00fcz\u0259rin\u0259 d\u00fc\u015f\u0259n m\u0259suliyy\u0259t idi. Bu \u00e7a\u011f\u0131r\u0131\u015fdan sonra g\u0259ncl\u0259rin V\u0259t\u0259nin m\u00fcdafi\u0259sin\u0259 k\u00f6n\u00fcll\u00fc olaraq qo\u015fulmas\u0131, x\u00fcsusil\u0259 \u00f6lk\u0259 xaricind\u0259 ya\u015fayan g\u0259ncl\u0259rin d\u0259 bu \u00e7a\u011f\u0131r\u0131\u015fa s\u0259s verm\u0259si tarixi q\u0259l\u0259b\u0259nin ilk q\u0131\u011f\u0131lc\u0131mlar\u0131 oldu. 44 g\u00fcnl\u00fck m\u00fcharib\u0259d\u0259 \u015f\u00fcca\u0259t g\u00f6st\u0259r\u0259r\u0259k Az\u0259rbaycan\u0131n i\u015f\u011fal alt\u0131nda olan torpaqlar\u0131n\u0131n i\u015f\u011faldan azad edilm\u0259si Az\u0259rbaycan g\u0259ncliyinin v\u0259t\u0259np\u0259rv\u0259r ruhda t\u0259rbiy\u0259 almas\u0131n\u0131n \u0259yani g\u00f6st\u0259ricisi oldu.<\/p>\n<p><strong>Raqub Yunisov, YAP B\u0259rd\u0259 rayon t\u0259\u015fkilat\u0131n\u0131n f\u0259al\u0131 ,\u018frazi Partiya T\u0259\u015fkilat s\u0259dri.<\/strong><\/p>\n<p><strong>\u00a0<\/strong><\/p>\n","protected":false},"excerpt":{"rendered":"<p>26 iyun Az\u0259rbaycan Respublikas\u0131n\u0131n Silahl\u0131 q\u00fcvv\u0259l\u0259rinin yaranmas\u0131 g\u00fcn\u00fcd\u00fcr. \u00dcmummilli lider Heyd\u0259r \u018fliyev: &#8220;Biz bu g\u00fcn b\u00f6y\u00fck iftixar hissi il\u0259 deyirik ki, Az\u0259rbaycan Respublikas\u0131n\u0131n Milli Ordusu &#8211; respublikam\u0131z\u0131n milli t\u0259hl\u00fck\u0259sizliyini, \u0259halimizin \u0259min-amanl\u0131\u011f\u0131n\u0131 v\u0259 m\u00fchafiz\u0259sini t\u0259min etm\u0259k \u00fc\u00e7\u00fcn, \u00f6lk\u0259mizin s\u0259rh\u0259dl\u0259rinin qorunmas\u0131, \u0259razi b\u00fct\u00f6vl\u00fcy\u00fcn\u00fcn, torpaqlar\u0131n\u0131n m\u00fcdafi\u0259 edilm\u0259si \u00fc\u00e7\u00fcn Az\u0259rbaycan\u0131n layiqli Silahl\u0131 Q\u00fcvv\u0259l\u0259ri vard\u0131r&#8221; Az\u0259rbaycan v\u0259t\u0259nda\u015flar\u0131 v\u0259t\u0259np\u0259rv\u0259rdirl\u0259r.\u00a0Bunu\u00a0Az\u0259rbaycan o\u011fullar\u0131 d\u0259f\u0259l\u0259rl\u0259\u00a0\u00f6z\u00a0\u0259m\u0259li il\u0259\u00a0s\u00fcbut\u00a0edib. Haz\u0131rda g\u0259nc n\u0259slin\u00a0milli\u00a0m\u0259nlik\u00a0\u015f\u00fcurunun\u00a0inki\u015faf\u00a0etdirilm\u0259si v\u0259 v\u0259t\u0259np\u0259rv\u0259rlik hissl\u0259rinin art\u0131r\u0131lmas\u0131nda \u00f6lk\u0259d\u0259 f\u0259aliyy\u0259t g\u00f6st\u0259r\u0259n g\u0259ncl\u0259r t\u0259\u015fkilatlar\u0131n\u0131n\u00a0rolu\u00a0dan\u0131lmazd\u0131r. G\u0259ncl\u0259r t\u0259\u015fkilat\u0131g\u0259ncl\u0259r siyas\u0259tinin\u00a0strateji\u00a0b\u00f6lm\u0259sidir\u00a0ki,\u00a0onun\u00a0da\u00a0\u0259sas\u0131\u00a0Ulu\u00a0\u00d6nd\u0259r Heyd\u0259r \u018fliyev t\u0259r\u0259find\u0259n 1994-c\u00fc ild\u0259\u00a0qoyulub. M\u0259hz\u00a0bundan\u00a0sonra\u00a0g\u0259ncl\u0259rl\u0259 ba\u011fl\u0131 h\u0259yata ke\u00e7iril\u0259n\u00a0b\u00fct\u00fcn\u00a0islahatlar\u0131n birind\u0259\u00a0milli\u00a0m\u0259nlik\u00a0\u015f\u00fcurunun\u00a0inki\u015faf\u00a0etdirilm\u0259si v\u0259 v\u0259t\u0259np\u0259rv\u0259rlik hissl\u0259rinin t\u0259rbiy\u0259si m\u0259s\u0259l\u0259si h\u0259r\u00a0zaman\u00a0prioritet\u00a0olub.Haz\u0131rda\u00a0Prezident\u00a0\u0130lham\u00a0\u018fliyev t\u0259r\u0259find\u0259n\u00a0davam\u00a0etdiril\u0259n siyas\u0259t g\u0259ncl\u0259rin\u00a0milli\u00a0\u015f\u00fcuru\u00a0v\u0259&hellip;<\/p>\n","protected":false},"author":2,"featured_media":731929,"comment_status":"closed","ping_status":"closed","sticky":false,"template":"","format":"standard","meta":{"om_disable_all_campaigns":false,"_monsterinsights_skip_tracking":false,"_monsterinsights_sitenote_active":false,"_monsterinsights_sitenote_note":"","_monsterinsights_sitenote_category":0},"categories":[2],"tags":[],"aioseo_notices":[],"gutentor_comment":0,"rttpg_featured_image_url":{"full":["https:\/\/arantv.az\/wp-content\/uploads\/2024\/06\/8e495f26-43e0-453f-b105-9ed3206534ed.jpg",983,1200,false],"landscape":["https:\/\/arantv.az\/wp-content\/uploads\/2024\/06\/8e495f26-43e0-453f-b105-9ed3206534ed.jpg",983,1200,false],"portraits":["https:\/\/arantv.az\/wp-content\/uploads\/2024\/06\/8e495f26-43e0-453f-b105-9ed3206534ed.jpg",983,1200,false],"thumbnail":["https:\/\/arantv.az\/wp-content\/uploads\/2024\/06\/8e495f26-43e0-453f-b105-9ed3206534ed-500x280.jpg",500,280,true],"medium":["https:\/\/arantv.az\/wp-content\/uploads\/2024\/06\/8e495f26-43e0-453f-b105-9ed3206534ed-299x365.jpg",299,365,true],"large":["https:\/\/arantv.az\/wp-content\/uploads\/2024\/06\/8e495f26-43e0-453f-b105-9ed3206534ed-688x840.jpg",640,781,true],"1536x1536":["https:\/\/arantv.az\/wp-content\/uploads\/2024\/06\/8e495f26-43e0-453f-b105-9ed3206534ed.jpg",983,1200,false],"2048x2048":["https:\/\/arantv.az\/wp-content\/uploads\/2024\/06\/8e495f26-43e0-453f-b105-9ed3206534ed.jpg",983,1200,false],"post-thumbnail":["https:\/\/arantv.az\/wp-content\/uploads\/2024\/06\/8e495f26-43e0-453f-b105-9ed3206534ed-240x172.jpg",240,172,true],"advps-thumb-one":["https:\/\/arantv.az\/wp-content\/uploads\/2024\/06\/8e495f26-43e0-453f-b105-9ed3206534ed-983x620.jpg",983,620,true]},"rttpg_author":{"display_name":"V\u00fcsal Rafiqo\u011flu","author_link":"https:\/\/arantv.az\/?author=2"},"rttpg_comment":0,"rttpg_category":"<a href=\"https:\/\/arantv.az\/?cat=2\" rel=\"category\">Region X\u0259b\u0259rl\u0259ri<\/a>","rttpg_excerpt":"26 iyun Az\u0259rbaycan Respublikas\u0131n\u0131n Silahl\u0131 q\u00fcvv\u0259l\u0259rinin yaranmas\u0131 g\u00fcn\u00fcd\u00fcr. \u00dcmummilli lider Heyd\u0259r \u018fliyev: &#8220;Biz bu g\u00fcn b\u00f6y\u00fck iftixar hissi il\u0259 deyirik ki, Az\u0259rbaycan Respublikas\u0131n\u0131n Milli Ordusu &#8211; respublikam\u0131z\u0131n milli t\u0259hl\u00fck\u0259sizliyini, \u0259halimizin \u0259min-amanl\u0131\u011f\u0131n\u0131 v\u0259 m\u00fchafiz\u0259sini t\u0259min etm\u0259k \u00fc\u00e7\u00fcn, \u00f6lk\u0259mizin s\u0259rh\u0259dl\u0259rinin qorunmas\u0131, \u0259razi b\u00fct\u00f6vl\u00fcy\u00fcn\u00fcn, torpaqlar\u0131n\u0131n m\u00fcdafi\u0259 edilm\u0259si \u00fc\u00e7\u00fcn Az\u0259rbaycan\u0131n layiqli Silahl\u0131 Q\u00fcvv\u0259l\u0259ri vard\u0131r&#8221; Az\u0259rbaycan v\u0259t\u0259nda\u015flar\u0131 v\u0259t\u0259np\u0259rv\u0259rdirl\u0259r.\u00a0Bunu\u00a0Az\u0259rbaycan o\u011fullar\u0131 d\u0259f\u0259l\u0259rl\u0259\u00a0\u00f6z\u00a0\u0259m\u0259li&hellip;","_links":{"self":[{"href":"https:\/\/arantv.az\/index.php?rest_route=\/wp\/v2\/posts\/731928"}],"collection":[{"href":"https:\/\/arantv.az\/index.php?rest_route=\/wp\/v2\/posts"}],"about":[{"href":"https:\/\/arantv.az\/index.php?rest_route=\/wp\/v2\/types\/post"}],"author":[{"embeddable":true,"href":"https:\/\/arantv.az\/index.php?rest_route=\/wp\/v2\/users\/2"}],"replies":[{"embeddable":true,"href":"https:\/\/arantv.az\/index.php?rest_route=%2Fwp%2Fv2%2Fcomments&post=731928"}],"version-history":[{"count":0,"href":"https:\/\/arantv.az\/index.php?rest_route=\/wp\/v2\/posts\/731928\/revisions"}],"wp:featuredmedia":[{"embeddable":true,"href":"https:\/\/arantv.az\/index.php?rest_route=\/wp\/v2\/media\/731929"}],"wp:attachment":[{"href":"https:\/\/arantv.az\/index.php?rest_route=%2Fwp%2Fv2%2Fmedia&parent=731928"}],"wp:term":[{"taxonomy":"category","embeddable":true,"href":"https:\/\/arantv.az\/index.php?rest_route=%2Fwp%2Fv2%2Fcategories&post=731928"},{"taxonomy":"post_tag","embeddable":true,"href":"https:\/\/arantv.az\/index.php?rest_route=%2Fwp%2Fv2%2Ftags&post=731928"}],"curies":[{"name":"wp","href":"https:\/\/api.w.org\/{rel}","templated":true}]}}