{"id":732295,"date":"2024-06-25T15:07:57","date_gmt":"2024-06-25T11:07:57","guid":{"rendered":"https:\/\/arantv.az\/?p=732295"},"modified":"2024-06-25T15:07:57","modified_gmt":"2024-06-25T11:07:57","slug":"qht-l%c9%99rin-%c9%99m%c9%99kdasliq-forumunun-istirakcilari-prezident%c9%99-muraci%c9%99t-unvanlayiblar","status":"publish","type":"post","link":"https:\/\/arantv.az\/?p=732295","title":{"rendered":"QHT-l\u0259rin \u018fm\u0259kda\u015fl\u0131q Forumunun i\u015ftirak\u00e7\u0131lar\u0131 Prezident\u0259 m\u00fcraci\u0259t \u00fcnvanlay\u0131blar"},"content":{"rendered":"<p>Z\u0259ngilanda ke\u00e7iril\u0259n Az\u0259rbaycan Qeyri-H\u00f6kum\u0259t T\u0259\u015fkilatlar\u0131n\u0131n (QHT) \u018fm\u0259kda\u015fl\u0131q Forumunun i\u015ftirak\u00e7\u0131lar\u0131 Prezident \u0130lham \u018fliyev\u0259 m\u00fcraci\u0259t \u00fcnvanlay\u0131blar.<\/p>\n<p><strong>ARANTV.AZ\u00a0 x\u0259b\u0259r verir ki,<\/strong>\u00a0\u00a0&#8220;Ya\u015f\u0131l Dunya Namin\u0259 Az\u0259rbaycan QHT-l\u0259rinin H\u0259mr\u0259ylik M\u00fcraci\u0259ti&#8221; 2024-c\u00fc ilin &#8220;Ya\u015f\u0131l D\u00fcnya Namin\u0259 H\u0259mr\u0259ylik \u0130li&#8221; elan edilm\u0259si v\u0259 Az\u0259rbaycanda ke\u00e7iril\u0259c\u0259k COP29 t\u0259dbiri il\u0259 ba\u011fl\u0131d\u0131r.<\/p>\n<p><em><strong>M\u00fcraci\u0259td\u0259 deyilir:<\/strong><\/em><\/p>\n<p>&#8220;Biz &#8211; Az\u0259rbaycan QHT-l\u0259rinin \u018fm\u0259kda\u015fl\u0131q Forumunun i\u015ftirak\u00e7\u0131lar\u0131 olan ictimai birlikl\u0259rin r\u0259hb\u0259rl\u0259ri Sizin Ya\u015f\u0131l D\u00fcnya Namin\u0259 ard\u0131c\u0131l v\u0259 m\u0259qs\u0259dy\u00f6nl\u00fc f\u0259aliyy\u0259tinizi y\u00fcks\u0259k qiym\u0259tl\u0259ndirir v\u0259 t\u0259qdir edirik.<\/p>\n<p>Y\u00fcr\u00fctd\u00fcy\u00fcn\u00fcz siyas\u0259tin m\u0259ntiqi n\u0259tic\u0259sidir ki, bu g\u00fcn i\u015f\u011faldan azad edilmi\u015f Qaraba\u011f v\u0259 \u015e\u0259rqi Z\u0259ng\u0259zur c\u0259nn\u0259t\u0259 \u00e7evrilir, bu \u0259razil\u0259r eyni zamanda ya\u015f\u0131l enerji zonalar\u0131 elan olunub.<\/p>\n<p>Beyn\u0259lxalq ictimaiyy\u0259tin yekdillikl\u0259 COP29-a ev sahibliyini bu d\u0259f\u0259 m\u0259hz Az\u0259rbaycana h\u0259val\u0259 etm\u0259si Sizin d\u00fcnyan\u0131 h\u0259mr\u0259yliy\u0259 d\u0259v\u0259t ed\u0259n ya\u015f\u0131l enerji siyas\u0259tiniz\u0259 olan b\u00f6y\u00fck h\u00f6rm\u0259t v\u0259 r\u0259\u011fb\u0259ti ayd\u0131n ifad\u0259 edir. Az\u0259rbaycan\u0131n COP29 \u00f6lk\u0259si kimi iqlim d\u0259yi\u015fm\u0259l\u0259ri s\u0259b\u0259bind\u0259n su alt\u0131nda qalmaq t\u0259hl\u00fck\u0259si il\u0259 \u00fczl\u0259\u015fmi\u015f ki\u00e7ik ada d\u00f6vl\u0259tl\u0259rin\u0259 qlobal d\u0259st\u0259yin t\u0259min olunmas\u0131 \u00fc\u00e7\u00fcn f\u0259al i\u015f aparmas\u0131 \u00f6lk\u0259miz\u0259 x\u00fcsusil\u0259 \u0130EO\u00d6-in diqq\u0259tini daha da art\u0131r\u0131b.<\/p>\n<p>Son bir ne\u00e7\u0259 ay \u0259rzind\u0259 COP29-la \u0259laq\u0259dar \u00fcmumilikd\u0259 71 \u00f6lk\u0259d\u0259n 367 QHT v\u0259 ictimai f\u0259al\u0131n m\u00fcxt\u0259lif birg\u0259 b\u0259yanatlar ver\u0259r\u0259k Az\u0259rbaycan\u0131n qlobal iqlim d\u0259yi\u015fm\u0259l\u0259ri il\u0259 m\u00fcbariz\u0259sin\u0259 g\u00fccl\u00fc d\u0259st\u0259k ifad\u0259 etm\u0259si, bu \u00f6lk\u0259l\u0259rd\u0259n 62-sinin m\u0259hz \u0130EO\u00d6-l\u0259r olmas\u0131 bunun ayd\u0131n ifad\u0259sidir.<\/p>\n<p>OPEC+ platformas\u0131n\u0131n \u00fczv\u00fc olan Az\u0259rbaycan d\u00fcnyaya n\u00fcmun\u0259 g\u00f6st\u0259rir ki, m\u0259hz neft v\u0259 qaz\u0131 z\u0259ngin olan \u00f6lk\u0259l\u0259r iqlim d\u0259yi\u015fm\u0259l\u0259ri m\u0259s\u0259l\u0259l\u0259rinin h\u0259llind\u0259 t\u0259\u015f\u0259bb\u00fcskarl\u0131\u011f\u0131 \u0259l\u0259 almal\u0131d\u0131r.<\/p>\n<p>Sizin r\u0259hb\u0259rliyinizl\u0259 ya\u015f\u0131l ke\u00e7id \u00fczr\u0259 art\u0131q n\u0259h\u0259ng layih\u0259l\u0259r\u0259 ba\u015flan\u0131l\u0131b. Az\u0259rbaycan\u0131n yax\u0131n 6 ild\u0259 g\u00fcn\u0259\u015f v\u0259 k\u00fcl\u0259k enerjisi 5000 meqavat (5 qiqavat) t\u0259\u015fkil ed\u0259c\u0259k. 4 qiqavat h\u0259cmind\u0259 ya\u015f\u0131l enerjini Avropaya ixrac etm\u0259k imkan\u0131 yaranacaq. D\u0259nizd\u0259 k\u00fcl\u0259k enerjisinin t\u0259sdiql\u0259nmi\u015f ehtiyatlar\u0131 157 qiqavatd\u0131r. Bu, Az\u0259rbaycan\u0131n ya\u015f\u0131l enerji potensial\u0131n\u0131 ayd\u0131n n\u00fcmayi\u015f etdirir.<\/p>\n<p>Qlobal istil\u0259\u015fm\u0259 \u015f\u0259raitind\u0259 Az\u0259rbaycan d\u00fcnyaya m\u00fcdrik mesaj verir ki, qlobal iqlim d\u0259yi\u015fm\u0259l\u0259rinin s\u0259b\u0259b ola bil\u0259c\u0259yi f\u0259lak\u0259tin qar\u015f\u0131s\u0131 yaln\u0131z qlobal h\u0259mr\u0259ylikl\u0259 al\u0131na bil\u0259r.<\/p>\n<p>Biz &#8211; Az\u0259rbaycan\u0131n v\u0259t\u0259nda\u015f c\u0259miyy\u0259ti t\u0259msil\u00e7il\u0259ri Sizin yan\u0131n\u0131zday\u0131q, Sizinl\u0259 bir yerd\u0259yik, Sizinl\u0259 f\u0259xr edirik!<\/p>\n<p>QHT-l\u0259r\u0259 D\u00f6vl\u0259t D\u0259st\u0259yi Agentliyi v\u0259 Az\u0259rbaycan Milli QHT Forumunun birg\u0259 t\u0259\u015fkilat\u00e7\u0131l\u0131\u011f\u0131 il\u0259 Z\u0259ngilanda ke\u00e7irilmi\u015f forumda ekoloji m\u0259s\u0259l\u0259l\u0259rin m\u00fczakir\u0259si \u00fcst\u00fcnl\u00fck t\u0259\u015fkil etdi, 3 paneld\u0259n 2-si bu m\u00f6vzuda idi. Apar\u0131lm\u0131\u015f m\u00fczakir\u0259l\u0259r \u0259sas\u0131nda biz bel\u0259 bir \u00fcmumi q\u0259na\u0259t\u0259 g\u0259lirik ki, Sizin ya\u015f\u0131l d\u00fc\u015f\u00fcnc\u0259y\u0259 s\u00f6yk\u0259n\u0259n yeni enerji strategiyan\u0131z Az\u0259rbaycana qar\u015f\u0131dak\u0131 d\u00f6vrd\u0259 daha b\u00f6y\u00fck q\u0259l\u0259b\u0259l\u0259r b\u0259x\u015f ed\u0259c\u0259k!<\/p>\n<p>Siz qalib xalq\u0131n qalib lideri kimi \u00f6lk\u0259mizi yeni inki\u015faf m\u0259rh\u0259l\u0259sin\u0259 qald\u0131rm\u0131s\u0131n\u0131z.<\/p>\n<p>Biz Qaraba\u011f v\u0259 \u015e\u0259rqi Z\u0259ng\u0259zurda n\u0259h\u0259ng quruculuq v\u0259 b\u0259rpa i\u015fl\u0259rinin \u015fahidiyik. T\u0259\u0259ss\u00fcfl\u0259r olsun ki, Erm\u0259nistan i\u015f\u011fal d\u00f6vr\u00fcnd\u0259 Az\u0259rbaycan torpaqlar\u0131n\u0131 1.5 milyondan \u00e7ox mina v\u0259 partlamam\u0131\u015f h\u0259rbi sursat il\u0259 \u00e7irkl\u0259ndirib. \u0130ndi \u0259razinin minadan t\u0259mizl\u0259nm\u0259si, \u0259traf m\u00fchitin qorunmas\u0131 \u00fc\u00e7\u00fcn b\u00f6y\u00fck i\u015fl\u0259r apar\u0131rs\u0131n\u0131z. Biz q\u0259ti \u0259minik ki, g\u00fcn g\u0259l\u0259c\u0259k Siz Qaraba\u011f v\u0259 \u015e\u0259rqi Z\u0259ng\u0259zuru minadan azad b\u00f6lg\u0259 elan ed\u0259c\u0259ksiniz!<\/p>\n<p>Biz &#8211; \u201cYa\u015f\u0131l D\u00fcnya Namin\u0259 Az\u0259rbaycan QHT-l\u0259rinin H\u0259mr\u0259ylik M\u00fcraci\u0259ti\u201dni q\u0259bul etm\u0259kl\u0259, apard\u0131\u011f\u0131n\u0131z siyas\u0259t\u0259 tam d\u0259st\u0259yimizi ifad\u0259 edir, yorulmaz f\u0259aliyy\u0259tinizd\u0259 Siz\u0259 u\u011furlar arzulay\u0131r\u0131q!&#8221;.<\/p>\n","protected":false},"excerpt":{"rendered":"<p>Z\u0259ngilanda ke\u00e7iril\u0259n Az\u0259rbaycan Qeyri-H\u00f6kum\u0259t T\u0259\u015fkilatlar\u0131n\u0131n (QHT) \u018fm\u0259kda\u015fl\u0131q Forumunun i\u015ftirak\u00e7\u0131lar\u0131 Prezident \u0130lham \u018fliyev\u0259 m\u00fcraci\u0259t \u00fcnvanlay\u0131blar. ARANTV.AZ\u00a0 x\u0259b\u0259r verir ki,\u00a0\u00a0&#8220;Ya\u015f\u0131l Dunya Namin\u0259 Az\u0259rbaycan QHT-l\u0259rinin H\u0259mr\u0259ylik M\u00fcraci\u0259ti&#8221; 2024-c\u00fc ilin &#8220;Ya\u015f\u0131l D\u00fcnya Namin\u0259 H\u0259mr\u0259ylik \u0130li&#8221; elan edilm\u0259si v\u0259 Az\u0259rbaycanda ke\u00e7iril\u0259c\u0259k COP29 t\u0259dbiri il\u0259 ba\u011fl\u0131d\u0131r. M\u00fcraci\u0259td\u0259 deyilir: &#8220;Biz &#8211; Az\u0259rbaycan QHT-l\u0259rinin \u018fm\u0259kda\u015fl\u0131q Forumunun i\u015ftirak\u00e7\u0131lar\u0131 olan ictimai birlikl\u0259rin r\u0259hb\u0259rl\u0259ri Sizin Ya\u015f\u0131l D\u00fcnya Namin\u0259 ard\u0131c\u0131l v\u0259 m\u0259qs\u0259dy\u00f6nl\u00fc f\u0259aliyy\u0259tinizi y\u00fcks\u0259k qiym\u0259tl\u0259ndirir v\u0259 t\u0259qdir edirik. Y\u00fcr\u00fctd\u00fcy\u00fcn\u00fcz siyas\u0259tin m\u0259ntiqi n\u0259tic\u0259sidir ki, bu g\u00fcn i\u015f\u011faldan azad edilmi\u015f Qaraba\u011f v\u0259 \u015e\u0259rqi Z\u0259ng\u0259zur c\u0259nn\u0259t\u0259 \u00e7evrilir, bu \u0259razil\u0259r eyni zamanda ya\u015f\u0131l enerji zonalar\u0131 elan&hellip;<\/p>\n","protected":false},"author":2,"featured_media":732296,"comment_status":"closed","ping_status":"closed","sticky":false,"template":"","format":"standard","meta":{"om_disable_all_campaigns":false,"_monsterinsights_skip_tracking":false,"_monsterinsights_sitenote_active":false,"_monsterinsights_sitenote_note":"","_monsterinsights_sitenote_category":0},"categories":[1],"tags":[],"aioseo_notices":[],"gutentor_comment":0,"rttpg_featured_image_url":{"full":["https:\/\/arantv.az\/wp-content\/uploads\/2024\/06\/e77910eb170783340828305128710213507-1.jpg",975,540,false],"landscape":["https:\/\/arantv.az\/wp-content\/uploads\/2024\/06\/e77910eb170783340828305128710213507-1.jpg",975,540,false],"portraits":["https:\/\/arantv.az\/wp-content\/uploads\/2024\/06\/e77910eb170783340828305128710213507-1.jpg",975,540,false],"thumbnail":["https:\/\/arantv.az\/wp-content\/uploads\/2024\/06\/e77910eb170783340828305128710213507-1-500x280.jpg",500,280,true],"medium":["https:\/\/arantv.az\/wp-content\/uploads\/2024\/06\/e77910eb170783340828305128710213507-1-660x365.jpg",660,365,true],"large":["https:\/\/arantv.az\/wp-content\/uploads\/2024\/06\/e77910eb170783340828305128710213507-1-840x465.jpg",640,354,true],"1536x1536":["https:\/\/arantv.az\/wp-content\/uploads\/2024\/06\/e77910eb170783340828305128710213507-1.jpg",975,540,false],"2048x2048":["https:\/\/arantv.az\/wp-content\/uploads\/2024\/06\/e77910eb170783340828305128710213507-1.jpg",975,540,false],"post-thumbnail":["https:\/\/arantv.az\/wp-content\/uploads\/2024\/06\/e77910eb170783340828305128710213507-1-240x172.jpg",240,172,true],"advps-thumb-one":["https:\/\/arantv.az\/wp-content\/uploads\/2024\/06\/e77910eb170783340828305128710213507-1.jpg",975,540,false]},"rttpg_author":{"display_name":"V\u00fcsal Rafiqo\u011flu","author_link":"https:\/\/arantv.az\/?author=2"},"rttpg_comment":0,"rttpg_category":"<a href=\"https:\/\/arantv.az\/?cat=1\" rel=\"category\">C\u0259miyy\u0259t<\/a>","rttpg_excerpt":"Z\u0259ngilanda ke\u00e7iril\u0259n Az\u0259rbaycan Qeyri-H\u00f6kum\u0259t T\u0259\u015fkilatlar\u0131n\u0131n (QHT) \u018fm\u0259kda\u015fl\u0131q Forumunun i\u015ftirak\u00e7\u0131lar\u0131 Prezident \u0130lham \u018fliyev\u0259 m\u00fcraci\u0259t \u00fcnvanlay\u0131blar. ARANTV.AZ\u00a0 x\u0259b\u0259r verir ki,\u00a0\u00a0&#8220;Ya\u015f\u0131l Dunya Namin\u0259 Az\u0259rbaycan QHT-l\u0259rinin H\u0259mr\u0259ylik M\u00fcraci\u0259ti&#8221; 2024-c\u00fc ilin &#8220;Ya\u015f\u0131l D\u00fcnya Namin\u0259 H\u0259mr\u0259ylik \u0130li&#8221; elan edilm\u0259si v\u0259 Az\u0259rbaycanda ke\u00e7iril\u0259c\u0259k COP29 t\u0259dbiri il\u0259 ba\u011fl\u0131d\u0131r. M\u00fcraci\u0259td\u0259 deyilir: &#8220;Biz &#8211; Az\u0259rbaycan QHT-l\u0259rinin \u018fm\u0259kda\u015fl\u0131q Forumunun i\u015ftirak\u00e7\u0131lar\u0131 olan ictimai birlikl\u0259rin r\u0259hb\u0259rl\u0259ri Sizin Ya\u015f\u0131l&hellip;","_links":{"self":[{"href":"https:\/\/arantv.az\/index.php?rest_route=\/wp\/v2\/posts\/732295"}],"collection":[{"href":"https:\/\/arantv.az\/index.php?rest_route=\/wp\/v2\/posts"}],"about":[{"href":"https:\/\/arantv.az\/index.php?rest_route=\/wp\/v2\/types\/post"}],"author":[{"embeddable":true,"href":"https:\/\/arantv.az\/index.php?rest_route=\/wp\/v2\/users\/2"}],"replies":[{"embeddable":true,"href":"https:\/\/arantv.az\/index.php?rest_route=%2Fwp%2Fv2%2Fcomments&post=732295"}],"version-history":[{"count":0,"href":"https:\/\/arantv.az\/index.php?rest_route=\/wp\/v2\/posts\/732295\/revisions"}],"wp:featuredmedia":[{"embeddable":true,"href":"https:\/\/arantv.az\/index.php?rest_route=\/wp\/v2\/media\/732296"}],"wp:attachment":[{"href":"https:\/\/arantv.az\/index.php?rest_route=%2Fwp%2Fv2%2Fmedia&parent=732295"}],"wp:term":[{"taxonomy":"category","embeddable":true,"href":"https:\/\/arantv.az\/index.php?rest_route=%2Fwp%2Fv2%2Fcategories&post=732295"},{"taxonomy":"post_tag","embeddable":true,"href":"https:\/\/arantv.az\/index.php?rest_route=%2Fwp%2Fv2%2Ftags&post=732295"}],"curies":[{"name":"wp","href":"https:\/\/api.w.org\/{rel}","templated":true}]}}