{"id":732345,"date":"2024-06-25T18:26:17","date_gmt":"2024-06-25T14:26:17","guid":{"rendered":"https:\/\/arantv.az\/?p=732345"},"modified":"2024-06-25T18:26:17","modified_gmt":"2024-06-25T14:26:17","slug":"birinci-qarabag-muharib%c9%99sind%c9%99-itkin-dusmus-s%c9%99xsiyy%c9%99ti-mu%c9%99yy%c9%99nl%c9%99sdiril%c9%99n-s%c9%99kkiz-s%c9%99hid-d%c9%99fn-edil%c9%99c%c9%99k","status":"publish","type":"post","link":"https:\/\/arantv.az\/?p=732345","title":{"rendered":"Birinci Qaraba\u011f m\u00fcharib\u0259sind\u0259 itkin d\u00fc\u015fm\u00fc\u015f, \u015f\u0259xsiyy\u0259ti m\u00fc\u0259yy\u0259nl\u0259\u015fdiril\u0259n s\u0259kkiz \u015f\u0259hid d\u0259fn edil\u0259c\u0259k"},"content":{"rendered":"<p>Birinci Qaraba\u011f m\u00fcharib\u0259sind\u0259 itkin d\u00fc\u015fm\u00fc\u015f v\u0259 \u015f\u0259xsiyy\u0259ti m\u00fc\u0259yy\u0259nl\u0259\u015fdiril\u0259n s\u0259kkiz \u015f\u0259hidin d\u0259fn edil\u0259c\u0259yi yer v\u0259 tarix m\u0259lum olub.<\/p>\n<p>&#8220;Report&#8221;un \u0259ld\u0259 etdiyi m\u0259lumata g\u00f6r\u0259, iyunun 27-d\u0259 H\u00f6rm\u0259t Beytulla o\u011flu Baratov, \u015eahlar H\u00fcseyna\u011fa o\u011flu A\u011fayev v\u0259 Ad\u0131g\u00f6z\u0259l \u018fmirsoltan o\u011flu Qas\u0131movun c\u0259s\u0259dl\u0259rinin qal\u0131qlar\u0131 Xa\u00e7mazda d\u0259fn olunacaqlar.<\/p>\n<p>El\u0259 h\u0259min g\u00fcn Ucar Fidail o\u011flu Zeynalovun qal\u0131qlar\u0131 G\u00f6yg\u00f6l, \u018fhliman Vahid o\u011flu \u018fsg\u0259rovun c\u0259s\u0259dl\u0259rinin qal\u0131qlar\u0131 is\u0259 \u015e\u0259mkird\u0259 d\u0259fn edil\u0259c\u0259kl\u0259r.<\/p>\n<p>\u0130yunun 28-d\u0259 is\u0259 dig\u0259r \u015f\u0259hidl\u0259r &#8211; Elman Xur\u015fud o\u011flu Cavadov Sumqay\u0131t \u015e\u0259hidl\u0259r xiyaban\u0131nda, Yasin \u015eakir o\u011flu \u018fbd\u00fcr\u0259hmanov A\u011fda\u015f rayonunun Qaracan-\u015e\u0131xlar k\u0259ndind\u0259, F\u0259qan Misir o\u011flu Yaqubov is\u0259 T\u0259rt\u0259r rayonunun Sar\u0131cal\u0131 k\u0259ndind\u0259 torpa\u011fa tap\u015f\u0131r\u0131lacaqlar.<\/p>\n","protected":false},"excerpt":{"rendered":"<p>Birinci Qaraba\u011f m\u00fcharib\u0259sind\u0259 itkin d\u00fc\u015fm\u00fc\u015f v\u0259 \u015f\u0259xsiyy\u0259ti m\u00fc\u0259yy\u0259nl\u0259\u015fdiril\u0259n s\u0259kkiz \u015f\u0259hidin d\u0259fn edil\u0259c\u0259yi yer v\u0259 tarix m\u0259lum olub. &#8220;Report&#8221;un \u0259ld\u0259 etdiyi m\u0259lumata g\u00f6r\u0259, iyunun 27-d\u0259 H\u00f6rm\u0259t Beytulla o\u011flu Baratov, \u015eahlar H\u00fcseyna\u011fa o\u011flu A\u011fayev v\u0259 Ad\u0131g\u00f6z\u0259l \u018fmirsoltan o\u011flu Qas\u0131movun c\u0259s\u0259dl\u0259rinin qal\u0131qlar\u0131 Xa\u00e7mazda d\u0259fn olunacaqlar. El\u0259 h\u0259min g\u00fcn Ucar Fidail o\u011flu Zeynalovun qal\u0131qlar\u0131 G\u00f6yg\u00f6l, \u018fhliman Vahid o\u011flu \u018fsg\u0259rovun c\u0259s\u0259dl\u0259rinin qal\u0131qlar\u0131 is\u0259 \u015e\u0259mkird\u0259 d\u0259fn edil\u0259c\u0259kl\u0259r. \u0130yunun 28-d\u0259 is\u0259 dig\u0259r \u015f\u0259hidl\u0259r &#8211; Elman Xur\u015fud o\u011flu Cavadov Sumqay\u0131t \u015e\u0259hidl\u0259r xiyaban\u0131nda, Yasin \u015eakir o\u011flu \u018fbd\u00fcr\u0259hmanov A\u011fda\u015f rayonunun Qaracan-\u015e\u0131xlar k\u0259ndind\u0259, F\u0259qan Misir o\u011flu Yaqubov is\u0259 T\u0259rt\u0259r rayonunun Sar\u0131cal\u0131&hellip;<\/p>\n","protected":false},"author":2,"featured_media":732346,"comment_status":"closed","ping_status":"closed","sticky":false,"template":"","format":"standard","meta":{"om_disable_all_campaigns":false,"_monsterinsights_skip_tracking":false,"_monsterinsights_sitenote_active":false,"_monsterinsights_sitenote_note":"","_monsterinsights_sitenote_category":0},"categories":[1],"tags":[],"aioseo_notices":[],"gutentor_comment":0,"rttpg_featured_image_url":{"full":["https:\/\/arantv.az\/wp-content\/uploads\/2024\/06\/Snimok_71719318825.png",639,431,false],"landscape":["https:\/\/arantv.az\/wp-content\/uploads\/2024\/06\/Snimok_71719318825.png",639,431,false],"portraits":["https:\/\/arantv.az\/wp-content\/uploads\/2024\/06\/Snimok_71719318825.png",639,431,false],"thumbnail":["https:\/\/arantv.az\/wp-content\/uploads\/2024\/06\/Snimok_71719318825-500x280.png",500,280,true],"medium":["https:\/\/arantv.az\/wp-content\/uploads\/2024\/06\/Snimok_71719318825-541x365.png",541,365,true],"large":["https:\/\/arantv.az\/wp-content\/uploads\/2024\/06\/Snimok_71719318825.png",639,431,false],"1536x1536":["https:\/\/arantv.az\/wp-content\/uploads\/2024\/06\/Snimok_71719318825.png",639,431,false],"2048x2048":["https:\/\/arantv.az\/wp-content\/uploads\/2024\/06\/Snimok_71719318825.png",639,431,false],"post-thumbnail":["https:\/\/arantv.az\/wp-content\/uploads\/2024\/06\/Snimok_71719318825-240x172.png",240,172,true],"advps-thumb-one":["https:\/\/arantv.az\/wp-content\/uploads\/2024\/06\/Snimok_71719318825.png",639,431,false]},"rttpg_author":{"display_name":"V\u00fcsal Rafiqo\u011flu","author_link":"https:\/\/arantv.az\/?author=2"},"rttpg_comment":0,"rttpg_category":"<a href=\"https:\/\/arantv.az\/?cat=1\" rel=\"category\">C\u0259miyy\u0259t<\/a>","rttpg_excerpt":"Birinci Qaraba\u011f m\u00fcharib\u0259sind\u0259 itkin d\u00fc\u015fm\u00fc\u015f v\u0259 \u015f\u0259xsiyy\u0259ti m\u00fc\u0259yy\u0259nl\u0259\u015fdiril\u0259n s\u0259kkiz \u015f\u0259hidin d\u0259fn edil\u0259c\u0259yi yer v\u0259 tarix m\u0259lum olub. &#8220;Report&#8221;un \u0259ld\u0259 etdiyi m\u0259lumata g\u00f6r\u0259, iyunun 27-d\u0259 H\u00f6rm\u0259t Beytulla o\u011flu Baratov, \u015eahlar H\u00fcseyna\u011fa o\u011flu A\u011fayev v\u0259 Ad\u0131g\u00f6z\u0259l \u018fmirsoltan o\u011flu Qas\u0131movun c\u0259s\u0259dl\u0259rinin qal\u0131qlar\u0131 Xa\u00e7mazda d\u0259fn olunacaqlar. El\u0259 h\u0259min g\u00fcn Ucar Fidail o\u011flu Zeynalovun qal\u0131qlar\u0131 G\u00f6yg\u00f6l, \u018fhliman Vahid o\u011flu \u018fsg\u0259rovun&hellip;","_links":{"self":[{"href":"https:\/\/arantv.az\/index.php?rest_route=\/wp\/v2\/posts\/732345"}],"collection":[{"href":"https:\/\/arantv.az\/index.php?rest_route=\/wp\/v2\/posts"}],"about":[{"href":"https:\/\/arantv.az\/index.php?rest_route=\/wp\/v2\/types\/post"}],"author":[{"embeddable":true,"href":"https:\/\/arantv.az\/index.php?rest_route=\/wp\/v2\/users\/2"}],"replies":[{"embeddable":true,"href":"https:\/\/arantv.az\/index.php?rest_route=%2Fwp%2Fv2%2Fcomments&post=732345"}],"version-history":[{"count":0,"href":"https:\/\/arantv.az\/index.php?rest_route=\/wp\/v2\/posts\/732345\/revisions"}],"wp:featuredmedia":[{"embeddable":true,"href":"https:\/\/arantv.az\/index.php?rest_route=\/wp\/v2\/media\/732346"}],"wp:attachment":[{"href":"https:\/\/arantv.az\/index.php?rest_route=%2Fwp%2Fv2%2Fmedia&parent=732345"}],"wp:term":[{"taxonomy":"category","embeddable":true,"href":"https:\/\/arantv.az\/index.php?rest_route=%2Fwp%2Fv2%2Fcategories&post=732345"},{"taxonomy":"post_tag","embeddable":true,"href":"https:\/\/arantv.az\/index.php?rest_route=%2Fwp%2Fv2%2Ftags&post=732345"}],"curies":[{"name":"wp","href":"https:\/\/api.w.org\/{rel}","templated":true}]}}