{"id":732351,"date":"2024-06-25T18:29:48","date_gmt":"2024-06-25T14:29:48","guid":{"rendered":"https:\/\/arantv.az\/?p=732351"},"modified":"2024-06-25T18:29:48","modified_gmt":"2024-06-25T14:29:48","slug":"dunyanin-%c9%99n-pes%c9%99kar-%c9%99n-guclul%c9%99rind%c9%99n-olan-az%c9%99rbaycan-ordusu","status":"publish","type":"post","link":"https:\/\/arantv.az\/?p=732351","title":{"rendered":"D\u00fcnyan\u0131n \u0259n pe\u015f\u0259kar, \u0259n g\u00fccl\u00fcl\u0259rind\u0259n olan Az\u0259rbaycan Ordusu"},"content":{"rendered":"<section>\n<div class=\"content lead font-weight-normal\">\n<h4>Bu g\u00fcn Az\u0259rbaycan Milli Ordusu Qafqazda \u0259n m\u00fcasir ordu hesab olunur. MDB \u00e7\u0259r\u00e7iv\u0259sind\u0259 Az\u0259rbaycan hava h\u00fccumundan m\u00fcdafi\u0259 q\u00fcvv\u0259l\u0259rin\u0259 malik \u0259n g\u00fccl\u00fc \u00f6lk\u0259l\u0259rd\u0259n say\u0131l\u0131r.<\/h4>\n<p><strong>ARANTV.AZ x\u0259b\u0259r verir ki,<\/strong>\u00a0bunu tariximizin \u0259n \u015f\u0259r\u0259fli, q\u00fcrurlu s\u0259hif\u0259l\u0259rind\u0259n olan Az\u0259rbaycan Silahl\u0131 Q\u00fcvv\u0259l\u0259rinin yaranmas\u0131 il\u0259 ba\u011fl\u0131\u00a0m\u0259tbuata\u00a0a\u00e7\u0131qlama ver\u0259n\u00a0<strong>Milli M\u0259clisin deputat\u0131 C\u0259bi Quliyev\u00a0<\/strong>bildirib.<\/p>\n<p>O xat\u0131rlad\u0131b ki 1918-ci il iyunun 26-da \u018flahidd\u0259 Az\u0259rbaycan Korpusu yarad\u0131ld\u0131. Az\u0259rbaycan Xalq C\u00fcmhuriyy\u0259tinin q\u0259rar\u0131 il\u0259 t\u0259sis edil\u0259n ilk nizami h\u0259rbi hiss\u0259 q\u0131sa zaman k\u0259siyind\u0259 formala\u015fd\u0131, g\u00fccl\u0259ndi. Az\u0259rbaycan Xalq C\u00fcmhuriyy\u0259ti Nazirl\u0259r \u015euras\u0131n\u0131n 1918-ci il 26 iyun tarixli q\u0259rar\u0131 il\u0259 \u00c7ar Rusiyas\u0131 d\u00f6vr\u00fcnd\u0259 &#8220;V\u0259h\u015fi diviziya&#8221; (&#8220;\u0414\u0438\u043a\u0430\u044f \u0434\u0438\u0432\u0438\u0437\u0438\u044f&#8221;) adlanan ke\u00e7mi\u015f Tatar s\u00fcvari alay\u0131n\u0131n \u0259sg\u0259rl\u0259rind\u0259n formala\u015fd\u0131r\u0131lm\u0131\u015f v\u0259 general \u018fli a\u011fa \u015e\u0131xlinskinin r\u0259hb\u0259rlik etdiyi M\u00fcs\u0259lman korpusunun \u0259sas\u0131nda ilk ordu hiss\u0259si 5000 n\u0259f\u0259rd\u0259n ibar\u0259t idi. H\u0259min d\u00f6vrd\u0259 Az\u0259rbaycanda q\u0131r\u011f\u0131nlar t\u00f6r\u0259d\u0259n erm\u0259ni da\u015fnaklar\u0131 m\u0259hz v\u0259t\u0259np\u0259rv\u0259rl\u0259rd\u0259n t\u0259\u015fkil olunan ilk nizami h\u0259rbi hiss\u0259miz t\u0259r\u0259find\u0259n darmada\u011f\u0131n edildi, G\u00f6y\u00e7ay, \u015eamax\u0131, Bak\u0131 i\u015f\u011faldan azad edildi, Qaraba\u011f v\u0259 \u015e\u0259rqi Z\u0259ng\u0259zurda erm\u0259ni qiyam\u00e7\u0131lar\u0131 z\u0259r\u0259rsizl\u0259\u015fdirildi. Lakin 1920-ci il aprelin 28-d\u0259 Sovet imperiyas\u0131n\u0131n t\u0259cav\u00fcz\u00fc n\u0259tic\u0259sind\u0259 Xalq C\u00fcmhuriyy\u0259ti s\u00fcqut etdi. Bundan sonra \u00f6lk\u0259mizd\u0259 ordu quruculu\u011fu prosesi dayand\u0131. Yaln\u0131z Milli Ordu quruculu\u011funda \u0259sasl\u0131 d\u00f6n\u00fc\u015f Ulu \u00d6nd\u0259r Heyd\u0259r \u018fliyevin 1969-cu ild\u0259 hakimiyy\u0259t\u0259 g\u0259li\u015find\u0259n sonra yarand\u0131. Onun m\u00fcst\u0259sna xidm\u0259tl\u0259ri say\u0259sind\u0259 \u00f6lk\u0259mizd\u0259 h\u0259rbi kadrlar\u0131n haz\u0131rlanmas\u0131 prosesi ba\u015fland\u0131. Heyd\u0259r \u018fliyev 1971-ci ild\u0259 b\u00f6y\u00fck z\u0259hm\u0259tl\u0259r bahas\u0131na Az\u0259rbaycanda h\u0259rbi kadrlar haz\u0131rlayan m\u0259kt\u0259bin \u2013 g\u00f6rk\u0259mli s\u0259rk\u0259rd\u0259 C\u0259m\u015fid Nax\u00e7\u0131vanskinin ad\u0131n\u0131 da\u015f\u0131yan h\u0259rbi liseyin yarad\u0131lmas\u0131na nail oldu. Bundan sonra Ulu \u00d6nd\u0259r Heyd\u0259r \u018fliyevin f\u0259dakarl\u0131\u011f\u0131 say\u0259sind\u0259 az\u0259rbaycanl\u0131 g\u0259ncl\u0259rin Bak\u0131 Ali Birl\u0259\u015fmi\u015f Komandanl\u0131q v\u0259 Bak\u0131 Ali H\u0259rbi D\u0259niz\u00e7ilik m\u0259kt\u0259bl\u0259rind\u0259 oxumas\u0131, el\u0259c\u0259 d\u0259 SSR\u0130-nin dig\u0259r h\u0259rbi m\u0259kt\u0259bl\u0259rin\u0259 g\u00fcz\u0259\u015ftli \u015f\u0259rtl\u0259rl\u0259 q\u0259bulu m\u00fcmk\u00fcn oldu.<\/p>\n<p>\u201cD\u00f6vl\u0259t m\u00fcst\u0259qilliyi b\u0259rpa edildikd\u0259n sonra 1993-c\u00fc ilin yay\u0131nda \u00f6lk\u0259d\u0259 yaranm\u0131\u015f hakimiyy\u0259tsizliyi b\u0259rpa etm\u0259k \u00fc\u00e7\u00fcn \u00dcmummilli Lider Heyd\u0259r \u018fliyev xalq\u0131n t\u0259kidli t\u0259l\u0259bi il\u0259 yenid\u0259n hakimiyy\u0259t\u0259 g\u0259ldi. Xalq\u0131n s\u0259sin\u0259 s\u0259s ver\u0259n Ulu \u00d6nd\u0259r Heyd\u0259r \u018fliyevin n\u00f6vb\u0259ti d\u0259f\u0259 siyasi hakimiyy\u0259t\u0259 qay\u0131d\u0131\u015f\u0131ndan sonra ordu quruculu\u011fu istiqam\u0259tind\u0259 m\u00fch\u00fcm add\u0131mlar at\u0131ld\u0131. Ulu \u00d6nd\u0259r Heyd\u0259r \u018fliyevin 1998-ci il 22 may tarixli S\u0259r\u0259ncam\u0131na \u0259sas\u0259n, \u018flahidd\u0259 Az\u0259rbaycan Korpusunun yarand\u0131\u011f\u0131 g\u00fcn \u2013 26 iyun Az\u0259rbaycan Respublikas\u0131n\u0131n Silahl\u0131 Q\u00fcvv\u0259l\u0259r G\u00fcn\u00fc elan olundu v\u0259 h\u0259r il bu tarix r\u0259smi d\u00f6vl\u0259t bayram\u0131 kimi qeyd edilir.<\/p>\n<p>Az\u0259rbaycan Prezidenti Heyd\u0259r \u018fliyev h\u0259rbi t\u0259hsil sisteminin daha da inki\u015faf etdirilm\u0259si m\u0259qs\u0259dil\u0259 1999-cu il yanvar\u0131n 20-d\u0259 H\u0259rbi Akademiyan\u0131n yarad\u0131lmas\u0131 haqq\u0131nda F\u0259rman imzalay\u0131b. 2011-ci il iyunun 26-da Bak\u0131da Silahl\u0131 Q\u00fcvv\u0259l\u0259r G\u00fcn\u00fc v\u0259 m\u00fcst\u0259qilliyin b\u0259rpas\u0131n\u0131n 20 illiyi, 2013-c\u00fc ild\u0259 is\u0259 Silahl\u0131 Q\u00fcvv\u0259l\u0259r G\u00fcn\u00fcn\u00fcn yaranmas\u0131n\u0131n 95 illiyi il\u0259 m\u00fcnasib\u0259til\u0259 h\u0259rbi parad ke\u00e7irilib, ordu quruculu\u011fu d\u00f6vl\u0259tin prioritet m\u0259s\u0259l\u0259si kimi daim \u00f6lk\u0259 Prezidenti \u0130lham \u018fliyevin n\u0259zar\u0259tind\u0259 saxlan\u0131l\u0131b. Otuz il\u0259 yax\u0131n bir m\u00fcdd\u0259td\u0259 Az\u0259rbaycan\u0131n \u0259razi b\u00fct\u00f6vl\u00fcy\u00fcn\u00fcn pozulmas\u0131 v\u0259 Erm\u0259nistan\u0131n i\u015f\u011fal\u00e7\u0131l\u0131q siyas\u0259tinin d\u00fcnyada tan\u0131d\u0131lmas\u0131 istiqam\u0259tind\u0259 u\u011furlu diplomatik i\u015f aparan M\u00fcz\u0259ff\u0259r Ali Ba\u015f Komandan \u0130lham \u018fliyev 2020-ci il sentyabr\u0131n 27-d\u0259 \u0259ks h\u00fccum \u0259m\u0259liyyat\u0131 il\u0259 ba\u015flayan 44 g\u00fcnl\u00fck V\u0259t\u0259n m\u00fcharib\u0259sind\u0259 d\u00fc\u015fm\u0259n \u00fcz\u0259rind\u0259 Q\u0259l\u0259b\u0259 \u00e7alaraq tarixi nailiyy\u0259t\u0259 imza atd\u0131\u201d, &#8211; dey\u0259 deputat bildirib.<\/p>\n<p>H\u0259rb\u00e7il\u0259rimizin NATO-nun, T\u00fcrkiy\u0259nin kurslar\u0131nda, t\u0259liml\u0259rind\u0259 i\u015ftirak etdikl\u0259rini, yeni bilik v\u0259 t\u0259cr\u00fcb\u0259l\u0259r qazand\u0131qlar\u0131n\u0131 diqq\u0259t\u0259 \u00e7atd\u0131r\u0131an C.Quliyev \u0259lav\u0259 edib: \u201cM\u00fcasir silahlar, h\u0259rbi texnikalar istismara verilir, m\u00fcdafi\u0259 s\u0259nayesi g\u00fccl\u0259ndirilir. Ali Ba\u015f Komandan \u0130lham \u018fliyevin r\u0259hb\u0259rliyi, diqq\u0259t v\u0259 qay\u011f\u0131s\u0131 n\u0259tic\u0259sind\u0259 Az\u0259rbaycan Ordusunun texniki t\u0259minat\u0131 olduqca y\u00fcks\u0259k s\u0259viyy\u0259d\u0259dir. Ordu quruculu\u011fu \u00fc\u00e7\u00fcn d\u00f6vl\u0259t b\u00fcdc\u0259sind\u0259n kifay\u0259t q\u0259d\u0259r v\u0259sait ayr\u0131ld\u0131\u011f\u0131, he\u00e7 bir m\u0259hdudiyy\u0259t olmad\u0131\u011f\u0131 h\u0259r k\u0259s\u0259 m\u0259lumdur. Bu g\u00fcn Az\u0259rbaycan xalq\u0131 Silahl\u0131 Q\u00fcvv\u0259l\u0259rin\u0259 v\u0259 onun Ali Ba\u015f Komandan\u0131na inan\u0131r, ona g\u00fcv\u0259nir. Az\u0259rbaycan Ordusu qurucu babalar\u0131m\u0131z\u0131n biz\u0259 \u0259man\u0259t edib getdiyi bu V\u0259t\u0259ni, m\u0259ml\u0259k\u0259ti g\u00f6z b\u0259b\u0259yi kimi qoruyur\u201d.\u201c\u0130ki sahil\u201d<\/p>\n<div class=\"clearfix\"><\/div>\n<\/div>\n<div class=\"sharing my-2 row no-gutters d-print-none\"><\/div>\n<div class=\"d-none d-sm-block\"><\/div>\n<\/section>\n<section id=\"new_block_2\" class=\"mt-3 d-print-none\">\n<div class=\"row\">\n<div class=\"col-md-12\"><\/div>\n<\/div>\n<\/section>\n","protected":false},"excerpt":{"rendered":"<p>Bu g\u00fcn Az\u0259rbaycan Milli Ordusu Qafqazda \u0259n m\u00fcasir ordu hesab olunur. MDB \u00e7\u0259r\u00e7iv\u0259sind\u0259 Az\u0259rbaycan hava h\u00fccumundan m\u00fcdafi\u0259 q\u00fcvv\u0259l\u0259rin\u0259 malik \u0259n g\u00fccl\u00fc \u00f6lk\u0259l\u0259rd\u0259n say\u0131l\u0131r. ARANTV.AZ x\u0259b\u0259r verir ki,\u00a0bunu tariximizin \u0259n \u015f\u0259r\u0259fli, q\u00fcrurlu s\u0259hif\u0259l\u0259rind\u0259n olan Az\u0259rbaycan Silahl\u0131 Q\u00fcvv\u0259l\u0259rinin yaranmas\u0131 il\u0259 ba\u011fl\u0131\u00a0m\u0259tbuata\u00a0a\u00e7\u0131qlama ver\u0259n\u00a0Milli M\u0259clisin deputat\u0131 C\u0259bi Quliyev\u00a0bildirib. O xat\u0131rlad\u0131b ki 1918-ci il iyunun 26-da \u018flahidd\u0259 Az\u0259rbaycan Korpusu yarad\u0131ld\u0131. Az\u0259rbaycan Xalq C\u00fcmhuriyy\u0259tinin q\u0259rar\u0131 il\u0259 t\u0259sis edil\u0259n ilk nizami h\u0259rbi hiss\u0259 q\u0131sa zaman k\u0259siyind\u0259 formala\u015fd\u0131, g\u00fccl\u0259ndi. Az\u0259rbaycan Xalq C\u00fcmhuriyy\u0259ti Nazirl\u0259r \u015euras\u0131n\u0131n 1918-ci il 26 iyun tarixli q\u0259rar\u0131 il\u0259 \u00c7ar Rusiyas\u0131 d\u00f6vr\u00fcnd\u0259 &#8220;V\u0259h\u015fi diviziya&#8221; (&#8220;\u0414\u0438\u043a\u0430\u044f \u0434\u0438\u0432\u0438\u0437\u0438\u044f&#8221;)&hellip;<\/p>\n","protected":false},"author":2,"featured_media":732352,"comment_status":"closed","ping_status":"closed","sticky":false,"template":"","format":"standard","meta":{"om_disable_all_campaigns":false,"_monsterinsights_skip_tracking":false,"_monsterinsights_sitenote_active":false,"_monsterinsights_sitenote_note":"","_monsterinsights_sitenote_category":0},"categories":[19],"tags":[],"aioseo_notices":[],"gutentor_comment":0,"rttpg_featured_image_url":{"full":["https:\/\/arantv.az\/wp-content\/uploads\/2024\/06\/f96f40bd171931410587768896810731026.jpg",975,540,false],"landscape":["https:\/\/arantv.az\/wp-content\/uploads\/2024\/06\/f96f40bd171931410587768896810731026.jpg",975,540,false],"portraits":["https:\/\/arantv.az\/wp-content\/uploads\/2024\/06\/f96f40bd171931410587768896810731026.jpg",975,540,false],"thumbnail":["https:\/\/arantv.az\/wp-content\/uploads\/2024\/06\/f96f40bd171931410587768896810731026-500x280.jpg",500,280,true],"medium":["https:\/\/arantv.az\/wp-content\/uploads\/2024\/06\/f96f40bd171931410587768896810731026-660x365.jpg",660,365,true],"large":["https:\/\/arantv.az\/wp-content\/uploads\/2024\/06\/f96f40bd171931410587768896810731026-840x465.jpg",640,354,true],"1536x1536":["https:\/\/arantv.az\/wp-content\/uploads\/2024\/06\/f96f40bd171931410587768896810731026.jpg",975,540,false],"2048x2048":["https:\/\/arantv.az\/wp-content\/uploads\/2024\/06\/f96f40bd171931410587768896810731026.jpg",975,540,false],"post-thumbnail":["https:\/\/arantv.az\/wp-content\/uploads\/2024\/06\/f96f40bd171931410587768896810731026-240x172.jpg",240,172,true],"advps-thumb-one":["https:\/\/arantv.az\/wp-content\/uploads\/2024\/06\/f96f40bd171931410587768896810731026.jpg",975,540,false]},"rttpg_author":{"display_name":"V\u00fcsal Rafiqo\u011flu","author_link":"https:\/\/arantv.az\/?author=2"},"rttpg_comment":0,"rttpg_category":"<a href=\"https:\/\/arantv.az\/?cat=19\" rel=\"category\">G\u00fcnd\u0259m<\/a>","rttpg_excerpt":"Bu g\u00fcn Az\u0259rbaycan Milli Ordusu Qafqazda \u0259n m\u00fcasir ordu hesab olunur. MDB \u00e7\u0259r\u00e7iv\u0259sind\u0259 Az\u0259rbaycan hava h\u00fccumundan m\u00fcdafi\u0259 q\u00fcvv\u0259l\u0259rin\u0259 malik \u0259n g\u00fccl\u00fc \u00f6lk\u0259l\u0259rd\u0259n say\u0131l\u0131r. ARANTV.AZ x\u0259b\u0259r verir ki,\u00a0bunu tariximizin \u0259n \u015f\u0259r\u0259fli, q\u00fcrurlu s\u0259hif\u0259l\u0259rind\u0259n olan Az\u0259rbaycan Silahl\u0131 Q\u00fcvv\u0259l\u0259rinin yaranmas\u0131 il\u0259 ba\u011fl\u0131\u00a0m\u0259tbuata\u00a0a\u00e7\u0131qlama ver\u0259n\u00a0Milli M\u0259clisin deputat\u0131 C\u0259bi Quliyev\u00a0bildirib. O xat\u0131rlad\u0131b ki 1918-ci il iyunun 26-da \u018flahidd\u0259 Az\u0259rbaycan Korpusu yarad\u0131ld\u0131.&hellip;","_links":{"self":[{"href":"https:\/\/arantv.az\/index.php?rest_route=\/wp\/v2\/posts\/732351"}],"collection":[{"href":"https:\/\/arantv.az\/index.php?rest_route=\/wp\/v2\/posts"}],"about":[{"href":"https:\/\/arantv.az\/index.php?rest_route=\/wp\/v2\/types\/post"}],"author":[{"embeddable":true,"href":"https:\/\/arantv.az\/index.php?rest_route=\/wp\/v2\/users\/2"}],"replies":[{"embeddable":true,"href":"https:\/\/arantv.az\/index.php?rest_route=%2Fwp%2Fv2%2Fcomments&post=732351"}],"version-history":[{"count":0,"href":"https:\/\/arantv.az\/index.php?rest_route=\/wp\/v2\/posts\/732351\/revisions"}],"wp:featuredmedia":[{"embeddable":true,"href":"https:\/\/arantv.az\/index.php?rest_route=\/wp\/v2\/media\/732352"}],"wp:attachment":[{"href":"https:\/\/arantv.az\/index.php?rest_route=%2Fwp%2Fv2%2Fmedia&parent=732351"}],"wp:term":[{"taxonomy":"category","embeddable":true,"href":"https:\/\/arantv.az\/index.php?rest_route=%2Fwp%2Fv2%2Fcategories&post=732351"},{"taxonomy":"post_tag","embeddable":true,"href":"https:\/\/arantv.az\/index.php?rest_route=%2Fwp%2Fv2%2Ftags&post=732351"}],"curies":[{"name":"wp","href":"https:\/\/api.w.org\/{rel}","templated":true}]}}