{"id":732361,"date":"2024-06-25T18:33:40","date_gmt":"2024-06-25T14:33:40","guid":{"rendered":"https:\/\/arantv.az\/?p=732361"},"modified":"2024-06-25T18:33:40","modified_gmt":"2024-06-25T14:33:40","slug":"xidm%c9%99t-r%c9%99isi-guclu-kul%c9%99kl%c9%99-bagli-x%c9%99b%c9%99rdarliq-etdi","status":"publish","type":"post","link":"https:\/\/arantv.az\/?p=732361","title":{"rendered":"Xidm\u0259t r\u0259isi g\u00fccl\u00fc k\u00fcl\u0259kl\u0259 ba\u011fl\u0131 x\u0259b\u0259rdarl\u0131q etdi"},"content":{"rendered":"<p>\u0130yunun 26-27-d\u0259 \u00f6lk\u0259 \u0259razisind\u0259 g\u00f6zl\u0259nil\u0259n k\u00fcl\u0259kli hava \u015f\u0259raiti il\u0259 ba\u011fl\u0131 Milli Hidrometeorologiya Xidm\u0259ti t\u0259r\u0259find\u0259n sar\u0131 v\u0259 nar\u0131nc\u0131 x\u0259b\u0259rdarl\u0131q verilib.<\/p>\n<p><b>ARANTV.AZ <\/b>x\u0259b\u0259r verir ki, xidm\u0259t r\u0259isi Nazim Mahmudov sar\u0131 v\u0259 nar\u0131nc\u0131 x\u0259b\u0259rdarl\u0131qla ba\u011fl\u0131 \u0259haliy\u0259 m\u00fcraci\u0259t ed\u0259r\u0259k onlar\u0131 t\u0259hl\u00fck\u0259sizlik qaydalar\u0131na riay\u0259t etm\u0259y\u0259 \u00e7a\u011f\u0131r\u0131b:<\/p>\n<p>&#8220;V\u0259t\u0259nda\u015flara t\u00f6vsiy\u0259 edirik ki, hava il\u0259 ba\u011fl\u0131 x\u0259b\u0259rdarl\u0131qlar\u0131 v\u0259 m\u0259lumatlar\u0131 diqq\u0259tl\u0259 izl\u0259sinl\u0259r, \u0259lveri\u015fsiz hava \u015f\u0259raitind\u0259 ehtiyatl\u0131 olsunlar, h\u00fcnd\u00fcr a\u011faclar\u0131n alt\u0131nda dayanmas\u0131nlar, n\u0259qliyyat vasit\u0259l\u0259rini irig\u00f6vd\u0259li a\u011faclar\u0131n alt\u0131nda saxlamas\u0131nlar, t\u0259hl\u00fck\u0259sizlik qaydalar\u0131na ciddi \u0259m\u0259l etsinl\u0259r&#8221;.<\/p>\n<p><strong><time data-renew=\"1719318240\">16:24<\/time><\/strong><\/p>\n<p>\u0130yunun 26-27-d\u0259 \u00f6lk\u0259nin b\u0259zi rayonlar\u0131nda g\u00f6zl\u0259nil\u0259n k\u00fcl\u0259kli hava \u015f\u0259raiti il\u0259 ba\u011fl\u0131 sar\u0131 v\u0259 nar\u0131nc\u0131 x\u0259b\u0259rdarl\u0131q edilib.<\/p>\n<p>Bu bar\u0259d\u0259\u00a0<strong>Oxu.Az<\/strong>-a Milli Hidrometeorologiya Xidm\u0259tind\u0259n m\u0259lumat verilib.<\/p>\n<p>Bildirilib ki, \u0259ks\u0259r b\u00f6lg\u0259l\u0259rd\u0259 sar\u0131 x\u0259b\u0259rdarl\u0131\u011fa uy\u011fun olaraq k\u00fcl\u0259yin s\u00fcr\u0259tinin 13,9-20,7 m\/san olaca\u011f\u0131 g\u00f6zl\u0259nilir.<\/p>\n<p>Tovuz, \u015e\u0259mkir, G\u0259nc\u0259, Da\u015fk\u0259s\u0259n, B\u0259rd\u0259, T\u0259rt\u0259r, Goranboy, Naftalan, Yevlax, G\u00f6y\u00e7ay, Ordubad, Ming\u0259\u00e7evir, Z\u0259rdab, Salyan, Sabirabad, \u015eirvan, Hac\u0131qabul, Neft\u00e7ala, X\u0131z\u0131, Qobustan, C\u0259bray\u0131l, C\u0259lilabad, L\u0259nk\u0259ran rayonlar\u0131nda is\u0259 nar\u0131nc\u0131 x\u0259b\u0259rdarl\u0131\u011fa uy\u011fun olaraq k\u00fcl\u0259yin s\u00fcr\u0259ti 20,8-28,4 m\/san t\u0259\u015fkil ed\u0259c\u0259k.<\/p>\n<p>Bak\u0131da v\u0259 Ab\u015feron yar\u0131madas\u0131nda da iyunun 26-s\u0131 s\u0259h\u0259rd\u0259n 27-si s\u0259h\u0259r\u0259d\u0259k k\u00fcl\u0259yin s\u00fcr\u0259tinin nar\u0131nc\u0131 x\u0259b\u0259rdarl\u0131\u011fa uy\u011fun olaraq 20,8-28,4 m\/san t\u0259\u015fkil ed\u0259c\u0259yi g\u00f6zl\u0259nilir.<\/p>\n<p>Bel\u0259 k\u00fcl\u0259kli hava \u015f\u0259raitind\u0259 \u0259haliy\u0259 ehtiyatl\u0131 olmalar\u0131, t\u0259hl\u00fck\u0259sizlik qaydalar\u0131na \u0259m\u0259l etm\u0259l\u0259ri t\u00f6vsiy\u0259 olunur.<\/p>\n<p><strong><time data-renew=\"1719311220\">14:27<\/time><\/strong><\/p>\n<p>F\u00f6vq\u0259lad\u0259 Hallar Nazirliyi d\u0259 g\u00f6zl\u0259nil\u0259n hava \u015f\u0259raiti il\u0259 \u0259laq\u0259dar \u0259haliy\u0259 m\u00fcraci\u0259t edib.<\/p>\n<p><strong>ARANTV.AZ <\/strong>\u00a0x\u0259b\u0259r verir ki, m\u00fcraci\u0259td\u0259 deyilir:<\/p>\n<p>&#8220;Milli Hidrometeorologiya Xidm\u0259tinin m\u0259lumat\u0131na g\u00f6r\u0259, yax\u0131n g\u00fcnl\u0259r \u0259rzind\u0259 \u00f6lk\u0259 \u0259razisind\u0259 g\u00fccl\u00fc k\u00fcl\u0259k \u0259s\u0259c\u0259yi, ayr\u0131-ayr\u0131 yerl\u0259rd\u0259 leysan xarakterli intensiv ya\u011f\u0131\u015f ya\u011faca\u011f\u0131, b\u0259zi \u00e7aylardan q\u0131sam\u00fcdd\u0259tli sel v\u0259 da\u015fq\u0131n ke\u00e7\u0259c\u0259yi, \u015fim\u015f\u0259k \u00e7axaca\u011f\u0131 proqnozla\u015fd\u0131r\u0131l\u0131r.<\/p>\n<p>Qeyd olunanlarla ba\u011fl\u0131 F\u00f6vq\u0259lad\u0259 Hallar Nazirliyi \u0259haliy\u0259 m\u00fcraci\u0259t ed\u0259r\u0259k, g\u00f6zl\u0259nil\u0259n hava \u015f\u0259raiti il\u0259 \u0259laq\u0259dar m\u00fcvafiq t\u0259hl\u00fck\u0259sizlik qaydalar\u0131na riay\u0259t etm\u0259y\u0259 \u00e7a\u011f\u0131r\u0131r.<\/p>\n<p>Bel\u0259 ki, g\u00fccl\u00fc k\u00fcl\u0259k zaman\u0131 y\u00fcng\u00fcl konstruksiyal\u0131 v\u0259 m\u00fcv\u0259qq\u0259ti tikilil\u0259rd\u0259n, bina v\u0259 reklam l\u00f6vh\u0259l\u0259rind\u0259n uzaq durmaq, elektrik dir\u0259yi v\u0259 naqill\u0259rinin, h\u00fcnd\u00fcr a\u011faclar\u0131n alt\u0131nda dayanmamaq t\u00f6vsiy\u0259 olunur. H\u0259m\u00e7inin, g\u00fccl\u00fc k\u00fcl\u0259yin ba\u015f ver\u0259n yan\u011f\u0131nlar\u0131n s\u00f6nd\u00fcr\u00fclm\u0259si zaman\u0131 yaratd\u0131\u011f\u0131 \u00e7\u0259tinlikl\u0259ri n\u0259z\u0259r\u0259 alaraq, yan\u011f\u0131n t\u0259hl\u00fck\u0259sizliyi qaydalar\u0131na ciddi riay\u0259t edilm\u0259lidir.<\/p>\n<p>H\u0259m\u00e7inin, yay f\u0259slind\u0259 insanlar\u0131n istirah\u0259t \u00fc\u00e7\u00fcn \u00e7im\u0259rlikl\u0259r\u0259 \u00fcz tutdu\u011funu n\u0259z\u0259r\u0259 alaraq xat\u0131rlad\u0131r\u0131q ki, g\u00fccl\u00fc k\u00fcl\u0259kli havada d\u0259niz\u0259 girm\u0259k t\u0259hl\u00fck\u0259lidir.<\/p>\n<p>Bundan \u0259lav\u0259, intensiv ya\u011f\u0131nt\u0131lar\u0131n s\u0259b\u0259b ola bil\u0259c\u0259yi sel v\u0259 da\u015fq\u0131ndan qorunmaq \u00fc\u00e7\u00fcn sel v\u0259 da\u015fq\u0131n t\u0259hl\u00fck\u0259li \u0259razil\u0259rd\u0259n uzaq durmaq, bu t\u0259hl\u00fck\u0259 il\u0259 \u00fczl\u0259\u015fdikd\u0259 d\u0259rhal yax\u0131nl\u0131qdak\u0131 y\u00fcks\u0259kliy\u0259 qalxmaq t\u00f6vsiy\u0259 olunur.<\/p>\n<p>H\u0259m\u00e7inin, ild\u0131r\u0131mla ba\u011fl\u0131 t\u0259hl\u00fck\u0259l\u0259rd\u0259n qorunmaq \u00fc\u00e7\u00fcn elektrik cihazlar\u0131n\u0131 \u015f\u0259b\u0259k\u0259d\u0259n ay\u0131rmaq, telefonla (sabit \u015f\u0259b\u0259k\u0259, mobil, taksofon v\u0259 s.) dan\u0131\u015fmamaq, a\u00e7\u0131q havada olark\u0259n elektrik x\u0259tti, ild\u0131r\u0131m \u00f6t\u00fcr\u00fcc\u00fcs\u00fc, naval\u00e7a v\u0259 antenaya yax\u0131nla\u015fmamaq, h\u00fcnd\u00fcr a\u011faclar\u0131n alt\u0131nda daldalanmamaq v\u0259 bu m\u0259qs\u0259dl\u0259 nisb\u0259t\u0259n \u00e7\u00f6k\u0259k yer se\u00e7m\u0259k, avtomobild\u0259 olduqda is\u0259 h\u0259r\u0259k\u0259ti dayand\u0131raraq \u015f\u00fc\u015f\u0259l\u0259ri qald\u0131r\u0131b ild\u0131r\u0131m\u0131n bitm\u0259sini g\u00f6zl\u0259m\u0259k t\u00f6vsiy\u0259 edilir.<\/p>\n<p>Unutmay\u0131n: Qaydalara bigan\u0259lik \u2013 h\u0259yat\u0131m\u0131za t\u0259hl\u00fck\u0259dir!<\/p>\n<p>T\u0259hl\u00fck\u0259 zaman\u0131 112-y\u0259 z\u0259ng edin!&#8221;<\/p>\n<p><strong><time data-renew=\"1719308160\">13:36<\/time><\/strong><\/p>\n<p>\u0130yunun 26-s\u0131 ax\u015famdan 27-si s\u0259h\u0259r\u0259d\u0259k Bak\u0131da v\u0259 Ab\u015feron yar\u0131madas\u0131nda arabir ya\u011f\u0131\u015f ya\u011faca\u011f\u0131, \u015fim\u015f\u0259k \u00e7axaca\u011f\u0131 g\u00f6zl\u0259nilir, b\u0259zi yerl\u0259rd\u0259 leysan xarakterli intensiv olaca\u011f\u0131 ehtimal\u0131 var.<\/p>\n<p><strong>ARANTV.AZ <\/strong>\u00a0x\u0259b\u0259r verir ki, bu bar\u0259d\u0259 Milli Hidrometeorologiya Xidm\u0259ti m\u0259lumat yay\u0131b.<\/p>\n<p>Havan\u0131n temperaturu \u00f6t\u0259n g\u00fcnl\u0259rl\u0259 m\u00fcqayis\u0259d\u0259 3-5 d\u0259r\u0259c\u0259 en\u0259c\u0259k.<\/p>\n<p>Az\u0259rbaycan\u0131n rayonlar\u0131nda iyunun 26-s\u0131 s\u0259h\u0259r \u015fimal v\u0259 q\u0259rb rayonlar\u0131ndan ba\u015flayaraq 27-si ax\u015famad\u0259k b\u0259zi yerl\u0259rd\u0259 arabir leysan xarakterli ya\u011f\u0131\u015f ya\u011faca\u011f\u0131, \u015fim\u015f\u0259k \u00e7axaca\u011f\u0131 g\u00f6zl\u0259nilir. G\u0259nc\u0259-Qazax, Da\u015fk\u0259s\u0259n-G\u0259d\u0259b\u0259y, Qaraba\u011f v\u0259 \u015e\u0259rqi Z\u0259ng\u0259zur, Balak\u0259n-\u015e\u0259ki, Quba-Qusar, Da\u011fl\u0131q \u015eirvan, Nax\u00e7\u0131van MR, M\u0259rk\u0259zi Aran, L\u0259nk\u0259ran-Astara b\u00f6lg\u0259sind\u0259 ya\u011f\u0131nt\u0131lar\u0131n intensiv v\u0259 g\u00fccl\u00fc olaca\u011f\u0131, dolu d\u00fc\u015f\u0259c\u0259yi, y\u00fcks\u0259k da\u011fl\u0131q \u0259razil\u0259rd\u0259 qara ke\u00e7\u0259c\u0259yi ehtimal\u0131 var.<\/p>\n<p>Havan\u0131n temperaturunun \u00f6t\u0259n g\u00fcnl\u0259rl\u0259 m\u00fcqayis\u0259d\u0259 5-9 d\u0259r\u0259c\u0259 a\u015fa\u011f\u0131 en\u0259c\u0259yi g\u00f6zl\u0259nilir.<\/p>\n<p>\u00c7aylarda sululu\u011fun artaca\u011f\u0131, B\u00f6y\u00fck v\u0259 Ki\u00e7ik Qafqaz\u0131n v\u0259 L\u0259nk\u0259ran-Astara b\u00f6lg\u0259sinin \u0259razisind\u0259n axan b\u0259zi \u00e7aylardan q\u0131sam\u00fcdd\u0259tli da\u015fq\u0131n v\u0259 sel ke\u00e7\u0259c\u0259yi g\u00f6zl\u0259nilir.<\/p>\n","protected":false},"excerpt":{"rendered":"<p>\u0130yunun 26-27-d\u0259 \u00f6lk\u0259 \u0259razisind\u0259 g\u00f6zl\u0259nil\u0259n k\u00fcl\u0259kli hava \u015f\u0259raiti il\u0259 ba\u011fl\u0131 Milli Hidrometeorologiya Xidm\u0259ti t\u0259r\u0259find\u0259n sar\u0131 v\u0259 nar\u0131nc\u0131 x\u0259b\u0259rdarl\u0131q verilib. ARANTV.AZ x\u0259b\u0259r verir ki, xidm\u0259t r\u0259isi Nazim Mahmudov sar\u0131 v\u0259 nar\u0131nc\u0131 x\u0259b\u0259rdarl\u0131qla ba\u011fl\u0131 \u0259haliy\u0259 m\u00fcraci\u0259t ed\u0259r\u0259k onlar\u0131 t\u0259hl\u00fck\u0259sizlik qaydalar\u0131na riay\u0259t etm\u0259y\u0259 \u00e7a\u011f\u0131r\u0131b: &#8220;V\u0259t\u0259nda\u015flara t\u00f6vsiy\u0259 edirik ki, hava il\u0259 ba\u011fl\u0131 x\u0259b\u0259rdarl\u0131qlar\u0131 v\u0259 m\u0259lumatlar\u0131 diqq\u0259tl\u0259 izl\u0259sinl\u0259r, \u0259lveri\u015fsiz hava \u015f\u0259raitind\u0259 ehtiyatl\u0131 olsunlar, h\u00fcnd\u00fcr a\u011faclar\u0131n alt\u0131nda dayanmas\u0131nlar, n\u0259qliyyat vasit\u0259l\u0259rini irig\u00f6vd\u0259li a\u011faclar\u0131n alt\u0131nda saxlamas\u0131nlar, t\u0259hl\u00fck\u0259sizlik qaydalar\u0131na ciddi \u0259m\u0259l etsinl\u0259r&#8221;. 16:24 \u0130yunun 26-27-d\u0259 \u00f6lk\u0259nin b\u0259zi rayonlar\u0131nda g\u00f6zl\u0259nil\u0259n k\u00fcl\u0259kli hava \u015f\u0259raiti il\u0259 ba\u011fl\u0131 sar\u0131 v\u0259 nar\u0131nc\u0131 x\u0259b\u0259rdarl\u0131q edilib.&hellip;<\/p>\n","protected":false},"author":2,"featured_media":342842,"comment_status":"closed","ping_status":"closed","sticky":false,"template":"","format":"standard","meta":{"om_disable_all_campaigns":false,"_monsterinsights_skip_tracking":false,"_monsterinsights_sitenote_active":false,"_monsterinsights_sitenote_note":"","_monsterinsights_sitenote_category":0},"categories":[1],"tags":[],"aioseo_notices":[],"gutentor_comment":0,"rttpg_featured_image_url":{"full":["https:\/\/arantv.az\/wp-content\/uploads\/2021\/06\/kulek.jpg",620,413,false],"landscape":["https:\/\/arantv.az\/wp-content\/uploads\/2021\/06\/kulek.jpg",620,413,false],"portraits":["https:\/\/arantv.az\/wp-content\/uploads\/2021\/06\/kulek.jpg",620,413,false],"thumbnail":["https:\/\/arantv.az\/wp-content\/uploads\/2021\/06\/kulek-500x280.jpg",500,280,true],"medium":["https:\/\/arantv.az\/wp-content\/uploads\/2021\/06\/kulek-548x365.jpg",548,365,true],"large":["https:\/\/arantv.az\/wp-content\/uploads\/2021\/06\/kulek.jpg",620,413,false],"1536x1536":["https:\/\/arantv.az\/wp-content\/uploads\/2021\/06\/kulek.jpg",620,413,false],"2048x2048":["https:\/\/arantv.az\/wp-content\/uploads\/2021\/06\/kulek.jpg",620,413,false],"post-thumbnail":["https:\/\/arantv.az\/wp-content\/uploads\/2021\/06\/kulek-240x172.jpg",240,172,true],"advps-thumb-one":["https:\/\/arantv.az\/wp-content\/uploads\/2021\/06\/kulek.jpg",620,413,false]},"rttpg_author":{"display_name":"V\u00fcsal Rafiqo\u011flu","author_link":"https:\/\/arantv.az\/?author=2"},"rttpg_comment":0,"rttpg_category":"<a href=\"https:\/\/arantv.az\/?cat=1\" rel=\"category\">C\u0259miyy\u0259t<\/a>","rttpg_excerpt":"\u0130yunun 26-27-d\u0259 \u00f6lk\u0259 \u0259razisind\u0259 g\u00f6zl\u0259nil\u0259n k\u00fcl\u0259kli hava \u015f\u0259raiti il\u0259 ba\u011fl\u0131 Milli Hidrometeorologiya Xidm\u0259ti t\u0259r\u0259find\u0259n sar\u0131 v\u0259 nar\u0131nc\u0131 x\u0259b\u0259rdarl\u0131q verilib. ARANTV.AZ x\u0259b\u0259r verir ki, xidm\u0259t r\u0259isi Nazim Mahmudov sar\u0131 v\u0259 nar\u0131nc\u0131 x\u0259b\u0259rdarl\u0131qla ba\u011fl\u0131 \u0259haliy\u0259 m\u00fcraci\u0259t ed\u0259r\u0259k onlar\u0131 t\u0259hl\u00fck\u0259sizlik qaydalar\u0131na riay\u0259t etm\u0259y\u0259 \u00e7a\u011f\u0131r\u0131b: &#8220;V\u0259t\u0259nda\u015flara t\u00f6vsiy\u0259 edirik ki, hava il\u0259 ba\u011fl\u0131 x\u0259b\u0259rdarl\u0131qlar\u0131 v\u0259 m\u0259lumatlar\u0131 diqq\u0259tl\u0259 izl\u0259sinl\u0259r, \u0259lveri\u015fsiz hava&hellip;","_links":{"self":[{"href":"https:\/\/arantv.az\/index.php?rest_route=\/wp\/v2\/posts\/732361"}],"collection":[{"href":"https:\/\/arantv.az\/index.php?rest_route=\/wp\/v2\/posts"}],"about":[{"href":"https:\/\/arantv.az\/index.php?rest_route=\/wp\/v2\/types\/post"}],"author":[{"embeddable":true,"href":"https:\/\/arantv.az\/index.php?rest_route=\/wp\/v2\/users\/2"}],"replies":[{"embeddable":true,"href":"https:\/\/arantv.az\/index.php?rest_route=%2Fwp%2Fv2%2Fcomments&post=732361"}],"version-history":[{"count":0,"href":"https:\/\/arantv.az\/index.php?rest_route=\/wp\/v2\/posts\/732361\/revisions"}],"wp:featuredmedia":[{"embeddable":true,"href":"https:\/\/arantv.az\/index.php?rest_route=\/wp\/v2\/media\/342842"}],"wp:attachment":[{"href":"https:\/\/arantv.az\/index.php?rest_route=%2Fwp%2Fv2%2Fmedia&parent=732361"}],"wp:term":[{"taxonomy":"category","embeddable":true,"href":"https:\/\/arantv.az\/index.php?rest_route=%2Fwp%2Fv2%2Fcategories&post=732361"},{"taxonomy":"post_tag","embeddable":true,"href":"https:\/\/arantv.az\/index.php?rest_route=%2Fwp%2Fv2%2Ftags&post=732361"}],"curies":[{"name":"wp","href":"https:\/\/api.w.org\/{rel}","templated":true}]}}