{"id":732366,"date":"2024-06-25T18:36:25","date_gmt":"2024-06-25T14:36:25","guid":{"rendered":"https:\/\/arantv.az\/?p=732366"},"modified":"2024-06-25T18:36:25","modified_gmt":"2024-06-25T14:36:25","slug":"bas-nazird%c9%99n-reabilitasiya-vasit%c9%99l%c9%99ri-il%c9%99-bagli-qadaga","status":"publish","type":"post","link":"https:\/\/arantv.az\/?p=732366","title":{"rendered":"Ba\u015f nazird\u0259n reabilitasiya vasit\u0259l\u0259ri il\u0259 ba\u011fl\u0131 QADA\u011eA"},"content":{"rendered":"<p>\u018flilliyi m\u00fc\u0259yy\u0259n edilmi\u015f \u015f\u0259xs\u0259 veril\u0259n reabilitasiya vasit\u0259l\u0259rinin sat\u0131lmas\u0131 v\u0259 ba\u011f\u0131\u015flanmas\u0131 qada\u011fan edilib.<\/p>\n<p><strong>ARANTV.AZ<\/strong>-\u0131n x\u0259b\u0259rin\u0259 g\u00f6r\u0259, Ba\u015f nazir \u018fli \u018fs\u0259dov bununla ba\u011fl\u0131 &#8220;\u018flilliyi olan \u015f\u0259xsl\u0259rin reabilitasiya vasit\u0259l\u0259ri il\u0259 t\u0259min edilm\u0259si \u015e\u0259rtl\u0259ri v\u0259 Qaydas\u0131&#8221;nda d\u0259yi\u015fiklik edilm\u0259si bar\u0259d\u0259 q\u0259rar imzalay\u0131b.<\/p>\n<p>Bel\u0259 ki, s\u0259n\u0259d\u0259 yeni b\u0259nd \u0259lav\u0259 olunub. Qeyd edilib ki, bu Qaydan\u0131n 3.14-c\u00fc b\u0259ndind\u0259 n\u0259z\u0259rd\u0259 tutulmu\u015f hal istisna olmaqla, \u015f\u0259xs\u0259 verilmi\u015f reabilitasiya vasit\u0259l\u0259rinin sat\u0131lmas\u0131 v\u0259 ya ba\u011f\u0131\u015flanmas\u0131 qada\u011fand\u0131r.<\/p>\n<p>Qaydan\u0131n 3.14-c\u00fc b\u0259ndi is\u0259 bel\u0259dir: Minik avtomobili verilmi\u015f \u015f\u0259xs v\u0259fat etdikd\u0259n sonra avtomobil onun ail\u0259 \u00fczv\u00fcnd\u0259n birinin ad\u0131na ke\u00e7irilm\u0259kl\u0259 qeydiyyatdan \u00e7\u0131xar\u0131l\u0131r v\u0259 v\u0259fat etmi\u015f \u015f\u0259xsin ail\u0259sinin m\u00fclkiyy\u0259tin\u0259 verilir.<\/p>\n","protected":false},"excerpt":{"rendered":"<p>\u018flilliyi m\u00fc\u0259yy\u0259n edilmi\u015f \u015f\u0259xs\u0259 veril\u0259n reabilitasiya vasit\u0259l\u0259rinin sat\u0131lmas\u0131 v\u0259 ba\u011f\u0131\u015flanmas\u0131 qada\u011fan edilib. ARANTV.AZ-\u0131n x\u0259b\u0259rin\u0259 g\u00f6r\u0259, Ba\u015f nazir \u018fli \u018fs\u0259dov bununla ba\u011fl\u0131 &#8220;\u018flilliyi olan \u015f\u0259xsl\u0259rin reabilitasiya vasit\u0259l\u0259ri il\u0259 t\u0259min edilm\u0259si \u015e\u0259rtl\u0259ri v\u0259 Qaydas\u0131&#8221;nda d\u0259yi\u015fiklik edilm\u0259si bar\u0259d\u0259 q\u0259rar imzalay\u0131b. Bel\u0259 ki, s\u0259n\u0259d\u0259 yeni b\u0259nd \u0259lav\u0259 olunub. Qeyd edilib ki, bu Qaydan\u0131n 3.14-c\u00fc b\u0259ndind\u0259 n\u0259z\u0259rd\u0259 tutulmu\u015f hal istisna olmaqla, \u015f\u0259xs\u0259 verilmi\u015f reabilitasiya vasit\u0259l\u0259rinin sat\u0131lmas\u0131 v\u0259 ya ba\u011f\u0131\u015flanmas\u0131 qada\u011fand\u0131r. Qaydan\u0131n 3.14-c\u00fc b\u0259ndi is\u0259 bel\u0259dir: Minik avtomobili verilmi\u015f \u015f\u0259xs v\u0259fat etdikd\u0259n sonra avtomobil onun ail\u0259 \u00fczv\u00fcnd\u0259n birinin ad\u0131na ke\u00e7irilm\u0259kl\u0259 qeydiyyatdan \u00e7\u0131xar\u0131l\u0131r v\u0259 v\u0259fat etmi\u015f \u015f\u0259xsin&hellip;<\/p>\n","protected":false},"author":2,"featured_media":732367,"comment_status":"closed","ping_status":"closed","sticky":false,"template":"","format":"standard","meta":{"om_disable_all_campaigns":false,"_monsterinsights_skip_tracking":false,"_monsterinsights_sitenote_active":false,"_monsterinsights_sitenote_note":"","_monsterinsights_sitenote_category":0},"categories":[1],"tags":[],"aioseo_notices":[],"gutentor_comment":0,"rttpg_featured_image_url":{"full":["https:\/\/arantv.az\/wp-content\/uploads\/2024\/06\/nocomment_4121a5c15dda2f264da3db6f4e1d3ab0_bzk29w5axyhm1j8cno3l.jpg",750,422,false],"landscape":["https:\/\/arantv.az\/wp-content\/uploads\/2024\/06\/nocomment_4121a5c15dda2f264da3db6f4e1d3ab0_bzk29w5axyhm1j8cno3l.jpg",750,422,false],"portraits":["https:\/\/arantv.az\/wp-content\/uploads\/2024\/06\/nocomment_4121a5c15dda2f264da3db6f4e1d3ab0_bzk29w5axyhm1j8cno3l.jpg",750,422,false],"thumbnail":["https:\/\/arantv.az\/wp-content\/uploads\/2024\/06\/nocomment_4121a5c15dda2f264da3db6f4e1d3ab0_bzk29w5axyhm1j8cno3l-500x280.jpg",500,280,true],"medium":["https:\/\/arantv.az\/wp-content\/uploads\/2024\/06\/nocomment_4121a5c15dda2f264da3db6f4e1d3ab0_bzk29w5axyhm1j8cno3l-649x365.jpg",649,365,true],"large":["https:\/\/arantv.az\/wp-content\/uploads\/2024\/06\/nocomment_4121a5c15dda2f264da3db6f4e1d3ab0_bzk29w5axyhm1j8cno3l.jpg",640,360,false],"1536x1536":["https:\/\/arantv.az\/wp-content\/uploads\/2024\/06\/nocomment_4121a5c15dda2f264da3db6f4e1d3ab0_bzk29w5axyhm1j8cno3l.jpg",750,422,false],"2048x2048":["https:\/\/arantv.az\/wp-content\/uploads\/2024\/06\/nocomment_4121a5c15dda2f264da3db6f4e1d3ab0_bzk29w5axyhm1j8cno3l.jpg",750,422,false],"post-thumbnail":["https:\/\/arantv.az\/wp-content\/uploads\/2024\/06\/nocomment_4121a5c15dda2f264da3db6f4e1d3ab0_bzk29w5axyhm1j8cno3l-240x172.jpg",240,172,true],"advps-thumb-one":["https:\/\/arantv.az\/wp-content\/uploads\/2024\/06\/nocomment_4121a5c15dda2f264da3db6f4e1d3ab0_bzk29w5axyhm1j8cno3l.jpg",750,422,false]},"rttpg_author":{"display_name":"V\u00fcsal Rafiqo\u011flu","author_link":"https:\/\/arantv.az\/?author=2"},"rttpg_comment":0,"rttpg_category":"<a href=\"https:\/\/arantv.az\/?cat=1\" rel=\"category\">C\u0259miyy\u0259t<\/a>","rttpg_excerpt":"\u018flilliyi m\u00fc\u0259yy\u0259n edilmi\u015f \u015f\u0259xs\u0259 veril\u0259n reabilitasiya vasit\u0259l\u0259rinin sat\u0131lmas\u0131 v\u0259 ba\u011f\u0131\u015flanmas\u0131 qada\u011fan edilib. ARANTV.AZ-\u0131n x\u0259b\u0259rin\u0259 g\u00f6r\u0259, Ba\u015f nazir \u018fli \u018fs\u0259dov bununla ba\u011fl\u0131 &#8220;\u018flilliyi olan \u015f\u0259xsl\u0259rin reabilitasiya vasit\u0259l\u0259ri il\u0259 t\u0259min edilm\u0259si \u015e\u0259rtl\u0259ri v\u0259 Qaydas\u0131&#8221;nda d\u0259yi\u015fiklik edilm\u0259si bar\u0259d\u0259 q\u0259rar imzalay\u0131b. Bel\u0259 ki, s\u0259n\u0259d\u0259 yeni b\u0259nd \u0259lav\u0259 olunub. Qeyd edilib ki, bu Qaydan\u0131n 3.14-c\u00fc b\u0259ndind\u0259 n\u0259z\u0259rd\u0259 tutulmu\u015f hal istisna&hellip;","_links":{"self":[{"href":"https:\/\/arantv.az\/index.php?rest_route=\/wp\/v2\/posts\/732366"}],"collection":[{"href":"https:\/\/arantv.az\/index.php?rest_route=\/wp\/v2\/posts"}],"about":[{"href":"https:\/\/arantv.az\/index.php?rest_route=\/wp\/v2\/types\/post"}],"author":[{"embeddable":true,"href":"https:\/\/arantv.az\/index.php?rest_route=\/wp\/v2\/users\/2"}],"replies":[{"embeddable":true,"href":"https:\/\/arantv.az\/index.php?rest_route=%2Fwp%2Fv2%2Fcomments&post=732366"}],"version-history":[{"count":0,"href":"https:\/\/arantv.az\/index.php?rest_route=\/wp\/v2\/posts\/732366\/revisions"}],"wp:featuredmedia":[{"embeddable":true,"href":"https:\/\/arantv.az\/index.php?rest_route=\/wp\/v2\/media\/732367"}],"wp:attachment":[{"href":"https:\/\/arantv.az\/index.php?rest_route=%2Fwp%2Fv2%2Fmedia&parent=732366"}],"wp:term":[{"taxonomy":"category","embeddable":true,"href":"https:\/\/arantv.az\/index.php?rest_route=%2Fwp%2Fv2%2Fcategories&post=732366"},{"taxonomy":"post_tag","embeddable":true,"href":"https:\/\/arantv.az\/index.php?rest_route=%2Fwp%2Fv2%2Ftags&post=732366"}],"curies":[{"name":"wp","href":"https:\/\/api.w.org\/{rel}","templated":true}]}}