{"id":732379,"date":"2024-06-25T19:25:30","date_gmt":"2024-06-25T15:25:30","guid":{"rendered":"https:\/\/arantv.az\/?p=732379"},"modified":"2024-06-25T19:25:30","modified_gmt":"2024-06-25T15:25:30","slug":"caylarda-gozl%c9%99nil%c9%99n-dasqin-v%c9%99-sel-il%c9%99-bagli-x%c9%99b%c9%99rdarliq-edilib","status":"publish","type":"post","link":"https:\/\/arantv.az\/?p=732379","title":{"rendered":"\u00c7aylarda g\u00f6zl\u0259nil\u0259n da\u015fq\u0131n v\u0259 sel il\u0259 ba\u011fl\u0131 x\u0259b\u0259rdarl\u0131q edilib"},"content":{"rendered":"<p>Ya\u011f\u0131nt\u0131larla \u0259laq\u0259dar iyunun 26-s\u0131 s\u0259h\u0259r \u015fimal v\u0259 q\u0259rb rayonlar\u0131ndan ba\u015flayaraq 27-si ax\u015famad\u0259k \u00e7aylarda sululu\u011fun artaca\u011f\u0131 g\u00f6zl\u0259nilir.<\/p>\n<p><strong>ARANTV.AZ\u00a0 x\u0259b\u0259r verir ki,<\/strong>\u00a0bunu Milli Hidrometeorologiya Xidm\u0259t\u0131n\u0131n Hidrologiya m\u0259rk\u0259zinin direktoru Asif Verdiyev bildirib.<\/p>\n<p>O qeyd edib ki, ya\u011f\u0131nt\u0131lar\u0131n intensiv v\u0259 g\u00fccl\u00fc olaca\u011f\u0131 il\u0259 \u0259laq\u0259dar B\u00f6y\u00fck v\u0259 Ki\u00e7ik Qafqaz\u0131n v\u0259 L\u0259nk\u0259ran-Astara b\u00f6lg\u0259sinin \u0259razisind\u0259n axan b\u0259zi \u00e7aylardan q\u0131sam\u00fcdd\u0259tli da\u015fq\u0131n v\u0259 sel ke\u00e7\u0259c\u0259yi g\u00f6zl\u0259nilir.<\/p>\n<p>Asif Verdiyev sel t\u0259hl\u00fck\u0259si olan Balak\u0259n-\u015e\u0259ki, Quba-Qusar, Qazax-G\u0259nc\u0259, Da\u015fk\u0259s\u0259n-G\u0259d\u0259b\u0259y, Qaraba\u011f v\u0259 \u015e\u0259rqi Z\u0259ng\u0259zur \u0259razisind\u0259n axan \u00e7aylarda ba\u015f ver\u0259 bil\u0259c\u0259k da\u015fq\u0131nla \u0259laq\u0259dar h\u0259min \u0259razil\u0259rd\u0259 \u00e7aylar\u0131n sahilind\u0259 ya\u015fayan v\u0259 orada istirah\u0259t ed\u0259n v\u0259t\u0259nda\u015flara diqq\u0259tli olmalar\u0131 \u00fc\u00e7\u00fcn \u00e7a\u011f\u0131r\u0131\u015f edib.<\/p>\n<p>O, v\u0259t\u0259nda\u015flardan m\u00fcmk\u00fcn q\u0259d\u0259r \u00e7aylar\u0131n sahilind\u0259n uzaqda eyni zamanda, t\u0259hl\u00fck\u0259siz yerl\u0259rd\u0259 durmalar\u0131n\u0131, sel hadis\u0259si zaman\u0131 \u00e7aylar\u0131n yax\u0131nl\u0131\u011f\u0131nda dayan\u0131b prosesi izl\u0259m\u0259m\u0259l\u0259rini t\u00f6vsiy\u0259 edib.<\/p>\n<p>\u201cN\u0259z\u0259r\u0259 almaq laz\u0131md\u0131r ki, bu, \u00e7ox t\u0259hl\u00fck\u0259lidir. Ax\u0131n\u0131n istiqam\u0259tinin h\u0259r an d\u0259yi\u015f\u0259 bil\u0259c\u0259yi g\u00f6zl\u0259nil\u0259ndir. Sel hadis\u0259si ba\u015flayan kimi d\u0259rhal h\u0259min \u0259razi t\u0259rk edilm\u0259lidir\u201d, &#8211; A.Verdiyev deyib.<\/p>\n","protected":false},"excerpt":{"rendered":"<p>Ya\u011f\u0131nt\u0131larla \u0259laq\u0259dar iyunun 26-s\u0131 s\u0259h\u0259r \u015fimal v\u0259 q\u0259rb rayonlar\u0131ndan ba\u015flayaraq 27-si ax\u015famad\u0259k \u00e7aylarda sululu\u011fun artaca\u011f\u0131 g\u00f6zl\u0259nilir. ARANTV.AZ\u00a0 x\u0259b\u0259r verir ki,\u00a0bunu Milli Hidrometeorologiya Xidm\u0259t\u0131n\u0131n Hidrologiya m\u0259rk\u0259zinin direktoru Asif Verdiyev bildirib. O qeyd edib ki, ya\u011f\u0131nt\u0131lar\u0131n intensiv v\u0259 g\u00fccl\u00fc olaca\u011f\u0131 il\u0259 \u0259laq\u0259dar B\u00f6y\u00fck v\u0259 Ki\u00e7ik Qafqaz\u0131n v\u0259 L\u0259nk\u0259ran-Astara b\u00f6lg\u0259sinin \u0259razisind\u0259n axan b\u0259zi \u00e7aylardan q\u0131sam\u00fcdd\u0259tli da\u015fq\u0131n v\u0259 sel ke\u00e7\u0259c\u0259yi g\u00f6zl\u0259nilir. Asif Verdiyev sel t\u0259hl\u00fck\u0259si olan Balak\u0259n-\u015e\u0259ki, Quba-Qusar, Qazax-G\u0259nc\u0259, Da\u015fk\u0259s\u0259n-G\u0259d\u0259b\u0259y, Qaraba\u011f v\u0259 \u015e\u0259rqi Z\u0259ng\u0259zur \u0259razisind\u0259n axan \u00e7aylarda ba\u015f ver\u0259 bil\u0259c\u0259k da\u015fq\u0131nla \u0259laq\u0259dar h\u0259min \u0259razil\u0259rd\u0259 \u00e7aylar\u0131n sahilind\u0259 ya\u015fayan v\u0259 orada istirah\u0259t ed\u0259n v\u0259t\u0259nda\u015flara diqq\u0259tli olmalar\u0131&hellip;<\/p>\n","protected":false},"author":2,"featured_media":732380,"comment_status":"closed","ping_status":"closed","sticky":false,"template":"","format":"standard","meta":{"om_disable_all_campaigns":false,"_monsterinsights_skip_tracking":false,"_monsterinsights_sitenote_active":false,"_monsterinsights_sitenote_note":"","_monsterinsights_sitenote_category":0},"categories":[1],"tags":[],"aioseo_notices":[],"gutentor_comment":0,"rttpg_featured_image_url":{"full":["https:\/\/arantv.az\/wp-content\/uploads\/2024\/06\/fb1378d0171932858072434480110154685.jpg",975,540,false],"landscape":["https:\/\/arantv.az\/wp-content\/uploads\/2024\/06\/fb1378d0171932858072434480110154685.jpg",975,540,false],"portraits":["https:\/\/arantv.az\/wp-content\/uploads\/2024\/06\/fb1378d0171932858072434480110154685.jpg",975,540,false],"thumbnail":["https:\/\/arantv.az\/wp-content\/uploads\/2024\/06\/fb1378d0171932858072434480110154685-500x280.jpg",500,280,true],"medium":["https:\/\/arantv.az\/wp-content\/uploads\/2024\/06\/fb1378d0171932858072434480110154685-660x365.jpg",660,365,true],"large":["https:\/\/arantv.az\/wp-content\/uploads\/2024\/06\/fb1378d0171932858072434480110154685-840x465.jpg",640,354,true],"1536x1536":["https:\/\/arantv.az\/wp-content\/uploads\/2024\/06\/fb1378d0171932858072434480110154685.jpg",975,540,false],"2048x2048":["https:\/\/arantv.az\/wp-content\/uploads\/2024\/06\/fb1378d0171932858072434480110154685.jpg",975,540,false],"post-thumbnail":["https:\/\/arantv.az\/wp-content\/uploads\/2024\/06\/fb1378d0171932858072434480110154685-240x172.jpg",240,172,true],"advps-thumb-one":["https:\/\/arantv.az\/wp-content\/uploads\/2024\/06\/fb1378d0171932858072434480110154685.jpg",975,540,false]},"rttpg_author":{"display_name":"V\u00fcsal Rafiqo\u011flu","author_link":"https:\/\/arantv.az\/?author=2"},"rttpg_comment":0,"rttpg_category":"<a href=\"https:\/\/arantv.az\/?cat=1\" rel=\"category\">C\u0259miyy\u0259t<\/a>","rttpg_excerpt":"Ya\u011f\u0131nt\u0131larla \u0259laq\u0259dar iyunun 26-s\u0131 s\u0259h\u0259r \u015fimal v\u0259 q\u0259rb rayonlar\u0131ndan ba\u015flayaraq 27-si ax\u015famad\u0259k \u00e7aylarda sululu\u011fun artaca\u011f\u0131 g\u00f6zl\u0259nilir. ARANTV.AZ\u00a0 x\u0259b\u0259r verir ki,\u00a0bunu Milli Hidrometeorologiya Xidm\u0259t\u0131n\u0131n Hidrologiya m\u0259rk\u0259zinin direktoru Asif Verdiyev bildirib. O qeyd edib ki, ya\u011f\u0131nt\u0131lar\u0131n intensiv v\u0259 g\u00fccl\u00fc olaca\u011f\u0131 il\u0259 \u0259laq\u0259dar B\u00f6y\u00fck v\u0259 Ki\u00e7ik Qafqaz\u0131n v\u0259 L\u0259nk\u0259ran-Astara b\u00f6lg\u0259sinin \u0259razisind\u0259n axan b\u0259zi \u00e7aylardan q\u0131sam\u00fcdd\u0259tli da\u015fq\u0131n v\u0259 sel&hellip;","_links":{"self":[{"href":"https:\/\/arantv.az\/index.php?rest_route=\/wp\/v2\/posts\/732379"}],"collection":[{"href":"https:\/\/arantv.az\/index.php?rest_route=\/wp\/v2\/posts"}],"about":[{"href":"https:\/\/arantv.az\/index.php?rest_route=\/wp\/v2\/types\/post"}],"author":[{"embeddable":true,"href":"https:\/\/arantv.az\/index.php?rest_route=\/wp\/v2\/users\/2"}],"replies":[{"embeddable":true,"href":"https:\/\/arantv.az\/index.php?rest_route=%2Fwp%2Fv2%2Fcomments&post=732379"}],"version-history":[{"count":0,"href":"https:\/\/arantv.az\/index.php?rest_route=\/wp\/v2\/posts\/732379\/revisions"}],"wp:featuredmedia":[{"embeddable":true,"href":"https:\/\/arantv.az\/index.php?rest_route=\/wp\/v2\/media\/732380"}],"wp:attachment":[{"href":"https:\/\/arantv.az\/index.php?rest_route=%2Fwp%2Fv2%2Fmedia&parent=732379"}],"wp:term":[{"taxonomy":"category","embeddable":true,"href":"https:\/\/arantv.az\/index.php?rest_route=%2Fwp%2Fv2%2Fcategories&post=732379"},{"taxonomy":"post_tag","embeddable":true,"href":"https:\/\/arantv.az\/index.php?rest_route=%2Fwp%2Fv2%2Ftags&post=732379"}],"curies":[{"name":"wp","href":"https:\/\/api.w.org\/{rel}","templated":true}]}}