{"id":732386,"date":"2024-06-25T20:30:53","date_gmt":"2024-06-25T16:30:53","guid":{"rendered":"https:\/\/arantv.az\/?p=732386"},"modified":"2024-06-25T20:30:53","modified_gmt":"2024-06-25T16:30:53","slug":"sabah-h%c9%99rbcil%c9%99rin-nizami-yurusu-keciril%c9%99c%c9%99k","status":"publish","type":"post","link":"https:\/\/arantv.az\/?p=732386","title":{"rendered":"Sabah h\u0259rb\u00e7il\u0259rin nizami y\u00fcr\u00fc\u015f\u00fc ke\u00e7iril\u0259c\u0259k"},"content":{"rendered":"<div class=\"text-content\" data-id=\"\" data-url=\"\">\n<p><strong>26 iyun &#8211; Silahl\u0131 Q\u00fcvv\u0259l\u0259r G\u00fcn\u00fcnd\u0259 Bak\u0131, Sumqay\u0131t, G\u0259nc\u0259, \u015eu\u015fa \u015f\u0259h\u0259rl\u0259ri v\u0259 B\u0259rd\u0259 rayonunun m\u0259rk\u0259zi k\u00fc\u00e7\u0259 v\u0259 prospektl\u0259rind\u0259 h\u0259rbi qulluq\u00e7ular\u0131n y\u00fcr\u00fc\u015fl\u0259ri v\u0259 orkestrl\u0259rin n\u00fcmun\u0259vi \u00e7\u0131x\u0131\u015flar\u0131 t\u0259\u015fkil olunacaq.<\/strong><\/p>\n<p>Bu bar\u0259d\u0259\u00a0<strong>Musavat.com<\/strong>-a M\u00fcdafi\u0259 Nazirliyinin (MN) M\u0259tbuat xidm\u0259tind\u0259n m\u0259lumat verilib.<\/p>\n<p>Bildirilib ki, H\u0259rbi qulluq\u00e7ular iyunun 26-s\u0131 saat 10:00-dan 12:00-d\u0259k a\u015fa\u011f\u0131dak\u0131 mar\u015frutlar \u00fczr\u0259 y\u00fcr\u00fc\u015f ed\u0259c\u0259kl\u0259r:<\/p>\n<p>&#8211; Heyd\u0259r \u018fliyev saray\u0131 &#8211; B\u00fclb\u00fcl prospekti &#8211; Nizami Kino M\u0259rk\u0259zi &#8211; Neft\u00e7il\u0259r prospekti &#8211; Azadl\u0131q meydan\u0131 &#8211; &#8220;AMAY&#8221; ticar\u0259t m\u0259rk\u0259zi;<br \/>\n&#8211; \u015e\u0259hidl\u0259r Xiyaban\u0131 &#8211; &#8220;Alov Q\u00fcll\u0259l\u0259ri&#8221; Kompleksi &#8211; &#8220;\u0130\u00e7\u0259ri\u015f\u0259h\u0259r&#8221; metrostansiyas\u0131 &#8211; Qala qap\u0131s\u0131 &#8211; Az\u0259rbaycan D\u00f6vl\u0259t Kukla teatr\u0131 &#8211; Azneft dair\u0259si &#8211; B\u0259hram Gur heyk\u0259li;<br \/>\n&#8211; Q\u0259z\u0259nf\u0259r Musab\u0259yov park\u0131 &#8211; \u018fbd\u00fcrr\u0259him b\u0259y Haqverdiyev k\u00fc\u00e7\u0259si &#8211; H\u00fcseyn Cavid prospekti &#8211; H\u00fcseyn Cavid park\u0131 &#8211; Parlament prospekti &#8211; \u015e\u0259hidl\u0259r Xiyaban\u0131;<br \/>\n&#8211; &#8220;Olimpik Star&#8221; \u0130dman v\u0259 \u018fyl\u0259nc\u0259 M\u0259rk\u0259zi &#8211; S\u0259m\u0259d Vur\u011fun k\u00fc\u00e7\u0259si &#8211; Zabitl\u0259r park\u0131 &#8211; Bak\u0131 D\u00f6vl\u0259t Sirki &#8211; Heyd\u0259r \u018fliyev Saray\u0131 &#8211; \u0130mad\u0259ddin N\u0259simi heyk\u0259li &#8211; Neft\u00e7il\u0259r prospekti;<br \/>\n&#8211; N\u0259riman N\u0259rimanov heyk\u0259li &#8211; M\u0259rk\u0259zi park &#8211; Az\u0259rbaycan D\u00f6vl\u0259t Akademik Milli Dram Teatr\u0131 &#8211; Q\u0131\u015f park\u0131 &#8211; Heyd\u0259r \u018fliyev saray\u0131 &#8211; Az\u0259rbaycan Respublikas\u0131n\u0131n M\u0259rk\u0259zi Bank\u0131 &#8211; 28 Mall Ticar\u0259t M\u0259rk\u0259zi;<\/p>\n<p>&#8211; Sumqay\u0131t D\u0259nizk\u0259nar\u0131 Bulvar \u0259razisi;<br \/>\n&#8211; G\u0259nc\u0259, \u015eu\u015fa \u015f\u0259h\u0259rl\u0259ri v\u0259 B\u0259rd\u0259 rayonunun m\u0259rk\u0259zi k\u00fc\u00e7\u0259 v\u0259 prospektl\u0259ri;<br \/>\nH\u0259min g\u00fcn saat 19:00-dan 21:00-d\u0259k m\u00fc\u0259yy\u0259n edilmi\u015f yerl\u0259rd\u0259 orkestrl\u0259rin n\u00fcmun\u0259vi \u00e7\u0131x\u0131\u015flar\u0131 olacaq:<br \/>\n&#8211; Heyd\u0259r \u018fliyev park\u0131 (Heyd\u0259r \u018fliyev saray\u0131n\u0131n qar\u015f\u0131s\u0131);<br \/>\n&#8211; Azneft dair\u0259sind\u0259ki D\u00f6vl\u0259t Bayra\u011f\u0131 Meydan\u0131;<br \/>\n&#8211; Muzey M\u0259rk\u0259zi (D\u0259nizk\u0259nar\u0131 Bulvar fontan\u0131n\u0131n qar\u015f\u0131s\u0131);<br \/>\n&#8211; Zabitl\u0259r park\u0131;<br \/>\n&#8211; Koro\u011flu park\u0131;<br \/>\n&#8211; Sumqay\u0131t D\u0259nizk\u0259nar\u0131 Bulvarda Bayraq meydan\u0131;<br \/>\n&#8211; F\u0259vvar\u0259l\u0259r meydan\u0131.<\/p>\n<\/div>\n<div><\/div>\n<div><\/div>\n<div class=\"inner-social-box\">\n<div class=\"subs-in-social subs-whatsapp\"><\/div>\n<\/div>\n","protected":false},"excerpt":{"rendered":"<p>26 iyun &#8211; Silahl\u0131 Q\u00fcvv\u0259l\u0259r G\u00fcn\u00fcnd\u0259 Bak\u0131, Sumqay\u0131t, G\u0259nc\u0259, \u015eu\u015fa \u015f\u0259h\u0259rl\u0259ri v\u0259 B\u0259rd\u0259 rayonunun m\u0259rk\u0259zi k\u00fc\u00e7\u0259 v\u0259 prospektl\u0259rind\u0259 h\u0259rbi qulluq\u00e7ular\u0131n y\u00fcr\u00fc\u015fl\u0259ri v\u0259 orkestrl\u0259rin n\u00fcmun\u0259vi \u00e7\u0131x\u0131\u015flar\u0131 t\u0259\u015fkil olunacaq. Bu bar\u0259d\u0259\u00a0Musavat.com-a M\u00fcdafi\u0259 Nazirliyinin (MN) M\u0259tbuat xidm\u0259tind\u0259n m\u0259lumat verilib. Bildirilib ki, H\u0259rbi qulluq\u00e7ular iyunun 26-s\u0131 saat 10:00-dan 12:00-d\u0259k a\u015fa\u011f\u0131dak\u0131 mar\u015frutlar \u00fczr\u0259 y\u00fcr\u00fc\u015f ed\u0259c\u0259kl\u0259r: &#8211; Heyd\u0259r \u018fliyev saray\u0131 &#8211; B\u00fclb\u00fcl prospekti &#8211; Nizami Kino M\u0259rk\u0259zi &#8211; Neft\u00e7il\u0259r prospekti &#8211; Azadl\u0131q meydan\u0131 &#8211; &#8220;AMAY&#8221; ticar\u0259t m\u0259rk\u0259zi; &#8211; \u015e\u0259hidl\u0259r Xiyaban\u0131 &#8211; &#8220;Alov Q\u00fcll\u0259l\u0259ri&#8221; Kompleksi &#8211; &#8220;\u0130\u00e7\u0259ri\u015f\u0259h\u0259r&#8221; metrostansiyas\u0131 &#8211; Qala qap\u0131s\u0131 &#8211; Az\u0259rbaycan D\u00f6vl\u0259t Kukla teatr\u0131 &#8211;&hellip;<\/p>\n","protected":false},"author":2,"featured_media":732387,"comment_status":"closed","ping_status":"closed","sticky":false,"template":"","format":"standard","meta":{"om_disable_all_campaigns":false,"_monsterinsights_skip_tracking":false,"_monsterinsights_sitenote_active":false,"_monsterinsights_sitenote_note":"","_monsterinsights_sitenote_category":0},"categories":[10],"tags":[],"aioseo_notices":[],"gutentor_comment":0,"rttpg_featured_image_url":{"full":["https:\/\/arantv.az\/wp-content\/uploads\/2024\/06\/f2c0d2f1a73c4bf1e5547ce43c12909a.jpg",850,500,false],"landscape":["https:\/\/arantv.az\/wp-content\/uploads\/2024\/06\/f2c0d2f1a73c4bf1e5547ce43c12909a.jpg",850,500,false],"portraits":["https:\/\/arantv.az\/wp-content\/uploads\/2024\/06\/f2c0d2f1a73c4bf1e5547ce43c12909a.jpg",850,500,false],"thumbnail":["https:\/\/arantv.az\/wp-content\/uploads\/2024\/06\/f2c0d2f1a73c4bf1e5547ce43c12909a-500x280.jpg",500,280,true],"medium":["https:\/\/arantv.az\/wp-content\/uploads\/2024\/06\/f2c0d2f1a73c4bf1e5547ce43c12909a-621x365.jpg",621,365,true],"large":["https:\/\/arantv.az\/wp-content\/uploads\/2024\/06\/f2c0d2f1a73c4bf1e5547ce43c12909a-840x494.jpg",640,376,true],"1536x1536":["https:\/\/arantv.az\/wp-content\/uploads\/2024\/06\/f2c0d2f1a73c4bf1e5547ce43c12909a.jpg",850,500,false],"2048x2048":["https:\/\/arantv.az\/wp-content\/uploads\/2024\/06\/f2c0d2f1a73c4bf1e5547ce43c12909a.jpg",850,500,false],"post-thumbnail":["https:\/\/arantv.az\/wp-content\/uploads\/2024\/06\/f2c0d2f1a73c4bf1e5547ce43c12909a-240x172.jpg",240,172,true],"advps-thumb-one":["https:\/\/arantv.az\/wp-content\/uploads\/2024\/06\/f2c0d2f1a73c4bf1e5547ce43c12909a.jpg",850,500,false]},"rttpg_author":{"display_name":"V\u00fcsal Rafiqo\u011flu","author_link":"https:\/\/arantv.az\/?author=2"},"rttpg_comment":0,"rttpg_category":"<a href=\"https:\/\/arantv.az\/?cat=10\" rel=\"category\">C\u0259bh\u0259d\u0259n X\u0259b\u0259r<\/a>","rttpg_excerpt":"26 iyun &#8211; Silahl\u0131 Q\u00fcvv\u0259l\u0259r G\u00fcn\u00fcnd\u0259 Bak\u0131, Sumqay\u0131t, G\u0259nc\u0259, \u015eu\u015fa \u015f\u0259h\u0259rl\u0259ri v\u0259 B\u0259rd\u0259 rayonunun m\u0259rk\u0259zi k\u00fc\u00e7\u0259 v\u0259 prospektl\u0259rind\u0259 h\u0259rbi qulluq\u00e7ular\u0131n y\u00fcr\u00fc\u015fl\u0259ri v\u0259 orkestrl\u0259rin n\u00fcmun\u0259vi \u00e7\u0131x\u0131\u015flar\u0131 t\u0259\u015fkil olunacaq. Bu bar\u0259d\u0259\u00a0Musavat.com-a M\u00fcdafi\u0259 Nazirliyinin (MN) M\u0259tbuat xidm\u0259tind\u0259n m\u0259lumat verilib. Bildirilib ki, H\u0259rbi qulluq\u00e7ular iyunun 26-s\u0131 saat 10:00-dan 12:00-d\u0259k a\u015fa\u011f\u0131dak\u0131 mar\u015frutlar \u00fczr\u0259 y\u00fcr\u00fc\u015f ed\u0259c\u0259kl\u0259r: &#8211; Heyd\u0259r \u018fliyev saray\u0131 &#8211;&hellip;","_links":{"self":[{"href":"https:\/\/arantv.az\/index.php?rest_route=\/wp\/v2\/posts\/732386"}],"collection":[{"href":"https:\/\/arantv.az\/index.php?rest_route=\/wp\/v2\/posts"}],"about":[{"href":"https:\/\/arantv.az\/index.php?rest_route=\/wp\/v2\/types\/post"}],"author":[{"embeddable":true,"href":"https:\/\/arantv.az\/index.php?rest_route=\/wp\/v2\/users\/2"}],"replies":[{"embeddable":true,"href":"https:\/\/arantv.az\/index.php?rest_route=%2Fwp%2Fv2%2Fcomments&post=732386"}],"version-history":[{"count":0,"href":"https:\/\/arantv.az\/index.php?rest_route=\/wp\/v2\/posts\/732386\/revisions"}],"wp:featuredmedia":[{"embeddable":true,"href":"https:\/\/arantv.az\/index.php?rest_route=\/wp\/v2\/media\/732387"}],"wp:attachment":[{"href":"https:\/\/arantv.az\/index.php?rest_route=%2Fwp%2Fv2%2Fmedia&parent=732386"}],"wp:term":[{"taxonomy":"category","embeddable":true,"href":"https:\/\/arantv.az\/index.php?rest_route=%2Fwp%2Fv2%2Fcategories&post=732386"},{"taxonomy":"post_tag","embeddable":true,"href":"https:\/\/arantv.az\/index.php?rest_route=%2Fwp%2Fv2%2Ftags&post=732386"}],"curies":[{"name":"wp","href":"https:\/\/api.w.org\/{rel}","templated":true}]}}