{"id":732393,"date":"2024-06-25T20:32:21","date_gmt":"2024-06-25T16:32:21","guid":{"rendered":"https:\/\/arantv.az\/?p=732393"},"modified":"2024-06-25T20:32:21","modified_gmt":"2024-06-25T16:32:21","slug":"az%c9%99rbaycan-xin-sloveniyani-t%c9%99brik-etdi","status":"publish","type":"post","link":"https:\/\/arantv.az\/?p=732393","title":{"rendered":"Az\u0259rbaycan X\u0130N Sloveniyan\u0131 T\u018fBR\u0130K ETD\u0130"},"content":{"rendered":"<p><strong>Az\u0259rbaycan Xarici \u0130\u015fl\u0259r Nazirliyi (X\u0130N) Sloveniyan\u0131 Milli G\u00fcn\u00fc m\u00fcnasib\u0259til\u0259 t\u0259brik edib.<\/strong><\/p>\n<p><strong>ARANTV.AZ <\/strong>\u00a0x\u0259b\u0259r verir ki, bu bar\u0259d\u0259 X\u0130N-in sosial \u015f\u0259b\u0259k\u0259 hesablar\u0131nda payla\u015f\u0131m edilib.<\/p>\n<p>&#8220;Sloveniya v\u0259 onun xalq\u0131n\u0131 Milli G\u00fcn m\u00fcnasib\u0259til\u0259 t\u0259brik edir, \u0259n xo\u015f arzular\u0131m\u0131z\u0131 bildiririk.<\/p>\n<p>Milli G\u00fcn\u00fcn m\u00fcbar\u0259k, Sloveniya&#8221;, &#8211; payla\u015f\u0131mda qeyd olunub.<\/p>\n<div class=\"twitter-tweet twitter-tweet-rendered\"><iframe loading=\"lazy\" id=\"twitter-widget-0\" class=\"\" title=\"X Post\" src=\"https:\/\/platform.twitter.com\/embed\/Tweet.html?dnt=false&amp;embedId=twitter-widget-0&amp;features=eyJ0ZndfdGltZWxpbmVfbGlzdCI6eyJidWNrZXQiOltdLCJ2ZXJzaW9uIjpudWxsfSwidGZ3X2ZvbGxvd2VyX2NvdW50X3N1bnNldCI6eyJidWNrZXQiOnRydWUsInZlcnNpb24iOm51bGx9LCJ0ZndfdHdlZXRfZWRpdF9iYWNrZW5kIjp7ImJ1Y2tldCI6Im9uIiwidmVyc2lvbiI6bnVsbH0sInRmd19yZWZzcmNfc2Vzc2lvbiI6eyJidWNrZXQiOiJvbiIsInZlcnNpb24iOm51bGx9LCJ0ZndfZm9zbnJfc29mdF9pbnRlcnZlbnRpb25zX2VuYWJsZWQiOnsiYnVja2V0Ijoib24iLCJ2ZXJzaW9uIjpudWxsfSwidGZ3X21peGVkX21lZGlhXzE1ODk3Ijp7ImJ1Y2tldCI6InRyZWF0bWVudCIsInZlcnNpb24iOm51bGx9LCJ0ZndfZXhwZXJpbWVudHNfY29va2llX2V4cGlyYXRpb24iOnsiYnVja2V0IjoxMjA5NjAwLCJ2ZXJzaW9uIjpudWxsfSwidGZ3X3Nob3dfYmlyZHdhdGNoX3Bpdm90c19lbmFibGVkIjp7ImJ1Y2tldCI6Im9uIiwidmVyc2lvbiI6bnVsbH0sInRmd19kdXBsaWNhdGVfc2NyaWJlc190b19zZXR0aW5ncyI6eyJidWNrZXQiOiJvbiIsInZlcnNpb24iOm51bGx9LCJ0ZndfdXNlX3Byb2ZpbGVfaW1hZ2Vfc2hhcGVfZW5hYmxlZCI6eyJidWNrZXQiOiJvbiIsInZlcnNpb24iOm51bGx9LCJ0ZndfdmlkZW9faGxzX2R5bmFtaWNfbWFuaWZlc3RzXzE1MDgyIjp7ImJ1Y2tldCI6InRydWVfYml0cmF0ZSIsInZlcnNpb24iOm51bGx9LCJ0ZndfbGVnYWN5X3RpbWVsaW5lX3N1bnNldCI6eyJidWNrZXQiOnRydWUsInZlcnNpb24iOm51bGx9LCJ0ZndfdHdlZXRfZWRpdF9mcm9udGVuZCI6eyJidWNrZXQiOiJvbiIsInZlcnNpb24iOm51bGx9fQ%3D%3D&amp;frame=false&amp;hideCard=false&amp;hideThread=false&amp;id=1805616490822930606&amp;lang=en&amp;origin=https%3A%2F%2Freport.az%2Fxarici-siyaset%2Fazerbaycan-xin-sloveniyani-tebrik-edib%2F&amp;sessionId=351cde69dac7ffbf59531ff635309d9d8ef5e3dc&amp;theme=light&amp;widgetsVersion=2615f7e52b7e0%3A1702314776716&amp;width=550px\" width=\"300\" height=\"150\" frameborder=\"0\" scrolling=\"no\" allowfullscreen=\"allowfullscreen\" data-mce-fragment=\"1\"><\/iframe><\/div>\n<blockquote class=\"twitter-tweet\" data-twitter-extracted-i1719329610724503376=\"true\">\n<p dir=\"ltr\" lang=\"en\">Congratulations and best of wishes to\u00a0<a href=\"https:\/\/twitter.com\/hashtag\/Slovenia?src=hash&amp;ref_src=twsrc%5Etfw\" target=\"_blank\" rel=\"noopener\">#Slovenia<\/a>\u00a0and its people on<br \/>\ntheir\u00a0<a href=\"https:\/\/twitter.com\/hashtag\/NationalDay?src=hash&amp;ref_src=twsrc%5Etfw\" target=\"_blank\" rel=\"noopener\">#NationalDay<\/a>!<\/p>\n<p>Happy National Day, Slovenia!\u00a0<a href=\"https:\/\/twitter.com\/MZEZ_RS?ref_src=twsrc%5Etfw\" target=\"_blank\" rel=\"noopener\">@MZEZ_RS<\/a>\u00a0<a href=\"https:\/\/t.co\/FDKJkb8uVO\" target=\"_blank\" rel=\"noopener\">pic.twitter.com\/FDKJkb8uVO<\/a><\/p>\n<p>\u2014 MFA Azerbaijan (@AzerbaijanMFA)\u00a0<a href=\"https:\/\/twitter.com\/AzerbaijanMFA\/status\/1805616490822930606?ref_src=twsrc%5Etfw\" target=\"_blank\" rel=\"noopener\">June 25, 2024<\/a><\/p><\/blockquote>\n","protected":false},"excerpt":{"rendered":"<p>Az\u0259rbaycan Xarici \u0130\u015fl\u0259r Nazirliyi (X\u0130N) Sloveniyan\u0131 Milli G\u00fcn\u00fc m\u00fcnasib\u0259til\u0259 t\u0259brik edib. ARANTV.AZ \u00a0x\u0259b\u0259r verir ki, bu bar\u0259d\u0259 X\u0130N-in sosial \u015f\u0259b\u0259k\u0259 hesablar\u0131nda payla\u015f\u0131m edilib. &#8220;Sloveniya v\u0259 onun xalq\u0131n\u0131 Milli G\u00fcn m\u00fcnasib\u0259til\u0259 t\u0259brik edir, \u0259n xo\u015f arzular\u0131m\u0131z\u0131 bildiririk. Milli G\u00fcn\u00fcn m\u00fcbar\u0259k, Sloveniya&#8221;, &#8211; payla\u015f\u0131mda qeyd olunub. Congratulations and best of wishes to\u00a0#Slovenia\u00a0and its people on their\u00a0#NationalDay! Happy National Day, Slovenia!\u00a0@MZEZ_RS\u00a0pic.twitter.com\/FDKJkb8uVO \u2014 MFA Azerbaijan (@AzerbaijanMFA)\u00a0June 25, 2024<\/p>\n","protected":false},"author":2,"featured_media":732394,"comment_status":"closed","ping_status":"closed","sticky":false,"template":"","format":"standard","meta":{"om_disable_all_campaigns":false,"_monsterinsights_skip_tracking":false,"_monsterinsights_sitenote_active":false,"_monsterinsights_sitenote_note":"","_monsterinsights_sitenote_category":0},"categories":[4],"tags":[],"aioseo_notices":[],"gutentor_comment":0,"rttpg_featured_image_url":{"full":["https:\/\/arantv.az\/wp-content\/uploads\/2024\/06\/e86e824ede294447694e56ba2f080f4c.jpg",850,500,false],"landscape":["https:\/\/arantv.az\/wp-content\/uploads\/2024\/06\/e86e824ede294447694e56ba2f080f4c.jpg",850,500,false],"portraits":["https:\/\/arantv.az\/wp-content\/uploads\/2024\/06\/e86e824ede294447694e56ba2f080f4c.jpg",850,500,false],"thumbnail":["https:\/\/arantv.az\/wp-content\/uploads\/2024\/06\/e86e824ede294447694e56ba2f080f4c-500x280.jpg",500,280,true],"medium":["https:\/\/arantv.az\/wp-content\/uploads\/2024\/06\/e86e824ede294447694e56ba2f080f4c-621x365.jpg",621,365,true],"large":["https:\/\/arantv.az\/wp-content\/uploads\/2024\/06\/e86e824ede294447694e56ba2f080f4c-840x494.jpg",640,376,true],"1536x1536":["https:\/\/arantv.az\/wp-content\/uploads\/2024\/06\/e86e824ede294447694e56ba2f080f4c.jpg",850,500,false],"2048x2048":["https:\/\/arantv.az\/wp-content\/uploads\/2024\/06\/e86e824ede294447694e56ba2f080f4c.jpg",850,500,false],"post-thumbnail":["https:\/\/arantv.az\/wp-content\/uploads\/2024\/06\/e86e824ede294447694e56ba2f080f4c-240x172.jpg",240,172,true],"advps-thumb-one":["https:\/\/arantv.az\/wp-content\/uploads\/2024\/06\/e86e824ede294447694e56ba2f080f4c.jpg",850,500,false]},"rttpg_author":{"display_name":"V\u00fcsal Rafiqo\u011flu","author_link":"https:\/\/arantv.az\/?author=2"},"rttpg_comment":0,"rttpg_category":"<a href=\"https:\/\/arantv.az\/?cat=4\" rel=\"category\">Siyas\u0259t<\/a>","rttpg_excerpt":"Az\u0259rbaycan Xarici \u0130\u015fl\u0259r Nazirliyi (X\u0130N) Sloveniyan\u0131 Milli G\u00fcn\u00fc m\u00fcnasib\u0259til\u0259 t\u0259brik edib. ARANTV.AZ \u00a0x\u0259b\u0259r verir ki, bu bar\u0259d\u0259 X\u0130N-in sosial \u015f\u0259b\u0259k\u0259 hesablar\u0131nda payla\u015f\u0131m edilib. &#8220;Sloveniya v\u0259 onun xalq\u0131n\u0131 Milli G\u00fcn m\u00fcnasib\u0259til\u0259 t\u0259brik edir, \u0259n xo\u015f arzular\u0131m\u0131z\u0131 bildiririk. Milli G\u00fcn\u00fcn m\u00fcbar\u0259k, Sloveniya&#8221;, &#8211; payla\u015f\u0131mda qeyd olunub. Congratulations and best of wishes to\u00a0#Slovenia\u00a0and its people on their\u00a0#NationalDay! Happy&hellip;","_links":{"self":[{"href":"https:\/\/arantv.az\/index.php?rest_route=\/wp\/v2\/posts\/732393"}],"collection":[{"href":"https:\/\/arantv.az\/index.php?rest_route=\/wp\/v2\/posts"}],"about":[{"href":"https:\/\/arantv.az\/index.php?rest_route=\/wp\/v2\/types\/post"}],"author":[{"embeddable":true,"href":"https:\/\/arantv.az\/index.php?rest_route=\/wp\/v2\/users\/2"}],"replies":[{"embeddable":true,"href":"https:\/\/arantv.az\/index.php?rest_route=%2Fwp%2Fv2%2Fcomments&post=732393"}],"version-history":[{"count":0,"href":"https:\/\/arantv.az\/index.php?rest_route=\/wp\/v2\/posts\/732393\/revisions"}],"wp:featuredmedia":[{"embeddable":true,"href":"https:\/\/arantv.az\/index.php?rest_route=\/wp\/v2\/media\/732394"}],"wp:attachment":[{"href":"https:\/\/arantv.az\/index.php?rest_route=%2Fwp%2Fv2%2Fmedia&parent=732393"}],"wp:term":[{"taxonomy":"category","embeddable":true,"href":"https:\/\/arantv.az\/index.php?rest_route=%2Fwp%2Fv2%2Fcategories&post=732393"},{"taxonomy":"post_tag","embeddable":true,"href":"https:\/\/arantv.az\/index.php?rest_route=%2Fwp%2Fv2%2Ftags&post=732393"}],"curies":[{"name":"wp","href":"https:\/\/api.w.org\/{rel}","templated":true}]}}