{"id":732397,"date":"2024-06-25T20:33:04","date_gmt":"2024-06-25T16:33:04","guid":{"rendered":"https:\/\/arantv.az\/?p=732397"},"modified":"2024-06-25T20:33:04","modified_gmt":"2024-06-25T16:33:04","slug":"ceyhun-bayramov-iqor-xovayev-il%c9%99-gorusdu-foto","status":"publish","type":"post","link":"https:\/\/arantv.az\/?p=732397","title":{"rendered":"Ceyhun Bayramov \u0130qor Xovayev il\u0259 g\u00f6r\u00fc\u015fd\u00fc &#8211; FOTO"},"content":{"rendered":"<div id=\"mvp-content-main\" class=\"left relative\">\n<p><strong>Az\u0259rbaycan\u0131n xarici i\u015fl\u0259r naziri Ceyhun Bayramov Rusiya Federasiyas\u0131n\u0131n xarici i\u015fl\u0259r nazirinin Az\u0259rbaycan-Erm\u0259nistan m\u00fcnasib\u0259tl\u0259rinin normalla\u015fd\u0131r\u0131lmas\u0131 \u00fczr\u0259 x\u00fcsusi n\u00fcmay\u0259nd\u0259si \u0130qor Xovayevi q\u0259bul edib.<\/strong><\/p>\n<p>Bu bar\u0259d\u0259\u00a0<strong>Musavat.com<\/strong>-a Xarici \u0130\u015fl\u0259r Nazirliyind\u0259n m\u0259lumat verilib.<\/p>\n<p>Bildirilib ki, g\u00f6r\u00fc\u015fd\u0259 Az\u0259rbaycan-Rusiya ikit\u0259r\u0259fli \u0259laq\u0259l\u0259ri, regional platformalar \u00e7\u0259r\u00e7iv\u0259sind\u0259 g\u00f6r\u00fcl\u0259n i\u015fl\u0259r, Az\u0259rbaycan v\u0259 Erm\u0259nistan aras\u0131nda s\u00fclh prosesinin cari v\u0259ziyy\u0259ti v\u0259 perspektivl\u0259ri, regionda m\u00f6vcud v\u0259ziyy\u0259t v\u0259 son inki\u015faflar m\u00fczakir\u0259 olunub.<\/p>\n<p>C.Bayramov Az\u0259rbaycanla Erm\u0259nistan aras\u0131nda s\u00fclh sazi\u015fi layih\u0259si \u00fczr\u0259 apar\u0131lan dan\u0131\u015f\u0131qlar prosesi bar\u0259d\u0259 m\u0259lumat verib. Bununla yana\u015f\u0131, Erm\u0259nistan konstitusiyas\u0131nda v\u0259 dig\u0259r qanunvericilik aktlar\u0131nda Az\u0259rbaycan\u0131n \u0259razi b\u00fct\u00f6vl\u00fcy\u00fcn\u0259 qar\u015f\u0131 davam ed\u0259n iddialar\u0131n proses \u00e7\u0259r\u00e7iv\u0259sind\u0259 \u0259sas mane\u0259 oldu\u011fu diqq\u0259t\u0259 \u00e7atd\u0131r\u0131l\u0131b.<\/p>\n<p>G\u00f6r\u00fc\u015f zaman\u0131 h\u0259m\u00e7inin qar\u015f\u0131l\u0131ql\u0131 maraq do\u011furan dig\u0259r m\u0259s\u0259l\u0259l\u0259r \u0259traf\u0131nda fikir m\u00fcbadil\u0259si apar\u0131l\u0131b.<\/p>\n<\/div>\n<div id=\"mvp-content-bot\" class=\"left\">\n<div class=\"news-gallery\"><img class=\"\" src=\"https:\/\/publika.az\/storage\/2024\/06\/25\/1820d0fa-c0a7-3048-b6bf-45596c7af9c8.jpg\" alt=\"\" \/><img class=\"\" src=\"https:\/\/publika.az\/storage\/2024\/06\/25\/8ce26521-444d-355f-a55a-800f23735515.jpg\" alt=\"\" \/><\/div>\n<\/div>\n","protected":false},"excerpt":{"rendered":"<p>Az\u0259rbaycan\u0131n xarici i\u015fl\u0259r naziri Ceyhun Bayramov Rusiya Federasiyas\u0131n\u0131n xarici i\u015fl\u0259r nazirinin Az\u0259rbaycan-Erm\u0259nistan m\u00fcnasib\u0259tl\u0259rinin normalla\u015fd\u0131r\u0131lmas\u0131 \u00fczr\u0259 x\u00fcsusi n\u00fcmay\u0259nd\u0259si \u0130qor Xovayevi q\u0259bul edib. Bu bar\u0259d\u0259\u00a0Musavat.com-a Xarici \u0130\u015fl\u0259r Nazirliyind\u0259n m\u0259lumat verilib. Bildirilib ki, g\u00f6r\u00fc\u015fd\u0259 Az\u0259rbaycan-Rusiya ikit\u0259r\u0259fli \u0259laq\u0259l\u0259ri, regional platformalar \u00e7\u0259r\u00e7iv\u0259sind\u0259 g\u00f6r\u00fcl\u0259n i\u015fl\u0259r, Az\u0259rbaycan v\u0259 Erm\u0259nistan aras\u0131nda s\u00fclh prosesinin cari v\u0259ziyy\u0259ti v\u0259 perspektivl\u0259ri, regionda m\u00f6vcud v\u0259ziyy\u0259t v\u0259 son inki\u015faflar m\u00fczakir\u0259 olunub. C.Bayramov Az\u0259rbaycanla Erm\u0259nistan aras\u0131nda s\u00fclh sazi\u015fi layih\u0259si \u00fczr\u0259 apar\u0131lan dan\u0131\u015f\u0131qlar prosesi bar\u0259d\u0259 m\u0259lumat verib. Bununla yana\u015f\u0131, Erm\u0259nistan konstitusiyas\u0131nda v\u0259 dig\u0259r qanunvericilik aktlar\u0131nda Az\u0259rbaycan\u0131n \u0259razi b\u00fct\u00f6vl\u00fcy\u00fcn\u0259 qar\u015f\u0131 davam ed\u0259n iddialar\u0131n proses \u00e7\u0259r\u00e7iv\u0259sind\u0259 \u0259sas mane\u0259&hellip;<\/p>\n","protected":false},"author":2,"featured_media":732398,"comment_status":"closed","ping_status":"closed","sticky":false,"template":"","format":"standard","meta":{"om_disable_all_campaigns":false,"_monsterinsights_skip_tracking":false,"_monsterinsights_sitenote_active":false,"_monsterinsights_sitenote_note":"","_monsterinsights_sitenote_category":0},"categories":[4],"tags":[],"aioseo_notices":[],"gutentor_comment":0,"rttpg_featured_image_url":{"full":["https:\/\/arantv.az\/wp-content\/uploads\/2024\/06\/3f206e8ac1059aabd80155b62225b5d1.jpg",850,500,false],"landscape":["https:\/\/arantv.az\/wp-content\/uploads\/2024\/06\/3f206e8ac1059aabd80155b62225b5d1.jpg",850,500,false],"portraits":["https:\/\/arantv.az\/wp-content\/uploads\/2024\/06\/3f206e8ac1059aabd80155b62225b5d1.jpg",850,500,false],"thumbnail":["https:\/\/arantv.az\/wp-content\/uploads\/2024\/06\/3f206e8ac1059aabd80155b62225b5d1-500x280.jpg",500,280,true],"medium":["https:\/\/arantv.az\/wp-content\/uploads\/2024\/06\/3f206e8ac1059aabd80155b62225b5d1-621x365.jpg",621,365,true],"large":["https:\/\/arantv.az\/wp-content\/uploads\/2024\/06\/3f206e8ac1059aabd80155b62225b5d1-840x494.jpg",640,376,true],"1536x1536":["https:\/\/arantv.az\/wp-content\/uploads\/2024\/06\/3f206e8ac1059aabd80155b62225b5d1.jpg",850,500,false],"2048x2048":["https:\/\/arantv.az\/wp-content\/uploads\/2024\/06\/3f206e8ac1059aabd80155b62225b5d1.jpg",850,500,false],"post-thumbnail":["https:\/\/arantv.az\/wp-content\/uploads\/2024\/06\/3f206e8ac1059aabd80155b62225b5d1-240x172.jpg",240,172,true],"advps-thumb-one":["https:\/\/arantv.az\/wp-content\/uploads\/2024\/06\/3f206e8ac1059aabd80155b62225b5d1.jpg",850,500,false]},"rttpg_author":{"display_name":"V\u00fcsal Rafiqo\u011flu","author_link":"https:\/\/arantv.az\/?author=2"},"rttpg_comment":0,"rttpg_category":"<a href=\"https:\/\/arantv.az\/?cat=4\" rel=\"category\">Siyas\u0259t<\/a>","rttpg_excerpt":"Az\u0259rbaycan\u0131n xarici i\u015fl\u0259r naziri Ceyhun Bayramov Rusiya Federasiyas\u0131n\u0131n xarici i\u015fl\u0259r nazirinin Az\u0259rbaycan-Erm\u0259nistan m\u00fcnasib\u0259tl\u0259rinin normalla\u015fd\u0131r\u0131lmas\u0131 \u00fczr\u0259 x\u00fcsusi n\u00fcmay\u0259nd\u0259si \u0130qor Xovayevi q\u0259bul edib. Bu bar\u0259d\u0259\u00a0Musavat.com-a Xarici \u0130\u015fl\u0259r Nazirliyind\u0259n m\u0259lumat verilib. Bildirilib ki, g\u00f6r\u00fc\u015fd\u0259 Az\u0259rbaycan-Rusiya ikit\u0259r\u0259fli \u0259laq\u0259l\u0259ri, regional platformalar \u00e7\u0259r\u00e7iv\u0259sind\u0259 g\u00f6r\u00fcl\u0259n i\u015fl\u0259r, Az\u0259rbaycan v\u0259 Erm\u0259nistan aras\u0131nda s\u00fclh prosesinin cari v\u0259ziyy\u0259ti v\u0259 perspektivl\u0259ri, regionda m\u00f6vcud v\u0259ziyy\u0259t v\u0259 son inki\u015faflar&hellip;","_links":{"self":[{"href":"https:\/\/arantv.az\/index.php?rest_route=\/wp\/v2\/posts\/732397"}],"collection":[{"href":"https:\/\/arantv.az\/index.php?rest_route=\/wp\/v2\/posts"}],"about":[{"href":"https:\/\/arantv.az\/index.php?rest_route=\/wp\/v2\/types\/post"}],"author":[{"embeddable":true,"href":"https:\/\/arantv.az\/index.php?rest_route=\/wp\/v2\/users\/2"}],"replies":[{"embeddable":true,"href":"https:\/\/arantv.az\/index.php?rest_route=%2Fwp%2Fv2%2Fcomments&post=732397"}],"version-history":[{"count":0,"href":"https:\/\/arantv.az\/index.php?rest_route=\/wp\/v2\/posts\/732397\/revisions"}],"wp:featuredmedia":[{"embeddable":true,"href":"https:\/\/arantv.az\/index.php?rest_route=\/wp\/v2\/media\/732398"}],"wp:attachment":[{"href":"https:\/\/arantv.az\/index.php?rest_route=%2Fwp%2Fv2%2Fmedia&parent=732397"}],"wp:term":[{"taxonomy":"category","embeddable":true,"href":"https:\/\/arantv.az\/index.php?rest_route=%2Fwp%2Fv2%2Fcategories&post=732397"},{"taxonomy":"post_tag","embeddable":true,"href":"https:\/\/arantv.az\/index.php?rest_route=%2Fwp%2Fv2%2Ftags&post=732397"}],"curies":[{"name":"wp","href":"https:\/\/api.w.org\/{rel}","templated":true}]}}