{"id":732574,"date":"2024-06-26T13:06:39","date_gmt":"2024-06-26T09:06:39","guid":{"rendered":"https:\/\/arantv.az\/?p=732574"},"modified":"2024-06-26T13:06:39","modified_gmt":"2024-06-26T09:06:39","slug":"turkiy%c9%99-mn-az%c9%99rbaycan-silahli-quvv%c9%99l%c9%99r-gunu-il%c9%99-bagli-paylasim-edib","status":"publish","type":"post","link":"https:\/\/arantv.az\/?p=732574","title":{"rendered":"T\u00fcrkiy\u0259 MN Az\u0259rbaycan Silahl\u0131 Q\u00fcvv\u0259l\u0259r G\u00fcn\u00fc il\u0259 ba\u011fl\u0131 payla\u015f\u0131m edib"},"content":{"rendered":"<p>T\u00fcrkiy\u0259 Milli M\u00fcdafi\u0259 Nazirliyi 26 \u0130yun Az\u0259rbaycan Silahl\u0131 Q\u00fcvv\u0259l\u0259r G\u00fcn\u00fc il\u0259 ba\u011fl\u0131 payla\u015f\u0131m edib.<\/p>\n<p><strong>ARANTV.AZ<\/strong>\u00a0 x\u0259b\u0259r verir ki, payla\u015f\u0131mda deyilir:<\/p>\n<p>\u201cAz\u0259rbaycan t\u00fcrk qarda\u015flar\u0131m\u0131z\u0131n h\u00fczur v\u0259 t\u0259hl\u00fck\u0259sizliyi \u00fc\u00e7\u00fcn q\u0259hr\u0259manca v\u0259 f\u0259dakarca xidm\u0259t aparan Az\u0259rbaycan Silahl\u0131 Q\u00fcvv\u0259l\u0259rinin qurulu\u015funun 106-c\u0131 ili m\u00fcbar\u0259k olsun. Az\u0259rbaycan Silahl\u0131 Q\u00fcvv\u0259l\u0259ri il\u0259 t\u0259k yumruq, t\u0259k \u00fcr\u0259k olma\u011fa davam ed\u0259c\u0259yik\u201d.<\/p>\n","protected":false},"excerpt":{"rendered":"<p>T\u00fcrkiy\u0259 Milli M\u00fcdafi\u0259 Nazirliyi 26 \u0130yun Az\u0259rbaycan Silahl\u0131 Q\u00fcvv\u0259l\u0259r G\u00fcn\u00fc il\u0259 ba\u011fl\u0131 payla\u015f\u0131m edib. ARANTV.AZ\u00a0 x\u0259b\u0259r verir ki, payla\u015f\u0131mda deyilir: \u201cAz\u0259rbaycan t\u00fcrk qarda\u015flar\u0131m\u0131z\u0131n h\u00fczur v\u0259 t\u0259hl\u00fck\u0259sizliyi \u00fc\u00e7\u00fcn q\u0259hr\u0259manca v\u0259 f\u0259dakarca xidm\u0259t aparan Az\u0259rbaycan Silahl\u0131 Q\u00fcvv\u0259l\u0259rinin qurulu\u015funun 106-c\u0131 ili m\u00fcbar\u0259k olsun. Az\u0259rbaycan Silahl\u0131 Q\u00fcvv\u0259l\u0259ri il\u0259 t\u0259k yumruq, t\u0259k \u00fcr\u0259k olma\u011fa davam ed\u0259c\u0259yik\u201d.<\/p>\n","protected":false},"author":2,"featured_media":732577,"comment_status":"closed","ping_status":"closed","sticky":false,"template":"","format":"standard","meta":{"om_disable_all_campaigns":false,"_monsterinsights_skip_tracking":false,"_monsterinsights_sitenote_active":false,"_monsterinsights_sitenote_note":"","_monsterinsights_sitenote_category":0},"categories":[19],"tags":[],"aioseo_notices":[],"gutentor_comment":0,"rttpg_featured_image_url":{"full":["https:\/\/arantv.az\/wp-content\/uploads\/2024\/06\/d2968a3f252ba4527cb445e45b44a4fd.jpg",870,500,false],"landscape":["https:\/\/arantv.az\/wp-content\/uploads\/2024\/06\/d2968a3f252ba4527cb445e45b44a4fd.jpg",870,500,false],"portraits":["https:\/\/arantv.az\/wp-content\/uploads\/2024\/06\/d2968a3f252ba4527cb445e45b44a4fd.jpg",870,500,false],"thumbnail":["https:\/\/arantv.az\/wp-content\/uploads\/2024\/06\/d2968a3f252ba4527cb445e45b44a4fd-500x280.jpg",500,280,true],"medium":["https:\/\/arantv.az\/wp-content\/uploads\/2024\/06\/d2968a3f252ba4527cb445e45b44a4fd-635x365.jpg",635,365,true],"large":["https:\/\/arantv.az\/wp-content\/uploads\/2024\/06\/d2968a3f252ba4527cb445e45b44a4fd-840x483.jpg",640,368,true],"1536x1536":["https:\/\/arantv.az\/wp-content\/uploads\/2024\/06\/d2968a3f252ba4527cb445e45b44a4fd.jpg",870,500,false],"2048x2048":["https:\/\/arantv.az\/wp-content\/uploads\/2024\/06\/d2968a3f252ba4527cb445e45b44a4fd.jpg",870,500,false],"post-thumbnail":["https:\/\/arantv.az\/wp-content\/uploads\/2024\/06\/d2968a3f252ba4527cb445e45b44a4fd-240x172.jpg",240,172,true],"advps-thumb-one":["https:\/\/arantv.az\/wp-content\/uploads\/2024\/06\/d2968a3f252ba4527cb445e45b44a4fd.jpg",870,500,false]},"rttpg_author":{"display_name":"V\u00fcsal Rafiqo\u011flu","author_link":"https:\/\/arantv.az\/?author=2"},"rttpg_comment":0,"rttpg_category":"<a href=\"https:\/\/arantv.az\/?cat=19\" rel=\"category\">G\u00fcnd\u0259m<\/a>","rttpg_excerpt":"T\u00fcrkiy\u0259 Milli M\u00fcdafi\u0259 Nazirliyi 26 \u0130yun Az\u0259rbaycan Silahl\u0131 Q\u00fcvv\u0259l\u0259r G\u00fcn\u00fc il\u0259 ba\u011fl\u0131 payla\u015f\u0131m edib. ARANTV.AZ\u00a0 x\u0259b\u0259r verir ki, payla\u015f\u0131mda deyilir: \u201cAz\u0259rbaycan t\u00fcrk qarda\u015flar\u0131m\u0131z\u0131n h\u00fczur v\u0259 t\u0259hl\u00fck\u0259sizliyi \u00fc\u00e7\u00fcn q\u0259hr\u0259manca v\u0259 f\u0259dakarca xidm\u0259t aparan Az\u0259rbaycan Silahl\u0131 Q\u00fcvv\u0259l\u0259rinin qurulu\u015funun 106-c\u0131 ili m\u00fcbar\u0259k olsun. Az\u0259rbaycan Silahl\u0131 Q\u00fcvv\u0259l\u0259ri il\u0259 t\u0259k yumruq, t\u0259k \u00fcr\u0259k olma\u011fa davam ed\u0259c\u0259yik\u201d.","_links":{"self":[{"href":"https:\/\/arantv.az\/index.php?rest_route=\/wp\/v2\/posts\/732574"}],"collection":[{"href":"https:\/\/arantv.az\/index.php?rest_route=\/wp\/v2\/posts"}],"about":[{"href":"https:\/\/arantv.az\/index.php?rest_route=\/wp\/v2\/types\/post"}],"author":[{"embeddable":true,"href":"https:\/\/arantv.az\/index.php?rest_route=\/wp\/v2\/users\/2"}],"replies":[{"embeddable":true,"href":"https:\/\/arantv.az\/index.php?rest_route=%2Fwp%2Fv2%2Fcomments&post=732574"}],"version-history":[{"count":0,"href":"https:\/\/arantv.az\/index.php?rest_route=\/wp\/v2\/posts\/732574\/revisions"}],"wp:featuredmedia":[{"embeddable":true,"href":"https:\/\/arantv.az\/index.php?rest_route=\/wp\/v2\/media\/732577"}],"wp:attachment":[{"href":"https:\/\/arantv.az\/index.php?rest_route=%2Fwp%2Fv2%2Fmedia&parent=732574"}],"wp:term":[{"taxonomy":"category","embeddable":true,"href":"https:\/\/arantv.az\/index.php?rest_route=%2Fwp%2Fv2%2Fcategories&post=732574"},{"taxonomy":"post_tag","embeddable":true,"href":"https:\/\/arantv.az\/index.php?rest_route=%2Fwp%2Fv2%2Ftags&post=732574"}],"curies":[{"name":"wp","href":"https:\/\/api.w.org\/{rel}","templated":true}]}}