{"id":732580,"date":"2024-06-26T13:09:07","date_gmt":"2024-06-26T09:09:07","guid":{"rendered":"https:\/\/arantv.az\/?p=732580"},"modified":"2024-06-26T13:09:07","modified_gmt":"2024-06-26T09:09:07","slug":"ilham-%c9%99liyev-italiyanin-mudafi%c9%99-nazirinin-basciliq-etdiyi-numay%c9%99nd%c9%99-hey%c9%99tini-q%c9%99bul-edib","status":"publish","type":"post","link":"https:\/\/arantv.az\/?p=732580","title":{"rendered":"\u0130lham \u018fliyev \u0130taliyan\u0131n m\u00fcdafi\u0259 nazirinin ba\u015f\u00e7\u0131l\u0131q etdiyi n\u00fcmay\u0259nd\u0259 hey\u0259tini q\u0259bul edib"},"content":{"rendered":"<p>Az\u0259rbaycan Respublikas\u0131n\u0131n Prezidenti\u00a0<strong>\u0130lham \u018fliyev<\/strong>\u00a0iyunun 26-da \u0130taliya Respublikas\u0131n\u0131n m\u00fcdafi\u0259 naziri Quido Krosettonun ba\u015f\u00e7\u0131l\u0131q etdiyi n\u00fcmay\u0259nd\u0259 hey\u0259tini q\u0259bul edib.<\/p>\n<p>Bu bar\u0259d\u0259\u00a0<a href=\"https:\/\/president.az\/az\/articles\/view\/66327\" target=\"_blank\" rel=\"nofollow noopener\"><strong>President.az<\/strong><\/a>\u00a0x\u0259b\u0259r verir.<\/p>\n<p>Qeyd olunur ki, n\u00fcmay\u0259nd\u0259 hey\u0259tin\u0259 \u0130taliyan\u0131n xarici i\u015fl\u0259r v\u0259 beyn\u0259lxalq \u0259m\u0259kda\u015fl\u0131q nazirinin m\u00fcavini Edmondo \u00c7irielli d\u0259 daxildir.<\/p>\n","protected":false},"excerpt":{"rendered":"<p>Az\u0259rbaycan Respublikas\u0131n\u0131n Prezidenti\u00a0\u0130lham \u018fliyev\u00a0iyunun 26-da \u0130taliya Respublikas\u0131n\u0131n m\u00fcdafi\u0259 naziri Quido Krosettonun ba\u015f\u00e7\u0131l\u0131q etdiyi n\u00fcmay\u0259nd\u0259 hey\u0259tini q\u0259bul edib. Bu bar\u0259d\u0259\u00a0President.az\u00a0x\u0259b\u0259r verir. Qeyd olunur ki, n\u00fcmay\u0259nd\u0259 hey\u0259tin\u0259 \u0130taliyan\u0131n xarici i\u015fl\u0259r v\u0259 beyn\u0259lxalq \u0259m\u0259kda\u015fl\u0131q nazirinin m\u00fcavini Edmondo \u00c7irielli d\u0259 daxildir.<\/p>\n","protected":false},"author":2,"featured_media":732581,"comment_status":"closed","ping_status":"closed","sticky":false,"template":"","format":"standard","meta":{"om_disable_all_campaigns":false,"_monsterinsights_skip_tracking":false,"_monsterinsights_sitenote_active":false,"_monsterinsights_sitenote_note":"","_monsterinsights_sitenote_category":0},"categories":[4],"tags":[],"aioseo_notices":[],"gutentor_comment":0,"rttpg_featured_image_url":{"full":["https:\/\/arantv.az\/wp-content\/uploads\/2024\/06\/d6525aa8171939243115573174710918474.jpg",975,540,false],"landscape":["https:\/\/arantv.az\/wp-content\/uploads\/2024\/06\/d6525aa8171939243115573174710918474.jpg",975,540,false],"portraits":["https:\/\/arantv.az\/wp-content\/uploads\/2024\/06\/d6525aa8171939243115573174710918474.jpg",975,540,false],"thumbnail":["https:\/\/arantv.az\/wp-content\/uploads\/2024\/06\/d6525aa8171939243115573174710918474-500x280.jpg",500,280,true],"medium":["https:\/\/arantv.az\/wp-content\/uploads\/2024\/06\/d6525aa8171939243115573174710918474-660x365.jpg",660,365,true],"large":["https:\/\/arantv.az\/wp-content\/uploads\/2024\/06\/d6525aa8171939243115573174710918474-840x465.jpg",640,354,true],"1536x1536":["https:\/\/arantv.az\/wp-content\/uploads\/2024\/06\/d6525aa8171939243115573174710918474.jpg",975,540,false],"2048x2048":["https:\/\/arantv.az\/wp-content\/uploads\/2024\/06\/d6525aa8171939243115573174710918474.jpg",975,540,false],"post-thumbnail":["https:\/\/arantv.az\/wp-content\/uploads\/2024\/06\/d6525aa8171939243115573174710918474-240x172.jpg",240,172,true],"advps-thumb-one":["https:\/\/arantv.az\/wp-content\/uploads\/2024\/06\/d6525aa8171939243115573174710918474.jpg",975,540,false]},"rttpg_author":{"display_name":"V\u00fcsal Rafiqo\u011flu","author_link":"https:\/\/arantv.az\/?author=2"},"rttpg_comment":0,"rttpg_category":"<a href=\"https:\/\/arantv.az\/?cat=4\" rel=\"category\">Siyas\u0259t<\/a>","rttpg_excerpt":"Az\u0259rbaycan Respublikas\u0131n\u0131n Prezidenti\u00a0\u0130lham \u018fliyev\u00a0iyunun 26-da \u0130taliya Respublikas\u0131n\u0131n m\u00fcdafi\u0259 naziri Quido Krosettonun ba\u015f\u00e7\u0131l\u0131q etdiyi n\u00fcmay\u0259nd\u0259 hey\u0259tini q\u0259bul edib. Bu bar\u0259d\u0259\u00a0President.az\u00a0x\u0259b\u0259r verir. Qeyd olunur ki, n\u00fcmay\u0259nd\u0259 hey\u0259tin\u0259 \u0130taliyan\u0131n xarici i\u015fl\u0259r v\u0259 beyn\u0259lxalq \u0259m\u0259kda\u015fl\u0131q nazirinin m\u00fcavini Edmondo \u00c7irielli d\u0259 daxildir.","_links":{"self":[{"href":"https:\/\/arantv.az\/index.php?rest_route=\/wp\/v2\/posts\/732580"}],"collection":[{"href":"https:\/\/arantv.az\/index.php?rest_route=\/wp\/v2\/posts"}],"about":[{"href":"https:\/\/arantv.az\/index.php?rest_route=\/wp\/v2\/types\/post"}],"author":[{"embeddable":true,"href":"https:\/\/arantv.az\/index.php?rest_route=\/wp\/v2\/users\/2"}],"replies":[{"embeddable":true,"href":"https:\/\/arantv.az\/index.php?rest_route=%2Fwp%2Fv2%2Fcomments&post=732580"}],"version-history":[{"count":0,"href":"https:\/\/arantv.az\/index.php?rest_route=\/wp\/v2\/posts\/732580\/revisions"}],"wp:featuredmedia":[{"embeddable":true,"href":"https:\/\/arantv.az\/index.php?rest_route=\/wp\/v2\/media\/732581"}],"wp:attachment":[{"href":"https:\/\/arantv.az\/index.php?rest_route=%2Fwp%2Fv2%2Fmedia&parent=732580"}],"wp:term":[{"taxonomy":"category","embeddable":true,"href":"https:\/\/arantv.az\/index.php?rest_route=%2Fwp%2Fv2%2Fcategories&post=732580"},{"taxonomy":"post_tag","embeddable":true,"href":"https:\/\/arantv.az\/index.php?rest_route=%2Fwp%2Fv2%2Ftags&post=732580"}],"curies":[{"name":"wp","href":"https:\/\/api.w.org\/{rel}","templated":true}]}}