{"id":732590,"date":"2024-06-26T14:21:29","date_gmt":"2024-06-26T10:21:29","guid":{"rendered":"https:\/\/arantv.az\/?p=732590"},"modified":"2024-06-26T14:21:29","modified_gmt":"2024-06-26T10:21:29","slug":"dusm%c9%99nin-qorxulu-yuxusu-yarasa","status":"publish","type":"post","link":"https:\/\/arantv.az\/?p=732590","title":{"rendered":"D\u00fc\u015fm\u0259nin qorxulu yuxusu &#8211; &#8220;Yarasa&#8221;"},"content":{"rendered":"<div class=\"post-detail-content-inner resize-area\">\n<p>V\u0259t\u0259n m\u00fcharib\u0259sind\u0259 qazand\u0131\u011f\u0131 q\u0259l\u0259b\u0259 il\u0259 q\u00fcdr\u0259tini d\u00fcnyaya bir daha g\u00f6st\u0259r\u0259n Az\u0259rbaycan Ordusunda 2021-ci ild\u0259 yeni h\u0259rbi birl\u0259\u015fm\u0259 yarad\u0131ld\u0131.<\/p>\n<p>&#8220;Mavi beretlil\u0259r&#8221;in ilk toplan\u0131\u015f m\u0259nt\u0259q\u0259si Hadrut q\u0259s\u0259b\u0259si oldu.<\/p>\n<p>2021-ci ild\u0259 Prezident\u00a0<strong>\u0130lham \u018fliyevin\u00a0<\/strong>d\u0259 i\u015ftirak\u0131 il\u0259 yeni h\u0259rbi hiss\u0259nin a\u00e7\u0131l\u0131\u015f\u0131 oldu.<\/p>\n<p>Bu h\u0259rbi hiss\u0259d\u0259 \u0259sg\u0259rl\u0259r \u00fc\u00e7\u00fcn h\u0259r c\u00fcr \u015f\u0259rait yarad\u0131ld\u0131: onlar \u00fc\u00e7\u00fcn yeni idman zal\u0131, t\u0259lim m\u0259nt\u0259q\u0259si istifad\u0259y\u0259 verildi. Eyni zamanda, bu birl\u0259\u015fm\u0259d\u0259 xidm\u0259t ed\u0259n h\u0259rb\u00e7il\u0259rimiz yeni silah v\u0259 texnikalarla t\u0259min olundular.<\/p>\n<p>Baku TV \u00fc\u00e7 ildir yaranmas\u0131na baxmayaraq, pe\u015f\u0259karl\u0131\u011f\u0131ndan b\u00fct\u00fcn d\u00fcnyan\u0131n dan\u0131\u015fd\u0131\u011f\u0131 &#8220;Yarasa&#8221; h\u0259rbi birl\u0259\u015fm\u0259sinin q\u0259rarla\u015fd\u0131\u011f\u0131 hiss\u0259d\u0259n reportaj haz\u0131rlay\u0131b.<\/p>\n<p>H\u0259min reportaj\u0131 t\u0259qdim edirik:<\/p>\n<p>&nbsp;<\/p>\n<div class=\"player-area ratio ratio-16x9\"><img src=\"https:\/\/img.youtube.com\/vi\/hn_xi5V9GrA\/sddefault.jpg\" alt=\"\" \/><\/div>\n<p>&nbsp;<\/p>\n<\/div>\n<div class=\"tag-area tag-area-slide tag-area--slider\">\n<div class=\"swiper swiper-initialized swiper-horizontal swiper-pointer-events swiper-free-mode swiper-watch-progress swiper-backface-hidden\">\n<div id=\"swiper-wrapper-ebbabbc2b818e244\" class=\"swiper-wrapper\" aria-live=\"polite\">\n<div class=\"swiper-slide swiper-slide-visible swiper-slide-active\" role=\"group\" aria-label=\"1 \/ 3\">\n<div class=\"tag-item\"><\/div>\n<\/div>\n<\/div>\n<\/div>\n<\/div>\n","protected":false},"excerpt":{"rendered":"<p>V\u0259t\u0259n m\u00fcharib\u0259sind\u0259 qazand\u0131\u011f\u0131 q\u0259l\u0259b\u0259 il\u0259 q\u00fcdr\u0259tini d\u00fcnyaya bir daha g\u00f6st\u0259r\u0259n Az\u0259rbaycan Ordusunda 2021-ci ild\u0259 yeni h\u0259rbi birl\u0259\u015fm\u0259 yarad\u0131ld\u0131. &#8220;Mavi beretlil\u0259r&#8221;in ilk toplan\u0131\u015f m\u0259nt\u0259q\u0259si Hadrut q\u0259s\u0259b\u0259si oldu. 2021-ci ild\u0259 Prezident\u00a0\u0130lham \u018fliyevin\u00a0d\u0259 i\u015ftirak\u0131 il\u0259 yeni h\u0259rbi hiss\u0259nin a\u00e7\u0131l\u0131\u015f\u0131 oldu. Bu h\u0259rbi hiss\u0259d\u0259 \u0259sg\u0259rl\u0259r \u00fc\u00e7\u00fcn h\u0259r c\u00fcr \u015f\u0259rait yarad\u0131ld\u0131: onlar \u00fc\u00e7\u00fcn yeni idman zal\u0131, t\u0259lim m\u0259nt\u0259q\u0259si istifad\u0259y\u0259 verildi. Eyni zamanda, bu birl\u0259\u015fm\u0259d\u0259 xidm\u0259t ed\u0259n h\u0259rb\u00e7il\u0259rimiz yeni silah v\u0259 texnikalarla t\u0259min olundular. Baku TV \u00fc\u00e7 ildir yaranmas\u0131na baxmayaraq, pe\u015f\u0259karl\u0131\u011f\u0131ndan b\u00fct\u00fcn d\u00fcnyan\u0131n dan\u0131\u015fd\u0131\u011f\u0131 &#8220;Yarasa&#8221; h\u0259rbi birl\u0259\u015fm\u0259sinin q\u0259rarla\u015fd\u0131\u011f\u0131 hiss\u0259d\u0259n reportaj haz\u0131rlay\u0131b. H\u0259min reportaj\u0131 t\u0259qdim edirik: &nbsp;&hellip;<\/p>\n","protected":false},"author":2,"featured_media":732591,"comment_status":"closed","ping_status":"closed","sticky":false,"template":"","format":"standard","meta":{"om_disable_all_campaigns":false,"_monsterinsights_skip_tracking":false,"_monsterinsights_sitenote_active":false,"_monsterinsights_sitenote_note":"","_monsterinsights_sitenote_category":0},"categories":[10],"tags":[],"aioseo_notices":[],"gutentor_comment":0,"rttpg_featured_image_url":{"full":["https:\/\/arantv.az\/wp-content\/uploads\/2024\/06\/1719396351_servicemen_of_the__yarasa__special_forces_at_victory_parade_in_baku.jpg",1200,798,false],"landscape":["https:\/\/arantv.az\/wp-content\/uploads\/2024\/06\/1719396351_servicemen_of_the__yarasa__special_forces_at_victory_parade_in_baku.jpg",1200,798,false],"portraits":["https:\/\/arantv.az\/wp-content\/uploads\/2024\/06\/1719396351_servicemen_of_the__yarasa__special_forces_at_victory_parade_in_baku.jpg",1200,798,false],"thumbnail":["https:\/\/arantv.az\/wp-content\/uploads\/2024\/06\/1719396351_servicemen_of_the__yarasa__special_forces_at_victory_parade_in_baku-500x280.jpg",500,280,true],"medium":["https:\/\/arantv.az\/wp-content\/uploads\/2024\/06\/1719396351_servicemen_of_the__yarasa__special_forces_at_victory_parade_in_baku-549x365.jpg",549,365,true],"large":["https:\/\/arantv.az\/wp-content\/uploads\/2024\/06\/1719396351_servicemen_of_the__yarasa__special_forces_at_victory_parade_in_baku-840x559.jpg",640,426,true],"1536x1536":["https:\/\/arantv.az\/wp-content\/uploads\/2024\/06\/1719396351_servicemen_of_the__yarasa__special_forces_at_victory_parade_in_baku.jpg",1200,798,false],"2048x2048":["https:\/\/arantv.az\/wp-content\/uploads\/2024\/06\/1719396351_servicemen_of_the__yarasa__special_forces_at_victory_parade_in_baku.jpg",1200,798,false],"post-thumbnail":["https:\/\/arantv.az\/wp-content\/uploads\/2024\/06\/1719396351_servicemen_of_the__yarasa__special_forces_at_victory_parade_in_baku-240x172.jpg",240,172,true],"advps-thumb-one":["https:\/\/arantv.az\/wp-content\/uploads\/2024\/06\/1719396351_servicemen_of_the__yarasa__special_forces_at_victory_parade_in_baku-1200x620.jpg",1200,620,true]},"rttpg_author":{"display_name":"V\u00fcsal Rafiqo\u011flu","author_link":"https:\/\/arantv.az\/?author=2"},"rttpg_comment":0,"rttpg_category":"<a href=\"https:\/\/arantv.az\/?cat=10\" rel=\"category\">C\u0259bh\u0259d\u0259n X\u0259b\u0259r<\/a>","rttpg_excerpt":"V\u0259t\u0259n m\u00fcharib\u0259sind\u0259 qazand\u0131\u011f\u0131 q\u0259l\u0259b\u0259 il\u0259 q\u00fcdr\u0259tini d\u00fcnyaya bir daha g\u00f6st\u0259r\u0259n Az\u0259rbaycan Ordusunda 2021-ci ild\u0259 yeni h\u0259rbi birl\u0259\u015fm\u0259 yarad\u0131ld\u0131. &#8220;Mavi beretlil\u0259r&#8221;in ilk toplan\u0131\u015f m\u0259nt\u0259q\u0259si Hadrut q\u0259s\u0259b\u0259si oldu. 2021-ci ild\u0259 Prezident\u00a0\u0130lham \u018fliyevin\u00a0d\u0259 i\u015ftirak\u0131 il\u0259 yeni h\u0259rbi hiss\u0259nin a\u00e7\u0131l\u0131\u015f\u0131 oldu. Bu h\u0259rbi hiss\u0259d\u0259 \u0259sg\u0259rl\u0259r \u00fc\u00e7\u00fcn h\u0259r c\u00fcr \u015f\u0259rait yarad\u0131ld\u0131: onlar \u00fc\u00e7\u00fcn yeni idman zal\u0131, t\u0259lim m\u0259nt\u0259q\u0259si istifad\u0259y\u0259 verildi.&hellip;","_links":{"self":[{"href":"https:\/\/arantv.az\/index.php?rest_route=\/wp\/v2\/posts\/732590"}],"collection":[{"href":"https:\/\/arantv.az\/index.php?rest_route=\/wp\/v2\/posts"}],"about":[{"href":"https:\/\/arantv.az\/index.php?rest_route=\/wp\/v2\/types\/post"}],"author":[{"embeddable":true,"href":"https:\/\/arantv.az\/index.php?rest_route=\/wp\/v2\/users\/2"}],"replies":[{"embeddable":true,"href":"https:\/\/arantv.az\/index.php?rest_route=%2Fwp%2Fv2%2Fcomments&post=732590"}],"version-history":[{"count":0,"href":"https:\/\/arantv.az\/index.php?rest_route=\/wp\/v2\/posts\/732590\/revisions"}],"wp:featuredmedia":[{"embeddable":true,"href":"https:\/\/arantv.az\/index.php?rest_route=\/wp\/v2\/media\/732591"}],"wp:attachment":[{"href":"https:\/\/arantv.az\/index.php?rest_route=%2Fwp%2Fv2%2Fmedia&parent=732590"}],"wp:term":[{"taxonomy":"category","embeddable":true,"href":"https:\/\/arantv.az\/index.php?rest_route=%2Fwp%2Fv2%2Fcategories&post=732590"},{"taxonomy":"post_tag","embeddable":true,"href":"https:\/\/arantv.az\/index.php?rest_route=%2Fwp%2Fv2%2Ftags&post=732590"}],"curies":[{"name":"wp","href":"https:\/\/api.w.org\/{rel}","templated":true}]}}