{"id":732613,"date":"2024-06-26T15:09:52","date_gmt":"2024-06-26T11:09:52","guid":{"rendered":"https:\/\/arantv.az\/?p=732613"},"modified":"2024-06-26T15:09:52","modified_gmt":"2024-06-26T11:09:52","slug":"az%c9%99rbaycan-prezidenti-italiya-il%c9%99-ticar%c9%99t-dovriyy%c9%99si-15-milyard-dollari-otub","status":"publish","type":"post","link":"https:\/\/arantv.az\/?p=732613","title":{"rendered":"Az\u0259rbaycan Prezidenti: \u0130taliya il\u0259 ticar\u0259t d\u00f6vriyy\u0259si 15 milyard dollar\u0131 \u00f6t\u00fcb"},"content":{"rendered":"<p><strong>Az\u0259rbaycanla \u0130taliya aras\u0131nda ticar\u0259t d\u00f6vriyy\u0259si 15 milyard dollar\u0131 \u00f6t\u00fcb.<\/strong><\/p>\n<p><b>ARANTV.AZ-\u0131<\/b>n\u00a0m\u0259lumat\u0131na g\u00f6r\u0259, bunu Bak\u0131da \u0130taliyan\u0131n m\u00fcdafi\u0259 naziri Quido Krosettonun ba\u015f\u00e7\u0131l\u0131q etdiyi n\u00fcmay\u0259nd\u0259 hey\u0259tini q\u0259bul ed\u0259n Az\u0259rbaycan Prezidenti \u0130lham \u018fliyev deyib.<\/p>\n<p>D\u00f6vl\u0259t ba\u015f\u00e7\u0131s\u0131 qeyd edib ki, Az\u0259rbaycan il\u0259 \u0130taliya bir \u00e7ox sah\u0259l\u0259rd\u0259 strateji t\u0259r\u0259fda\u015f kimi f\u0259aliyy\u0259t g\u00f6st\u0259rir.<\/p>\n<p>O vur\u011fulay\u0131b ki, Avropa m\u0259kan\u0131nda Az\u0259rbaycan\u0131n ticar\u0259t \u0259laq\u0259l\u0259rinin b\u00f6y\u00fck hiss\u0259si \u0130taliyan\u0131n pay\u0131na d\u00fc\u015f\u00fcr.<\/p>\n<p>D\u00f6vl\u0259t ba\u015f\u00e7\u0131s\u0131 bir \u00e7ox \u0130taliya \u015firk\u0259tl\u0259rinin Az\u0259rbaycanda u\u011furla f\u0259aliyy\u0259t g\u00f6st\u0259rdiyini v\u0259 bir s\u0131ra layih\u0259l\u0259rd\u0259 i\u015ftirak\u0131n\u0131 m\u0259mnunluqla qeyd edib.<\/p>\n","protected":false},"excerpt":{"rendered":"<p>Az\u0259rbaycanla \u0130taliya aras\u0131nda ticar\u0259t d\u00f6vriyy\u0259si 15 milyard dollar\u0131 \u00f6t\u00fcb. ARANTV.AZ-\u0131n\u00a0m\u0259lumat\u0131na g\u00f6r\u0259, bunu Bak\u0131da \u0130taliyan\u0131n m\u00fcdafi\u0259 naziri Quido Krosettonun ba\u015f\u00e7\u0131l\u0131q etdiyi n\u00fcmay\u0259nd\u0259 hey\u0259tini q\u0259bul ed\u0259n Az\u0259rbaycan Prezidenti \u0130lham \u018fliyev deyib. D\u00f6vl\u0259t ba\u015f\u00e7\u0131s\u0131 qeyd edib ki, Az\u0259rbaycan il\u0259 \u0130taliya bir \u00e7ox sah\u0259l\u0259rd\u0259 strateji t\u0259r\u0259fda\u015f kimi f\u0259aliyy\u0259t g\u00f6st\u0259rir. O vur\u011fulay\u0131b ki, Avropa m\u0259kan\u0131nda Az\u0259rbaycan\u0131n ticar\u0259t \u0259laq\u0259l\u0259rinin b\u00f6y\u00fck hiss\u0259si \u0130taliyan\u0131n pay\u0131na d\u00fc\u015f\u00fcr. D\u00f6vl\u0259t ba\u015f\u00e7\u0131s\u0131 bir \u00e7ox \u0130taliya \u015firk\u0259tl\u0259rinin Az\u0259rbaycanda u\u011furla f\u0259aliyy\u0259t g\u00f6st\u0259rdiyini v\u0259 bir s\u0131ra layih\u0259l\u0259rd\u0259 i\u015ftirak\u0131n\u0131 m\u0259mnunluqla qeyd edib.<\/p>\n","protected":false},"author":2,"featured_media":732614,"comment_status":"closed","ping_status":"closed","sticky":false,"template":"","format":"standard","meta":{"om_disable_all_campaigns":false,"_monsterinsights_skip_tracking":false,"_monsterinsights_sitenote_active":false,"_monsterinsights_sitenote_note":"","_monsterinsights_sitenote_category":0},"categories":[4],"tags":[],"aioseo_notices":[],"gutentor_comment":0,"rttpg_featured_image_url":{"full":["https:\/\/arantv.az\/wp-content\/uploads\/2024\/06\/e4f842a9e3673a037f5647edc7bc6bf4.jpg",850,500,false],"landscape":["https:\/\/arantv.az\/wp-content\/uploads\/2024\/06\/e4f842a9e3673a037f5647edc7bc6bf4.jpg",850,500,false],"portraits":["https:\/\/arantv.az\/wp-content\/uploads\/2024\/06\/e4f842a9e3673a037f5647edc7bc6bf4.jpg",850,500,false],"thumbnail":["https:\/\/arantv.az\/wp-content\/uploads\/2024\/06\/e4f842a9e3673a037f5647edc7bc6bf4-500x280.jpg",500,280,true],"medium":["https:\/\/arantv.az\/wp-content\/uploads\/2024\/06\/e4f842a9e3673a037f5647edc7bc6bf4-621x365.jpg",621,365,true],"large":["https:\/\/arantv.az\/wp-content\/uploads\/2024\/06\/e4f842a9e3673a037f5647edc7bc6bf4-840x494.jpg",640,376,true],"1536x1536":["https:\/\/arantv.az\/wp-content\/uploads\/2024\/06\/e4f842a9e3673a037f5647edc7bc6bf4.jpg",850,500,false],"2048x2048":["https:\/\/arantv.az\/wp-content\/uploads\/2024\/06\/e4f842a9e3673a037f5647edc7bc6bf4.jpg",850,500,false],"post-thumbnail":["https:\/\/arantv.az\/wp-content\/uploads\/2024\/06\/e4f842a9e3673a037f5647edc7bc6bf4-240x172.jpg",240,172,true],"advps-thumb-one":["https:\/\/arantv.az\/wp-content\/uploads\/2024\/06\/e4f842a9e3673a037f5647edc7bc6bf4.jpg",850,500,false]},"rttpg_author":{"display_name":"V\u00fcsal Rafiqo\u011flu","author_link":"https:\/\/arantv.az\/?author=2"},"rttpg_comment":0,"rttpg_category":"<a href=\"https:\/\/arantv.az\/?cat=4\" rel=\"category\">Siyas\u0259t<\/a>","rttpg_excerpt":"Az\u0259rbaycanla \u0130taliya aras\u0131nda ticar\u0259t d\u00f6vriyy\u0259si 15 milyard dollar\u0131 \u00f6t\u00fcb. ARANTV.AZ-\u0131n\u00a0m\u0259lumat\u0131na g\u00f6r\u0259, bunu Bak\u0131da \u0130taliyan\u0131n m\u00fcdafi\u0259 naziri Quido Krosettonun ba\u015f\u00e7\u0131l\u0131q etdiyi n\u00fcmay\u0259nd\u0259 hey\u0259tini q\u0259bul ed\u0259n Az\u0259rbaycan Prezidenti \u0130lham \u018fliyev deyib. D\u00f6vl\u0259t ba\u015f\u00e7\u0131s\u0131 qeyd edib ki, Az\u0259rbaycan il\u0259 \u0130taliya bir \u00e7ox sah\u0259l\u0259rd\u0259 strateji t\u0259r\u0259fda\u015f kimi f\u0259aliyy\u0259t g\u00f6st\u0259rir. O vur\u011fulay\u0131b ki, Avropa m\u0259kan\u0131nda Az\u0259rbaycan\u0131n ticar\u0259t \u0259laq\u0259l\u0259rinin b\u00f6y\u00fck hiss\u0259si&hellip;","_links":{"self":[{"href":"https:\/\/arantv.az\/index.php?rest_route=\/wp\/v2\/posts\/732613"}],"collection":[{"href":"https:\/\/arantv.az\/index.php?rest_route=\/wp\/v2\/posts"}],"about":[{"href":"https:\/\/arantv.az\/index.php?rest_route=\/wp\/v2\/types\/post"}],"author":[{"embeddable":true,"href":"https:\/\/arantv.az\/index.php?rest_route=\/wp\/v2\/users\/2"}],"replies":[{"embeddable":true,"href":"https:\/\/arantv.az\/index.php?rest_route=%2Fwp%2Fv2%2Fcomments&post=732613"}],"version-history":[{"count":0,"href":"https:\/\/arantv.az\/index.php?rest_route=\/wp\/v2\/posts\/732613\/revisions"}],"wp:featuredmedia":[{"embeddable":true,"href":"https:\/\/arantv.az\/index.php?rest_route=\/wp\/v2\/media\/732614"}],"wp:attachment":[{"href":"https:\/\/arantv.az\/index.php?rest_route=%2Fwp%2Fv2%2Fmedia&parent=732613"}],"wp:term":[{"taxonomy":"category","embeddable":true,"href":"https:\/\/arantv.az\/index.php?rest_route=%2Fwp%2Fv2%2Fcategories&post=732613"},{"taxonomy":"post_tag","embeddable":true,"href":"https:\/\/arantv.az\/index.php?rest_route=%2Fwp%2Fv2%2Ftags&post=732613"}],"curies":[{"name":"wp","href":"https:\/\/api.w.org\/{rel}","templated":true}]}}