{"id":732616,"date":"2024-06-26T15:11:02","date_gmt":"2024-06-26T11:11:02","guid":{"rendered":"https:\/\/arantv.az\/?p=732616"},"modified":"2024-06-26T15:11:02","modified_gmt":"2024-06-26T11:11:02","slug":"natiq-qasimovun-anasi-arzularima-catmisam","status":"publish","type":"post","link":"https:\/\/arantv.az\/?p=732616","title":{"rendered":"Natiq Qas\u0131movun anas\u0131: &#8220;Arzular\u0131ma \u00e7atm\u0131\u015fam&#8221;"},"content":{"rendered":"<p>&#8220;32 ildir g\u00f6z\u00fcm\u00fcz yolda, qula\u011f\u0131m\u0131z s\u0259sd\u0259 idi ki, o\u011flumdan bir\u00a0<a title=\"xeberler son xeberler 2024\" href=\"https:\/\/big.az\/\" target=\"_blank\" rel=\"noopener\">x\u0259b\u0259r<\/a>\u00a0olsun&#8221;.<\/p>\n<p><strong>ARANTV.AZ<\/strong> x\u0259b\u0259r verir ki, bu s\u00f6zl\u0259ri APA-n\u0131n yerli b\u00fcrosuna Az\u0259rbaycan\u0131n Milli Q\u0259hr\u0259man\u0131 Natiq Qas\u0131movun anas\u0131 Dursun Qas\u0131mova deyib.<\/p>\n<p>Dursun Qas\u0131mova Prezident \u0130lham \u018fliyevin o\u011fluna &#8220;Az\u0259rbaycan\u0131n Milli Q\u0259hr\u0259man\u0131&#8221; ad\u0131n\u0131n verilm\u0259si il\u0259 ba\u011fl\u0131 S\u0259r\u0259ncam imzalamas\u0131na g\u00f6r\u0259 d\u0259rin minn\u0259tdarl\u0131\u011f\u0131n\u0131 bildirib:<\/p>\n<p>&#8220;H\u0259min an \u00f6z\u00fcmd\u0259 olmad\u0131m. Bir ne\u00e7\u0259 d\u0259qiq\u0259 dan\u0131\u015fmaq ist\u0259m\u0259dim. A\u011fl\u0131ma bel\u0259 g\u0259lm\u0259zdi ki, m\u0259nim o\u011fluma Milli Q\u0259hraman ad\u0131 verilsin. El\u0259 bir v\u0259ziyy\u0259td\u0259 oldum ki, bir anl\u0131q el\u0259 bil yuxuda idim. Sevincimi \u00e7atd\u0131ra bilmir\u0259m. O sevinci g\u0259r\u0259k ya\u015fayasan. \u00d6z\u00fcm \u00f6zl\u00fcy\u00fcmd\u0259 Prezidentimiz\u0259 t\u0259\u015f\u0259kk\u00fcr el\u0259mi\u015f\u0259m, var olsun demi\u015f\u0259m. Allah ona uzun \u00f6m\u00fcr, can sa\u011fl\u0131\u011f\u0131 versin, Allah var el\u0259sin, Az\u0259rbaycan xalq\u0131n\u0131n, d\u00f6vl\u0259timizin \u00fcst\u00fcnd\u0259n \u0259ksik el\u0259m\u0259sin. \u00c7ox raz\u0131 qald\u0131m. H\u0259mi\u015f\u0259 bizi, y\u0259ni \u015f\u0259hid ail\u0259l\u0259rini \u00fcst\u00fcn tutub. D\u00fcn\u0259n o\u011fluma Milli Q\u0259hr\u0259man ad\u0131n\u0131n verilm\u0259sin\u0259 g\u00f6r\u0259 s\u0259h\u0259r\u0259 q\u0259d\u0259r yatmam\u0131\u015f\u0131q. \u00c7ox h\u0259y\u0259can ke\u00e7irdik. Bu g\u00fcn\u0259 \u00e7ox \u015f\u00fck\u00fcrl\u0259r olsun. Art\u0131q bu g\u00fcn g\u00f6zl\u0259diyim arzular\u0131ma \u00e7atm\u0131\u015fam&#8221;.<\/p>\n<p>Dursun Qas\u0131mova bildirib ki, ne\u00e7\u0259 ill\u0259rdi bu ad\u0131n verilm\u0259sini g\u00f6zl\u0259yirmi\u015f: &#8220;H\u0259r d\u0259f\u0259 a\u011flayanda fikirl\u0259\u015firdim ki, o\u011flumun \u0259m\u0259yi itm\u0259sin. Ona Milli q\u0259hr\u0259man ad\u0131 verilsin, sona rahat \u00f6l\u00fcm. M\u0259n bu ill\u0259r \u0259rzind\u0259 n\u0259 q\u0259d\u0259r x\u0259st\u0259l\u0259ndims\u0259 d\u0259 el\u0259 bil Allah m\u0259ni bu g\u00fcn\u0259 g\u00f6r\u0259 h\u0259yatda saxlay\u0131b. Ne\u00e7\u0259 ill\u0259rdi m\u0259nim g\u00f6z\u00fcm yoldayd\u0131&#8221;.<\/p>\n<p>Natiq Qas\u0131movun anas\u0131 x\u0259b\u0259ri qon\u015fudan \u00f6yr\u0259ndiyini bildirib: &#8220;Bir anl\u0131q h\u0259y\u0259can ke\u00e7irdim, amma evd\u0259 he\u00e7 k\u0259s\u0259 bildirm\u0259dim. Bu x\u0259b\u0259ri ill\u0259rdi g\u00f6zl\u0259yirdim. Ona Milli Q\u0259hr\u0259man ad\u0131n\u0131n verilm\u0259sini e\u015fid\u0259nd\u0259 el\u0259 bil m\u0259n\u0259 d\u00fcnyalar\u0131 verdil\u0259r. Bu sevincimizin h\u0259di-h\u00fcdudu yoxdur. \u0130ndi m\u0259n bilmir\u0259m ki, Prezident \u0130lham \u018fliyev\u0259 nec\u0259 t\u0259\u015f\u0259kk\u00fcr edim. Bu g\u00fcn m\u0259nim o\u011flumun v\u0259 b\u00fct\u00fcn \u015f\u0259hidl\u0259rin qisas\u0131 al\u0131n\u0131b&#8221;.<\/p>\n<p>Qeyd ed\u0259k ki \u00f6t\u0259n g\u00fcn Prezident \u0130lham \u018fliyev Natiq Qas\u0131mova &#8220;Az\u0259rbaycan\u0131n Milli Q\u0259hr\u0259man\u0131&#8221; ad\u0131n\u0131n verilm\u0259si haqq\u0131nda S\u0259r\u0259ncam imzalay\u0131b.<\/p>\n","protected":false},"excerpt":{"rendered":"<p>&#8220;32 ildir g\u00f6z\u00fcm\u00fcz yolda, qula\u011f\u0131m\u0131z s\u0259sd\u0259 idi ki, o\u011flumdan bir\u00a0x\u0259b\u0259r\u00a0olsun&#8221;. ARANTV.AZ x\u0259b\u0259r verir ki, bu s\u00f6zl\u0259ri APA-n\u0131n yerli b\u00fcrosuna Az\u0259rbaycan\u0131n Milli Q\u0259hr\u0259man\u0131 Natiq Qas\u0131movun anas\u0131 Dursun Qas\u0131mova deyib. Dursun Qas\u0131mova Prezident \u0130lham \u018fliyevin o\u011fluna &#8220;Az\u0259rbaycan\u0131n Milli Q\u0259hr\u0259man\u0131&#8221; ad\u0131n\u0131n verilm\u0259si il\u0259 ba\u011fl\u0131 S\u0259r\u0259ncam imzalamas\u0131na g\u00f6r\u0259 d\u0259rin minn\u0259tdarl\u0131\u011f\u0131n\u0131 bildirib: &#8220;H\u0259min an \u00f6z\u00fcmd\u0259 olmad\u0131m. Bir ne\u00e7\u0259 d\u0259qiq\u0259 dan\u0131\u015fmaq ist\u0259m\u0259dim. A\u011fl\u0131ma bel\u0259 g\u0259lm\u0259zdi ki, m\u0259nim o\u011fluma Milli Q\u0259hraman ad\u0131 verilsin. El\u0259 bir v\u0259ziyy\u0259td\u0259 oldum ki, bir anl\u0131q el\u0259 bil yuxuda idim. Sevincimi \u00e7atd\u0131ra bilmir\u0259m. O sevinci g\u0259r\u0259k ya\u015fayasan. \u00d6z\u00fcm \u00f6zl\u00fcy\u00fcmd\u0259 Prezidentimiz\u0259 t\u0259\u015f\u0259kk\u00fcr el\u0259mi\u015f\u0259m, var&hellip;<\/p>\n","protected":false},"author":2,"featured_media":732617,"comment_status":"closed","ping_status":"closed","sticky":false,"template":"","format":"standard","meta":{"om_disable_all_campaigns":false,"_monsterinsights_skip_tracking":false,"_monsterinsights_sitenote_active":false,"_monsterinsights_sitenote_note":"","_monsterinsights_sitenote_category":0},"categories":[1],"tags":[],"aioseo_notices":[],"gutentor_comment":0,"rttpg_featured_image_url":{"full":["https:\/\/arantv.az\/wp-content\/uploads\/2024\/06\/667bd4b198356667bd4b1983581719391409667b.jpg",650,433,false],"landscape":["https:\/\/arantv.az\/wp-content\/uploads\/2024\/06\/667bd4b198356667bd4b1983581719391409667b.jpg",650,433,false],"portraits":["https:\/\/arantv.az\/wp-content\/uploads\/2024\/06\/667bd4b198356667bd4b1983581719391409667b.jpg",650,433,false],"thumbnail":["https:\/\/arantv.az\/wp-content\/uploads\/2024\/06\/667bd4b198356667bd4b1983581719391409667b-500x280.jpg",500,280,true],"medium":["https:\/\/arantv.az\/wp-content\/uploads\/2024\/06\/667bd4b198356667bd4b1983581719391409667b-548x365.jpg",548,365,true],"large":["https:\/\/arantv.az\/wp-content\/uploads\/2024\/06\/667bd4b198356667bd4b1983581719391409667b.jpg",640,426,false],"1536x1536":["https:\/\/arantv.az\/wp-content\/uploads\/2024\/06\/667bd4b198356667bd4b1983581719391409667b.jpg",650,433,false],"2048x2048":["https:\/\/arantv.az\/wp-content\/uploads\/2024\/06\/667bd4b198356667bd4b1983581719391409667b.jpg",650,433,false],"post-thumbnail":["https:\/\/arantv.az\/wp-content\/uploads\/2024\/06\/667bd4b198356667bd4b1983581719391409667b-240x172.jpg",240,172,true],"advps-thumb-one":["https:\/\/arantv.az\/wp-content\/uploads\/2024\/06\/667bd4b198356667bd4b1983581719391409667b.jpg",650,433,false]},"rttpg_author":{"display_name":"V\u00fcsal Rafiqo\u011flu","author_link":"https:\/\/arantv.az\/?author=2"},"rttpg_comment":0,"rttpg_category":"<a href=\"https:\/\/arantv.az\/?cat=1\" rel=\"category\">C\u0259miyy\u0259t<\/a>","rttpg_excerpt":"&#8220;32 ildir g\u00f6z\u00fcm\u00fcz yolda, qula\u011f\u0131m\u0131z s\u0259sd\u0259 idi ki, o\u011flumdan bir\u00a0x\u0259b\u0259r\u00a0olsun&#8221;. ARANTV.AZ x\u0259b\u0259r verir ki, bu s\u00f6zl\u0259ri APA-n\u0131n yerli b\u00fcrosuna Az\u0259rbaycan\u0131n Milli Q\u0259hr\u0259man\u0131 Natiq Qas\u0131movun anas\u0131 Dursun Qas\u0131mova deyib. Dursun Qas\u0131mova Prezident \u0130lham \u018fliyevin o\u011fluna &#8220;Az\u0259rbaycan\u0131n Milli Q\u0259hr\u0259man\u0131&#8221; ad\u0131n\u0131n verilm\u0259si il\u0259 ba\u011fl\u0131 S\u0259r\u0259ncam imzalamas\u0131na g\u00f6r\u0259 d\u0259rin minn\u0259tdarl\u0131\u011f\u0131n\u0131 bildirib: &#8220;H\u0259min an \u00f6z\u00fcmd\u0259 olmad\u0131m. Bir ne\u00e7\u0259 d\u0259qiq\u0259 dan\u0131\u015fmaq&hellip;","_links":{"self":[{"href":"https:\/\/arantv.az\/index.php?rest_route=\/wp\/v2\/posts\/732616"}],"collection":[{"href":"https:\/\/arantv.az\/index.php?rest_route=\/wp\/v2\/posts"}],"about":[{"href":"https:\/\/arantv.az\/index.php?rest_route=\/wp\/v2\/types\/post"}],"author":[{"embeddable":true,"href":"https:\/\/arantv.az\/index.php?rest_route=\/wp\/v2\/users\/2"}],"replies":[{"embeddable":true,"href":"https:\/\/arantv.az\/index.php?rest_route=%2Fwp%2Fv2%2Fcomments&post=732616"}],"version-history":[{"count":0,"href":"https:\/\/arantv.az\/index.php?rest_route=\/wp\/v2\/posts\/732616\/revisions"}],"wp:featuredmedia":[{"embeddable":true,"href":"https:\/\/arantv.az\/index.php?rest_route=\/wp\/v2\/media\/732617"}],"wp:attachment":[{"href":"https:\/\/arantv.az\/index.php?rest_route=%2Fwp%2Fv2%2Fmedia&parent=732616"}],"wp:term":[{"taxonomy":"category","embeddable":true,"href":"https:\/\/arantv.az\/index.php?rest_route=%2Fwp%2Fv2%2Fcategories&post=732616"},{"taxonomy":"post_tag","embeddable":true,"href":"https:\/\/arantv.az\/index.php?rest_route=%2Fwp%2Fv2%2Ftags&post=732616"}],"curies":[{"name":"wp","href":"https:\/\/api.w.org\/{rel}","templated":true}]}}