{"id":732628,"date":"2024-06-26T15:18:27","date_gmt":"2024-06-26T11:18:27","guid":{"rendered":"https:\/\/arantv.az\/?p=732628"},"modified":"2024-06-26T15:18:27","modified_gmt":"2024-06-26T11:18:27","slug":"az%c9%99rbaycan-g%c9%99ncliyinin-s%c9%99r%c9%99fli-q%c9%99hr%c9%99manliq-dastani","status":"publish","type":"post","link":"https:\/\/arantv.az\/?p=732628","title":{"rendered":"Az\u0259rbaycan g\u0259ncliyinin \u015f\u0259r\u0259fli q\u0259hr\u0259manl\u0131q dastan\u0131"},"content":{"rendered":"<p><em><strong>Silahl\u0131 Q\u00fcvv\u0259l\u0259r G\u00fcn\u00fc ilk d\u0259f\u0259 b\u00fct\u00fcn \u00f6lk\u0259 \u0259razisind\u0259 qeyd edilir<\/strong><\/em><\/p>\n<p>Ya\u015fad\u0131\u011f\u0131m\u0131z \u00e7a\u011fda\u015f tarix s\u00fcbut etdi ki, d\u00f6vl\u0259t v\u0259 ordu g\u00fccl\u00fc olanda \u0259dal\u0259t b\u0259rpa olunur. Prezident \u0130lham \u018fliyevin Silahl\u0131 Q\u00fcvv\u0259l\u0259rimizin inki\u015faf\u0131na x\u00fcsusi diqq\u0259t v\u0259 qay\u011f\u0131s\u0131 say\u0259sind\u0259 Az\u0259rbaycan Ordusu d\u00fcnyan\u0131n \u0259n g\u00fccl\u00fc 50 ordusu s\u0131ras\u0131nda daxil oldu. Bel\u0259 ki, 2016-c\u0131 ilin Aprel d\u00f6y\u00fc\u015fl\u0259ri, 2018-ci ild\u0259 ke\u00e7irilmi\u015f G\u00fcnn\u00fct \u0259m\u0259liyyat\u0131 ordumuzun g\u00fcc\u00fcn\u00fcn qism\u0259n n\u00fcmayi\u015fi v\u0259 d\u00fc\u015fm\u0259nl\u0259rimiz\u0259 \u00e7ox ciddi mesaj idi. M\u0259hz h\u0259min d\u00f6y\u00fc\u015fl\u0259r zaman\u0131 biz ordumuzun n\u0259y\u0259 qadir oldu\u011funu g\u00f6st\u0259rm\u0259kl\u0259 d\u00fc\u015fm\u0259n\u0259 \u0259razil\u0259rimizi t\u0259rk etm\u0259yin zaman\u0131 g\u0259ldiyini bildirdik. Amma d\u00fc\u015fm\u0259n bu mesajdan n\u0259tic\u0259 \u00e7\u0131xarmad\u0131 v\u0259 44 g\u00fcnl\u00fck V\u0259t\u0259n m\u00fcharib\u0259si ba\u015flad\u0131. D\u00fc\u015fm\u0259nin 30 il\u0259d\u0259k i\u015f\u011fal alt\u0131nda saxlayaraq m\u00fcdafi\u0259 x\u0259ttl\u0259rini qurub m\u00f6hk\u0259ml\u0259ndirdiyi \u0259razil\u0259ri ordumuz c\u0259mi 44 g\u00fcn\u0259 azad etdi. \u015e\u00fcbh\u0259siz ki, Az\u0259rbaycan xalq\u0131n\u0131 b\u00fct\u00fcn d\u00fcnyaya qalib mill\u0259t kimi t\u0259qdim ed\u0259n g\u0259ncl\u0259r V\u0259t\u0259n m\u00fcharib\u0259sind\u0259 v\u0259 antiterror t\u0259dbirl\u0259rind\u0259 misli g\u00f6r\u00fcnm\u0259mi\u015f q\u0259hr\u0259manl\u0131q v\u0259 igidlik n\u00fcmun\u0259si g\u00f6st\u0259rdil\u0259r.<\/p>\n<p>\u201cG\u0259ncl\u0259r M\u0259rk\u0259zi\u201d \u0130ctimai Birliyinin s\u0259dri\u00a0K\u0259nan Qubadzad\u0259\u00a0\u201c\u0130ki sahil\u201d\u0259 a\u00e7\u0131qlamas\u0131nda g\u0259ncl\u0259rin ordu s\u0131ralar\u0131nda g\u00f6st\u0259rdikl\u0259ri \u015f\u00fcca\u0259td\u0259n b\u0259hs ed\u0259r\u0259k bildirdi ki, onlar\u0131n bu q\u0259hr\u0259manl\u0131\u011f\u0131 \u00e7a\u011fda\u015f tariximizin Z\u0259f\u0259r salnam\u0259sin\u0259 q\u0131z\u0131l h\u0259rfl\u0259rl\u0259 yaz\u0131l\u0131b: \u201c26 \u0130yun Silahl\u0131 Q\u00fcvv\u0259l\u0259rin G\u00fcn\u00fc \u0259n\u0259n\u0259si 1918-ci ild\u0259n xalq\u0131m\u0131za qoyulmu\u015f bir mirasd\u0131r. Az\u0259rbaycan d\u00f6vl\u0259ti g\u00fccl\u0259ndiyin\u0259 g\u00f6r\u0259 1990-c\u0131 ill\u0259rin \u0259vv\u0259ll\u0259rind\u0259 ya\u015fad\u0131\u011f\u0131 \u00e7\u0259tin d\u00f6vrl\u0259ri u\u011furla add\u0131mlaya bildi. T\u0259bii ki, bu u\u011furlar\u0131n t\u0259m\u0259lind\u0259 Ulu \u00d6nd\u0259r Heyd\u0259r \u018fliyevin \u0259sas\u0131n\u0131 qoydu\u011fu siyasi kurs dayan\u0131r. 1993-c\u00fc ild\u0259 xalq\u0131n t\u0259kidli t\u0259l\u0259bi il\u0259 \u00dcmummilli Lider Heyd\u0259r \u018fliyevin siyasi\u00a0 hakimiyy\u0259t\u0259 qay\u0131d\u0131\u015f\u0131ndan sonra Az\u0259rbaycan Silahl\u0131 Q\u00fcvv\u0259l\u0259ri g\u00fccl\u00fc v\u0259 q\u00fcd\u0259tli orduya \u00e7evrildi. H\u0259min d\u00f6vrd\u0259 C\u0259m\u015fid Nax\u00e7\u0131vanski ad\u0131na H\u0259rbi Liseyin yarad\u0131lmas\u0131, sonra Ali H\u0259rbi M\u0259kt\u0259bin \u0259sas\u0131n\u0131n qoyulmas\u0131, Az\u0259rbaycan Ordusunda Ulu \u00d6nd\u0259rin birba\u015fa diqq\u0259t v\u0259 qay\u011f\u0131s\u0131 idi. Daha sonra bu siyas\u0259t Prezident \u0130lham \u018fliyev t\u0259r\u0259find\u0259n u\u011furla davam etdirildi. Ordu quruculu\u011fu daha geni\u015f v\u00fcs\u0259t ald\u0131. Yeni h\u0259rbi-texniki vasit\u0259l\u0259r ordumuzun arsenal\u0131na daxil edildi. Bel\u0259likl\u0259 Az\u0259rbaycan Silahl\u0131 Q\u00fcvv\u0259l\u0259ri d\u00fcnyan\u0131n \u0259n g\u00fccl\u00fc ordular\u0131 s\u0131ras\u0131nda yer ald\u0131\u201d.<\/p>\n<p>K\u0259nan Qubadzad\u0259 qeyd etdi ki, ordumuz \u00f6z g\u00fcc\u00fcn\u00fc bir daha 2020-ci ild\u0259 ba\u015flanan, qalibiyy\u0259t Z\u0259f\u0259ri il\u0259 m\u00fc\u015fahid\u0259 olunan 44 g\u00fcnl\u00fck V\u0259t\u0259n m\u00fcharib\u0259sind\u0259 \u00f6z\u00fcn\u00fc g\u00f6st\u0259rdi: \u201cH\u0259min d\u00f6vrd\u0259 Az\u0259rbaycan Ordusunun g\u00fcc\u00fcn\u00fc d\u00fcnya d\u00f6vl\u0259tl\u0259ri g\u00f6rm\u0259y\u0259 ba\u015flad\u0131. Prezident, Ali Ba\u015f Komandan \u0130lham \u018fliyevin r\u0259hb\u0259rliyi, ordumuzun g\u00fcc\u00fc v\u0259 q\u00fcdr\u0259ti say\u0259sind\u0259 torpaqlar\u0131m\u0131z i\u015f\u011faldan azad olundu. He\u00e7 d\u0259 t\u0259sad\u00fcfi deyil ki, Az\u0259rbaycan Silahl\u0131 Q\u00fcvv\u0259l\u0259ri r\u0259\u015fad\u0259tli ordudur. V\u0259t\u0259n m\u00fcharib\u0259si zaman\u0131 Ali Ba\u015f Komandan b\u00fct\u00fcn \u00e7\u0131x\u0131\u015flar\u0131nda bildirdi ki, bizim ordunun g\u00fcc\u00fc v\u0259 q\u00fcdr\u0259ti, x\u00fcsus\u0259n d\u0259 g\u0259ncl\u0259rimizin rolu b\u00f6y\u00fckd\u00fcr. \u00c7\u00fcnki bilirik ki, ordumuzun \u015f\u0259xsi hey\u0259ti \u0259sas\u0259n g\u0259ncl\u0259rd\u0259n ibar\u0259tdir. Onlar\u0131n \u015f\u00fcca\u0259ti v\u0259 q\u0259hr\u0259manl\u0131\u011f\u0131 say\u0259sind\u0259 biz bu g\u00fcn azad, m\u00fcst\u0259qil v\u0259 b\u00fct\u00f6v Az\u0259rbaycanda ya\u015fay\u0131r\u0131q. M\u00fcz\u0259ff\u0259r Ali Ba\u015f Komandan\u0131n d\u00fczg\u00fcn strategiyas\u0131, \u015f\u0259hidl\u0259rimizin v\u0259 qazil\u0259rimizin qan\u0131-can\u0131 bahas\u0131na \u00f6lk\u0259mizin suverenliyi v\u0259 \u0259razi b\u00fct\u00f6vl\u00fcy\u00fc tam t\u0259min edildi. Bunun \u00fc\u00e7\u00fcn biz \u015f\u0259hidl\u0259rimizin ruhu qar\u015f\u0131s\u0131nda ba\u015f \u0259yir, qazil\u0259rimiz\u0259 Allahdan \u015f\u0259fa dil\u0259yirik\u201d.<\/p>\n<p>\u0130ctimai Birliyinin s\u0259dri vur\u011fulad\u0131 ki, 2020-2023-c\u00fc ill\u0259rd\u0259 apar\u0131lan h\u0259rbi \u0259m\u0259liyyatlar zaman\u0131 g\u0259ncl\u0259rimizin \u0259razi b\u00fct\u00f6vl\u00fcy\u00fcm\u00fcz\u00fcn b\u0259rq\u0259rar olunmas\u0131nda rolu b\u00f6y\u00fckd\u00fcr: \u201cPostm\u00fcharib\u0259 d\u00f6n\u0259mind\u0259 d\u0259 Prezident \u0130lham \u018fliyevin v\u0259 Birinci vitse-prezident, Heyd\u0259r \u018fliyev Fondunun prezidenti Mehriban \u018fliyevan\u0131n \u015f\u0259hid ail\u0259l\u0259ri v\u0259 qazil\u0259ri diqq\u0259t v\u0259 qay\u011f\u0131s\u0131 g\u00f6z \u00f6n\u00fcnd\u0259dir. Az\u0259rbaycanda d\u00f6vl\u0259t t\u0259r\u0259find\u0259n c\u0259miyy\u0259tin h\u0259ssas qruplar\u0131na g\u00f6st\u0259ril\u0259n qay\u011f\u0131 ba\u015fqa d\u00f6vl\u0259tl\u0259r\u0259 n\u00fcmun\u0259 ola bil\u0259c\u0259k bir s\u0259viyy\u0259d\u0259dir. \u015e\u0259hid ail\u0259l\u0259ri v\u0259 qazil\u0259r bizim ba\u015f tac\u0131m\u0131zd\u0131r. Onu da dem\u0259k olar ki, V\u0259t\u0259n m\u00fcharib\u0259sind\u0259 \u00f6n c\u0259bh\u0259d\u0259 \u0259sg\u0259rl\u0259rimizl\u0259 b\u0259rab\u0259r, arxa c\u0259bh\u0259d\u0259 d\u0259 c\u0259miyy\u0259timiz, g\u0259ncl\u0259rimiz h\u0259r an Ali Ba\u015f Komandan\u0131n tap\u015f\u0131r\u0131\u011f\u0131n\u0131 g\u00f6zl\u0259yirdi. Haz\u0131rda \u00f6lk\u0259 g\u0259ncliyi sa\u011flam \u0259qid\u0259li v\u0259 d\u00fc\u015f\u00fcnc\u0259li, c\u0259sar\u0259tlidir. G\u0259ncl\u0259rimiz Prezident \u0130lham \u018fliyevin y\u00fcr\u00fctd\u00fcy\u00fc siyas\u0259ti y\u00fcks\u0259k s\u0259viyy\u0259d\u0259 d\u0259st\u0259kl\u0259yir. Biz inan\u0131r\u0131q ki, yax\u0131n g\u0259l\u0259c\u0259kd\u0259 tarixi torpaqlar\u0131m\u0131z olan Q\u0259rbi Az\u0259rbaycana qay\u0131d\u0131\u015f\u0131n \u015fahidi olaca\u011f\u0131q\u201d.<\/p>\n<p>26 \u0130yun &#8211; Az\u0259rbaycan Respublikas\u0131n\u0131n Silahl\u0131 Q\u00fcvv\u0259l\u0259r G\u00fcn\u00fc m\u00fcnasib\u0259til\u0259 xalq\u0131m\u0131z\u0131 t\u0259brik edir, r\u0259\u015fad\u0259tli ordumuza V\u0259t\u0259n ke\u015fiyind\u0259 ay\u0131q-say\u0131q dayanmaqda u\u011furlar arzulay\u0131r\u0131q.<\/p>\n<p><strong>Cavid \u018fkb\u0259r, \u201c\u0130ki sahil\u201d<\/strong><\/p>\n","protected":false},"excerpt":{"rendered":"<p>Silahl\u0131 Q\u00fcvv\u0259l\u0259r G\u00fcn\u00fc ilk d\u0259f\u0259 b\u00fct\u00fcn \u00f6lk\u0259 \u0259razisind\u0259 qeyd edilir Ya\u015fad\u0131\u011f\u0131m\u0131z \u00e7a\u011fda\u015f tarix s\u00fcbut etdi ki, d\u00f6vl\u0259t v\u0259 ordu g\u00fccl\u00fc olanda \u0259dal\u0259t b\u0259rpa olunur. Prezident \u0130lham \u018fliyevin Silahl\u0131 Q\u00fcvv\u0259l\u0259rimizin inki\u015faf\u0131na x\u00fcsusi diqq\u0259t v\u0259 qay\u011f\u0131s\u0131 say\u0259sind\u0259 Az\u0259rbaycan Ordusu d\u00fcnyan\u0131n \u0259n g\u00fccl\u00fc 50 ordusu s\u0131ras\u0131nda daxil oldu. Bel\u0259 ki, 2016-c\u0131 ilin Aprel d\u00f6y\u00fc\u015fl\u0259ri, 2018-ci ild\u0259 ke\u00e7irilmi\u015f G\u00fcnn\u00fct \u0259m\u0259liyyat\u0131 ordumuzun g\u00fcc\u00fcn\u00fcn qism\u0259n n\u00fcmayi\u015fi v\u0259 d\u00fc\u015fm\u0259nl\u0259rimiz\u0259 \u00e7ox ciddi mesaj idi. M\u0259hz h\u0259min d\u00f6y\u00fc\u015fl\u0259r zaman\u0131 biz ordumuzun n\u0259y\u0259 qadir oldu\u011funu g\u00f6st\u0259rm\u0259kl\u0259 d\u00fc\u015fm\u0259n\u0259 \u0259razil\u0259rimizi t\u0259rk etm\u0259yin zaman\u0131 g\u0259ldiyini bildirdik. Amma d\u00fc\u015fm\u0259n bu mesajdan n\u0259tic\u0259 \u00e7\u0131xarmad\u0131 v\u0259&hellip;<\/p>\n","protected":false},"author":2,"featured_media":732629,"comment_status":"closed","ping_status":"closed","sticky":false,"template":"","format":"standard","meta":{"om_disable_all_campaigns":false,"_monsterinsights_skip_tracking":false,"_monsterinsights_sitenote_active":false,"_monsterinsights_sitenote_note":"","_monsterinsights_sitenote_category":0},"categories":[10],"tags":[],"aioseo_notices":[],"gutentor_comment":0,"rttpg_featured_image_url":{"full":["https:\/\/arantv.az\/wp-content\/uploads\/2024\/06\/ad0f7a25171526055020617845910928345-1.jpg",975,540,false],"landscape":["https:\/\/arantv.az\/wp-content\/uploads\/2024\/06\/ad0f7a25171526055020617845910928345-1.jpg",975,540,false],"portraits":["https:\/\/arantv.az\/wp-content\/uploads\/2024\/06\/ad0f7a25171526055020617845910928345-1.jpg",975,540,false],"thumbnail":["https:\/\/arantv.az\/wp-content\/uploads\/2024\/06\/ad0f7a25171526055020617845910928345-1-500x280.jpg",500,280,true],"medium":["https:\/\/arantv.az\/wp-content\/uploads\/2024\/06\/ad0f7a25171526055020617845910928345-1-660x365.jpg",660,365,true],"large":["https:\/\/arantv.az\/wp-content\/uploads\/2024\/06\/ad0f7a25171526055020617845910928345-1-840x465.jpg",640,354,true],"1536x1536":["https:\/\/arantv.az\/wp-content\/uploads\/2024\/06\/ad0f7a25171526055020617845910928345-1.jpg",975,540,false],"2048x2048":["https:\/\/arantv.az\/wp-content\/uploads\/2024\/06\/ad0f7a25171526055020617845910928345-1.jpg",975,540,false],"post-thumbnail":["https:\/\/arantv.az\/wp-content\/uploads\/2024\/06\/ad0f7a25171526055020617845910928345-1-240x172.jpg",240,172,true],"advps-thumb-one":["https:\/\/arantv.az\/wp-content\/uploads\/2024\/06\/ad0f7a25171526055020617845910928345-1.jpg",975,540,false]},"rttpg_author":{"display_name":"V\u00fcsal Rafiqo\u011flu","author_link":"https:\/\/arantv.az\/?author=2"},"rttpg_comment":0,"rttpg_category":"<a href=\"https:\/\/arantv.az\/?cat=10\" rel=\"category\">C\u0259bh\u0259d\u0259n X\u0259b\u0259r<\/a>","rttpg_excerpt":"Silahl\u0131 Q\u00fcvv\u0259l\u0259r G\u00fcn\u00fc ilk d\u0259f\u0259 b\u00fct\u00fcn \u00f6lk\u0259 \u0259razisind\u0259 qeyd edilir Ya\u015fad\u0131\u011f\u0131m\u0131z \u00e7a\u011fda\u015f tarix s\u00fcbut etdi ki, d\u00f6vl\u0259t v\u0259 ordu g\u00fccl\u00fc olanda \u0259dal\u0259t b\u0259rpa olunur. Prezident \u0130lham \u018fliyevin Silahl\u0131 Q\u00fcvv\u0259l\u0259rimizin inki\u015faf\u0131na x\u00fcsusi diqq\u0259t v\u0259 qay\u011f\u0131s\u0131 say\u0259sind\u0259 Az\u0259rbaycan Ordusu d\u00fcnyan\u0131n \u0259n g\u00fccl\u00fc 50 ordusu s\u0131ras\u0131nda daxil oldu. Bel\u0259 ki, 2016-c\u0131 ilin Aprel d\u00f6y\u00fc\u015fl\u0259ri, 2018-ci ild\u0259 ke\u00e7irilmi\u015f G\u00fcnn\u00fct&hellip;","_links":{"self":[{"href":"https:\/\/arantv.az\/index.php?rest_route=\/wp\/v2\/posts\/732628"}],"collection":[{"href":"https:\/\/arantv.az\/index.php?rest_route=\/wp\/v2\/posts"}],"about":[{"href":"https:\/\/arantv.az\/index.php?rest_route=\/wp\/v2\/types\/post"}],"author":[{"embeddable":true,"href":"https:\/\/arantv.az\/index.php?rest_route=\/wp\/v2\/users\/2"}],"replies":[{"embeddable":true,"href":"https:\/\/arantv.az\/index.php?rest_route=%2Fwp%2Fv2%2Fcomments&post=732628"}],"version-history":[{"count":0,"href":"https:\/\/arantv.az\/index.php?rest_route=\/wp\/v2\/posts\/732628\/revisions"}],"wp:featuredmedia":[{"embeddable":true,"href":"https:\/\/arantv.az\/index.php?rest_route=\/wp\/v2\/media\/732629"}],"wp:attachment":[{"href":"https:\/\/arantv.az\/index.php?rest_route=%2Fwp%2Fv2%2Fmedia&parent=732628"}],"wp:term":[{"taxonomy":"category","embeddable":true,"href":"https:\/\/arantv.az\/index.php?rest_route=%2Fwp%2Fv2%2Fcategories&post=732628"},{"taxonomy":"post_tag","embeddable":true,"href":"https:\/\/arantv.az\/index.php?rest_route=%2Fwp%2Fv2%2Ftags&post=732628"}],"curies":[{"name":"wp","href":"https:\/\/api.w.org\/{rel}","templated":true}]}}