{"id":732631,"date":"2024-06-26T15:19:18","date_gmt":"2024-06-26T11:19:18","guid":{"rendered":"https:\/\/arantv.az\/?p=732631"},"modified":"2024-06-26T15:19:18","modified_gmt":"2024-06-26T11:19:18","slug":"silahli-quvv%c9%99l%c9%99r-gunu-munasib%c9%99til%c9%99-ulu-ond%c9%99rin-v%c9%99-s%c9%99hidl%c9%99rimizin-m%c9%99zarlari-ziyar%c9%99t-olunub","status":"publish","type":"post","link":"https:\/\/arantv.az\/?p=732631","title":{"rendered":"Silahl\u0131 Q\u00fcvv\u0259l\u0259r G\u00fcn\u00fc m\u00fcnasib\u0259til\u0259 Ulu \u00d6nd\u0259rin v\u0259 \u015f\u0259hidl\u0259rimizin m\u0259zarlar\u0131 ziyar\u0259t olunub"},"content":{"rendered":"<section>\n<div class=\"content lead font-weight-normal\">\n<p>26 \u0130yun &#8211; Silahl\u0131 Q\u00fcvv\u0259l\u0259r G\u00fcn\u00fc v\u0259 Az\u0259rbaycan Ordusunun yarad\u0131lmas\u0131n\u0131n 106-c\u0131 ild\u00f6n\u00fcm\u00fc m\u00fcnasib\u0259til\u0259 M\u00fcdafi\u0259 Nazirliyinin r\u0259hb\u0259rliyi v\u0259 bir qrup h\u0259rbi qulluq\u00e7u \u00dcmummilli Lider Heyd\u0259r \u018fliyevin v\u0259 \u015f\u0259hidl\u0259rimizin m\u0259zarlar\u0131n\u0131 ziyar\u0259t edib.<\/p>\n<p><strong>ARANTV.AZ\u00a0 x\u0259b\u0259r verir ki,<\/strong>\u00a0\u00a0nazirlikd\u0259n bildirilib ki, \u0259vv\u0259lc\u0259 F\u0259xri xiyabanda Ulu \u00d6nd\u0259rin abid\u0259si \u00f6n\u00fcn\u0259 \u0259klil qoyulub, xatir\u0259si d\u0259rin h\u00f6rm\u0259tl\u0259 yad edilib.<\/p>\n<p>Nazirliyin r\u0259hb\u0259r hey\u0259ti g\u00f6rk\u0259mli oftalmoloq-alim, akademik Z\u0259rif\u0259 xan\u0131m \u018fliyevan\u0131n m\u0259zar\u0131n\u0131 ziyar\u0259t edib, \u00fcz\u0259rin\u0259 q\u0131z\u0131lg\u00fcll\u0259r d\u00fcz\u0259r\u0259k ehtiram n\u00fcmayi\u015f etdirib.<\/p>\n<p>Sonra \u015e\u0259hidl\u0259r xiyaban\u0131 ziyar\u0259t edilib. V\u0259t\u0259nimizin suverenliyi u\u011frunda \u015f\u0259hid olan v\u0259t\u0259nda\u015flar\u0131m\u0131z\u0131n m\u0259zarlar\u0131na g\u00fcl d\u0259st\u0259l\u0259ri qoyulub.<\/p>\n<p>Daha sonra torpaqlar\u0131m\u0131z\u0131n \u0259razi b\u00fct\u00f6vl\u00fcy\u00fc u\u011frunda canlar\u0131n\u0131 f\u0259da etmi\u015f \u015f\u0259hidl\u0259rimizin \u0130kinci \u015e\u0259hidl\u0259r xiyaban\u0131nda m\u0259zarlar\u0131 \u00fcz\u0259rin\u0259 g\u00fcll\u0259r d\u00fcz\u00fcl\u00fcb, ruhlar\u0131 d\u0259rin h\u00f6rm\u0259t v\u0259 ehtiramla an\u0131l\u0131b.<\/p>\n<p>M\u00fcdafi\u0259 naziri general-polkovnik Zakir H\u0259s\u0259nov v\u0259 dig\u0259r r\u0259hb\u0259r hey\u0259t, h\u0259m\u00e7inin \u015f\u0259hid ail\u0259l\u0259ri v\u0259 yax\u0131nlar\u0131 il\u0259 g\u00f6r\u00fc\u015f\u00fcb, onlar\u0131n qay\u011f\u0131lar\u0131 il\u0259 maraqlan\u0131b.<\/p>\n<div class=\"clearfix\"><\/div>\n<\/div>\n<div class=\"fotorama--hidden\"><\/div>\n<div id=\"galleryList\" class=\"fotorama fotorama1719400701703\" data-nav=\"thumbs\" data-width=\"100%\" data-thumbwidth=\"90\" data-thumbheight=\"60\" data-allowfullscreen=\"true\" data-autoplay=\"3000\" data-ratio=\"1.5\" data-keyboard=\"true\" data-fit=\"contain\">\n<div class=\"fotorama__wrap fotorama__wrap--css3 fotorama__wrap--slide fotorama__wrap--toggle-arrows fotorama__wrap--no-controls\">\n<div class=\"fotorama__stage\">\n<div class=\"fotorama__fullscreen-icon\" tabindex=\"0\" role=\"button\"><\/div>\n<div class=\"fotorama__stage__shaft\">\n<div class=\"fotorama__stage__frame fotorama__loaded fotorama__loaded--img\"><img class=\"fotorama__img\" src=\"https:\/\/ikisahil.az\/photo\/0x0_2\/upload\/gallery\/2024\/06\/26\/-76d7c078171939773122044148010993881.jpg\" \/><\/div>\n<div class=\"fotorama__stage__frame fotorama__loaded fotorama__loaded--img fotorama__active\"><img class=\"fotorama__img\" src=\"https:\/\/ikisahil.az\/photo\/0x0_2\/upload\/gallery\/2024\/06\/26\/-350a7f5e17193977316529566171016140.jpg\" \/><\/div>\n<\/div>\n<div class=\"fotorama__arr fotorama__arr--prev\" tabindex=\"0\" role=\"button\"><\/div>\n<div class=\"fotorama__arr fotorama__arr--next fotorama__arr--disabled\" tabindex=\"-1\" role=\"button\"><\/div>\n<div class=\"fotorama__video-close\"><\/div>\n<\/div>\n<div class=\"fotorama__nav-wrap\">\n<div class=\"fotorama__nav fotorama__nav--thumbs\">\n<div class=\"fotorama__nav__shaft\">\n<div class=\"fotorama__thumb-border\"><\/div>\n<div class=\"fotorama__nav__frame fotorama__nav__frame--thumb\" tabindex=\"0\" role=\"button\">\n<div class=\"fotorama__thumb fotorama__loaded fotorama__loaded--img\"><img class=\"fotorama__img\" src=\"https:\/\/ikisahil.az\/photo\/150x100_2\/upload\/gallery\/2024\/06\/26\/-76d7c078171939773122044148010993881.jpg\" \/><\/div>\n<\/div>\n<div class=\"fotorama__nav__frame fotorama__nav__frame--thumb fotorama__active\" tabindex=\"0\" role=\"button\">\n<div class=\"fotorama__thumb fotorama__loaded fotorama__loaded--img\"><img class=\"fotorama__img\" src=\"https:\/\/ikisahil.az\/photo\/150x100_2\/upload\/gallery\/2024\/06\/26\/-350a7f5e17193977316529566171016140.jpg\" \/><\/div>\n<\/div>\n<\/div>\n<\/div>\n<\/div>\n<\/div>\n<\/div>\n<div class=\"sharing my-2 row no-gutters d-print-none\">\n<div class=\"col-md-3\"><\/div>\n<\/div>\n<div class=\"d-none d-sm-block\"><\/div>\n<\/section>\n<section id=\"new_block_2\" class=\"mt-3 d-print-none\">\n<div class=\"row\">\n<div class=\"col-md-12\"><\/div>\n<\/div>\n<\/section>\n","protected":false},"excerpt":{"rendered":"<p>26 \u0130yun &#8211; Silahl\u0131 Q\u00fcvv\u0259l\u0259r G\u00fcn\u00fc v\u0259 Az\u0259rbaycan Ordusunun yarad\u0131lmas\u0131n\u0131n 106-c\u0131 ild\u00f6n\u00fcm\u00fc m\u00fcnasib\u0259til\u0259 M\u00fcdafi\u0259 Nazirliyinin r\u0259hb\u0259rliyi v\u0259 bir qrup h\u0259rbi qulluq\u00e7u \u00dcmummilli Lider Heyd\u0259r \u018fliyevin v\u0259 \u015f\u0259hidl\u0259rimizin m\u0259zarlar\u0131n\u0131 ziyar\u0259t edib. ARANTV.AZ\u00a0 x\u0259b\u0259r verir ki,\u00a0\u00a0nazirlikd\u0259n bildirilib ki, \u0259vv\u0259lc\u0259 F\u0259xri xiyabanda Ulu \u00d6nd\u0259rin abid\u0259si \u00f6n\u00fcn\u0259 \u0259klil qoyulub, xatir\u0259si d\u0259rin h\u00f6rm\u0259tl\u0259 yad edilib. Nazirliyin r\u0259hb\u0259r hey\u0259ti g\u00f6rk\u0259mli oftalmoloq-alim, akademik Z\u0259rif\u0259 xan\u0131m \u018fliyevan\u0131n m\u0259zar\u0131n\u0131 ziyar\u0259t edib, \u00fcz\u0259rin\u0259 q\u0131z\u0131lg\u00fcll\u0259r d\u00fcz\u0259r\u0259k ehtiram n\u00fcmayi\u015f etdirib. Sonra \u015e\u0259hidl\u0259r xiyaban\u0131 ziyar\u0259t edilib. V\u0259t\u0259nimizin suverenliyi u\u011frunda \u015f\u0259hid olan v\u0259t\u0259nda\u015flar\u0131m\u0131z\u0131n m\u0259zarlar\u0131na g\u00fcl d\u0259st\u0259l\u0259ri qoyulub. Daha sonra torpaqlar\u0131m\u0131z\u0131n \u0259razi b\u00fct\u00f6vl\u00fcy\u00fc u\u011frunda canlar\u0131n\u0131&hellip;<\/p>\n","protected":false},"author":2,"featured_media":732632,"comment_status":"closed","ping_status":"closed","sticky":false,"template":"","format":"standard","meta":{"om_disable_all_campaigns":false,"_monsterinsights_skip_tracking":false,"_monsterinsights_sitenote_active":false,"_monsterinsights_sitenote_note":"","_monsterinsights_sitenote_category":0},"categories":[10],"tags":[],"aioseo_notices":[],"gutentor_comment":0,"rttpg_featured_image_url":{"full":["https:\/\/arantv.az\/wp-content\/uploads\/2024\/06\/33b879e7171939771627409189510802715.jpg",975,540,false],"landscape":["https:\/\/arantv.az\/wp-content\/uploads\/2024\/06\/33b879e7171939771627409189510802715.jpg",975,540,false],"portraits":["https:\/\/arantv.az\/wp-content\/uploads\/2024\/06\/33b879e7171939771627409189510802715.jpg",975,540,false],"thumbnail":["https:\/\/arantv.az\/wp-content\/uploads\/2024\/06\/33b879e7171939771627409189510802715-500x280.jpg",500,280,true],"medium":["https:\/\/arantv.az\/wp-content\/uploads\/2024\/06\/33b879e7171939771627409189510802715-660x365.jpg",660,365,true],"large":["https:\/\/arantv.az\/wp-content\/uploads\/2024\/06\/33b879e7171939771627409189510802715-840x465.jpg",640,354,true],"1536x1536":["https:\/\/arantv.az\/wp-content\/uploads\/2024\/06\/33b879e7171939771627409189510802715.jpg",975,540,false],"2048x2048":["https:\/\/arantv.az\/wp-content\/uploads\/2024\/06\/33b879e7171939771627409189510802715.jpg",975,540,false],"post-thumbnail":["https:\/\/arantv.az\/wp-content\/uploads\/2024\/06\/33b879e7171939771627409189510802715-240x172.jpg",240,172,true],"advps-thumb-one":["https:\/\/arantv.az\/wp-content\/uploads\/2024\/06\/33b879e7171939771627409189510802715.jpg",975,540,false]},"rttpg_author":{"display_name":"V\u00fcsal Rafiqo\u011flu","author_link":"https:\/\/arantv.az\/?author=2"},"rttpg_comment":0,"rttpg_category":"<a href=\"https:\/\/arantv.az\/?cat=10\" rel=\"category\">C\u0259bh\u0259d\u0259n X\u0259b\u0259r<\/a>","rttpg_excerpt":"26 \u0130yun &#8211; Silahl\u0131 Q\u00fcvv\u0259l\u0259r G\u00fcn\u00fc v\u0259 Az\u0259rbaycan Ordusunun yarad\u0131lmas\u0131n\u0131n 106-c\u0131 ild\u00f6n\u00fcm\u00fc m\u00fcnasib\u0259til\u0259 M\u00fcdafi\u0259 Nazirliyinin r\u0259hb\u0259rliyi v\u0259 bir qrup h\u0259rbi qulluq\u00e7u \u00dcmummilli Lider Heyd\u0259r \u018fliyevin v\u0259 \u015f\u0259hidl\u0259rimizin m\u0259zarlar\u0131n\u0131 ziyar\u0259t edib. ARANTV.AZ\u00a0 x\u0259b\u0259r verir ki,\u00a0\u00a0nazirlikd\u0259n bildirilib ki, \u0259vv\u0259lc\u0259 F\u0259xri xiyabanda Ulu \u00d6nd\u0259rin abid\u0259si \u00f6n\u00fcn\u0259 \u0259klil qoyulub, xatir\u0259si d\u0259rin h\u00f6rm\u0259tl\u0259 yad edilib. Nazirliyin r\u0259hb\u0259r hey\u0259ti g\u00f6rk\u0259mli oftalmoloq-alim,&hellip;","_links":{"self":[{"href":"https:\/\/arantv.az\/index.php?rest_route=\/wp\/v2\/posts\/732631"}],"collection":[{"href":"https:\/\/arantv.az\/index.php?rest_route=\/wp\/v2\/posts"}],"about":[{"href":"https:\/\/arantv.az\/index.php?rest_route=\/wp\/v2\/types\/post"}],"author":[{"embeddable":true,"href":"https:\/\/arantv.az\/index.php?rest_route=\/wp\/v2\/users\/2"}],"replies":[{"embeddable":true,"href":"https:\/\/arantv.az\/index.php?rest_route=%2Fwp%2Fv2%2Fcomments&post=732631"}],"version-history":[{"count":0,"href":"https:\/\/arantv.az\/index.php?rest_route=\/wp\/v2\/posts\/732631\/revisions"}],"wp:featuredmedia":[{"embeddable":true,"href":"https:\/\/arantv.az\/index.php?rest_route=\/wp\/v2\/media\/732632"}],"wp:attachment":[{"href":"https:\/\/arantv.az\/index.php?rest_route=%2Fwp%2Fv2%2Fmedia&parent=732631"}],"wp:term":[{"taxonomy":"category","embeddable":true,"href":"https:\/\/arantv.az\/index.php?rest_route=%2Fwp%2Fv2%2Fcategories&post=732631"},{"taxonomy":"post_tag","embeddable":true,"href":"https:\/\/arantv.az\/index.php?rest_route=%2Fwp%2Fv2%2Ftags&post=732631"}],"curies":[{"name":"wp","href":"https:\/\/api.w.org\/{rel}","templated":true}]}}