{"id":732811,"date":"2024-06-27T13:33:32","date_gmt":"2024-06-27T09:33:32","guid":{"rendered":"https:\/\/arantv.az\/?p=732811"},"modified":"2024-06-27T13:33:32","modified_gmt":"2024-06-27T09:33:32","slug":"emin-%c9%99mrullayev-bacariqlari-%c9%99n-yaxsi-on-faiz%c9%99-uygun-g%c9%99l%c9%99ni-istedadli-insan-saymaq-olar","status":"publish","type":"post","link":"https:\/\/arantv.az\/?p=732811","title":{"rendered":"Emin \u018fmrullayev: Bacar\u0131qlar\u0131 \u0259n yax\u015f\u0131 on faiz\u0259 uy\u011fun g\u0259l\u0259ni istedadl\u0131 insan saymaq olar"},"content":{"rendered":"<p>H\u0259r hans\u0131 bir sah\u0259 \u00fczr\u0259 insan\u0131n bacar\u0131qlar\u0131 \u0259n yax\u015f\u0131 on faiz\u0259 uy\u011fun g\u0259lirs\u0259, h\u0259min insan\u0131 istedadl\u0131 saymaq olar, h\u0259min faiz\u0259 daxil olmayanlar\u0131n da istedadl\u0131 olmaq \u015fans\u0131 var.<\/p>\n<p><strong>ARANTV.AZ x\u0259b\u0259r verir ki,<\/strong>\u00a0bunu elm v\u0259 t\u0259hsil naziri Emin \u018fmrullayev &#8220;Baku ID&#8221; festival\u0131 \u00e7\u0259r\u00e7iv\u0259sind\u0259 ke\u00e7iril\u0259n paneld\u0259 \u00e7\u0131x\u0131\u015f\u0131 zaman\u0131 deyib.<\/p>\n<p>Onun s\u00f6zl\u0259rin\u0259 g\u00f6r\u0259, g\u0259ncl\u0259ri i\u015faxtaran yox, i\u015fver\u0259n kimi g\u00f6rm\u0259k ist\u0259yirik: &#8220;Ancaq biz gedib ona dey\u0259 bilm\u0259rik ki, bu g\u00fcnd\u0259n i\u015faxtaran yox, i\u015fver\u0259n olacaqsan. Lakin uzunm\u00fcdd\u0259tli perspektivd\u0259 g\u0259ncl\u0259rimizin bilik v\u0259 bacar\u0131qlar\u0131n\u0131 inki\u015faf etdirm\u0259kl\u0259 buna nail ola bil\u0259rik. \u0130nki\u015faf\u0131n, nailiyy\u0259tin t\u0259m\u0259lind\u0259 \u00f6z s\u0259hvini ba\u015fa d\u00fc\u015fm\u0259k v\u0259 s\u0259hvl\u0259rind\u0259n n\u0259tic\u0259 \u00e7\u0131xarmaq, \u00f6z\u00fcn\u0259inam\u0131n y\u00fcks\u0259k olmas\u0131 dayan\u0131r. \u00d6z\u00fcn\u0259 g\u00fcv\u0259nm\u0259k v\u0259 g\u0259l\u0259c\u0259yin u\u011furlu olaca\u011f\u0131na inanmaq laz\u0131md\u0131r. \u018fn \u00f6n\u0259mli m\u0259s\u0259l\u0259l\u0259rd\u0259n biri d\u0259 c\u0259miyy\u0259tl\u0259 birg\u0259 t\u0259kam\u00fcl etm\u0259k, dig\u0259r \u015f\u0259xsl\u0259rin d\u0259 inki\u015faf\u0131na d\u0259st\u0259k g\u00f6st\u0259rm\u0259kdir. H\u0259r hans\u0131 bir s\u0259hv etmi\u015f insana qar\u015f\u0131 nec\u0259 davranmaq \u00e7ox \u00f6n\u0259mlidir. H\u0259r \u015fey m\u0259d\u0259niyy\u0259td\u0259n ba\u015flay\u0131r. M\u0259d\u0259niyy\u0259t is\u0259 \u015f\u0259xsi keyfiyy\u0259tl\u0259rl\u0259 \u0259laq\u0259lidir&#8221;.<\/p>\n","protected":false},"excerpt":{"rendered":"<p>H\u0259r hans\u0131 bir sah\u0259 \u00fczr\u0259 insan\u0131n bacar\u0131qlar\u0131 \u0259n yax\u015f\u0131 on faiz\u0259 uy\u011fun g\u0259lirs\u0259, h\u0259min insan\u0131 istedadl\u0131 saymaq olar, h\u0259min faiz\u0259 daxil olmayanlar\u0131n da istedadl\u0131 olmaq \u015fans\u0131 var. ARANTV.AZ x\u0259b\u0259r verir ki,\u00a0bunu elm v\u0259 t\u0259hsil naziri Emin \u018fmrullayev &#8220;Baku ID&#8221; festival\u0131 \u00e7\u0259r\u00e7iv\u0259sind\u0259 ke\u00e7iril\u0259n paneld\u0259 \u00e7\u0131x\u0131\u015f\u0131 zaman\u0131 deyib. Onun s\u00f6zl\u0259rin\u0259 g\u00f6r\u0259, g\u0259ncl\u0259ri i\u015faxtaran yox, i\u015fver\u0259n kimi g\u00f6rm\u0259k ist\u0259yirik: &#8220;Ancaq biz gedib ona dey\u0259 bilm\u0259rik ki, bu g\u00fcnd\u0259n i\u015faxtaran yox, i\u015fver\u0259n olacaqsan. Lakin uzunm\u00fcdd\u0259tli perspektivd\u0259 g\u0259ncl\u0259rimizin bilik v\u0259 bacar\u0131qlar\u0131n\u0131 inki\u015faf etdirm\u0259kl\u0259 buna nail ola bil\u0259rik. \u0130nki\u015faf\u0131n, nailiyy\u0259tin t\u0259m\u0259lind\u0259 \u00f6z s\u0259hvini ba\u015fa d\u00fc\u015fm\u0259k v\u0259&hellip;<\/p>\n","protected":false},"author":2,"featured_media":732812,"comment_status":"closed","ping_status":"closed","sticky":false,"template":"","format":"standard","meta":{"om_disable_all_campaigns":false,"_monsterinsights_skip_tracking":false,"_monsterinsights_sitenote_active":false,"_monsterinsights_sitenote_note":"","_monsterinsights_sitenote_category":0},"categories":[1],"tags":[],"aioseo_notices":[],"gutentor_comment":0,"rttpg_featured_image_url":{"full":["https:\/\/arantv.az\/wp-content\/uploads\/2024\/06\/21c5bba1171947487123079963110897922.jpg",975,540,false],"landscape":["https:\/\/arantv.az\/wp-content\/uploads\/2024\/06\/21c5bba1171947487123079963110897922.jpg",975,540,false],"portraits":["https:\/\/arantv.az\/wp-content\/uploads\/2024\/06\/21c5bba1171947487123079963110897922.jpg",975,540,false],"thumbnail":["https:\/\/arantv.az\/wp-content\/uploads\/2024\/06\/21c5bba1171947487123079963110897922-500x280.jpg",500,280,true],"medium":["https:\/\/arantv.az\/wp-content\/uploads\/2024\/06\/21c5bba1171947487123079963110897922-660x365.jpg",660,365,true],"large":["https:\/\/arantv.az\/wp-content\/uploads\/2024\/06\/21c5bba1171947487123079963110897922-840x465.jpg",640,354,true],"1536x1536":["https:\/\/arantv.az\/wp-content\/uploads\/2024\/06\/21c5bba1171947487123079963110897922.jpg",975,540,false],"2048x2048":["https:\/\/arantv.az\/wp-content\/uploads\/2024\/06\/21c5bba1171947487123079963110897922.jpg",975,540,false],"post-thumbnail":["https:\/\/arantv.az\/wp-content\/uploads\/2024\/06\/21c5bba1171947487123079963110897922-240x172.jpg",240,172,true],"advps-thumb-one":["https:\/\/arantv.az\/wp-content\/uploads\/2024\/06\/21c5bba1171947487123079963110897922.jpg",975,540,false]},"rttpg_author":{"display_name":"V\u00fcsal Rafiqo\u011flu","author_link":"https:\/\/arantv.az\/?author=2"},"rttpg_comment":0,"rttpg_category":"<a href=\"https:\/\/arantv.az\/?cat=1\" rel=\"category\">C\u0259miyy\u0259t<\/a>","rttpg_excerpt":"H\u0259r hans\u0131 bir sah\u0259 \u00fczr\u0259 insan\u0131n bacar\u0131qlar\u0131 \u0259n yax\u015f\u0131 on faiz\u0259 uy\u011fun g\u0259lirs\u0259, h\u0259min insan\u0131 istedadl\u0131 saymaq olar, h\u0259min faiz\u0259 daxil olmayanlar\u0131n da istedadl\u0131 olmaq \u015fans\u0131 var. ARANTV.AZ x\u0259b\u0259r verir ki,\u00a0bunu elm v\u0259 t\u0259hsil naziri Emin \u018fmrullayev &#8220;Baku ID&#8221; festival\u0131 \u00e7\u0259r\u00e7iv\u0259sind\u0259 ke\u00e7iril\u0259n paneld\u0259 \u00e7\u0131x\u0131\u015f\u0131 zaman\u0131 deyib. Onun s\u00f6zl\u0259rin\u0259 g\u00f6r\u0259, g\u0259ncl\u0259ri i\u015faxtaran yox, i\u015fver\u0259n kimi g\u00f6rm\u0259k&hellip;","_links":{"self":[{"href":"https:\/\/arantv.az\/index.php?rest_route=\/wp\/v2\/posts\/732811"}],"collection":[{"href":"https:\/\/arantv.az\/index.php?rest_route=\/wp\/v2\/posts"}],"about":[{"href":"https:\/\/arantv.az\/index.php?rest_route=\/wp\/v2\/types\/post"}],"author":[{"embeddable":true,"href":"https:\/\/arantv.az\/index.php?rest_route=\/wp\/v2\/users\/2"}],"replies":[{"embeddable":true,"href":"https:\/\/arantv.az\/index.php?rest_route=%2Fwp%2Fv2%2Fcomments&post=732811"}],"version-history":[{"count":0,"href":"https:\/\/arantv.az\/index.php?rest_route=\/wp\/v2\/posts\/732811\/revisions"}],"wp:featuredmedia":[{"embeddable":true,"href":"https:\/\/arantv.az\/index.php?rest_route=\/wp\/v2\/media\/732812"}],"wp:attachment":[{"href":"https:\/\/arantv.az\/index.php?rest_route=%2Fwp%2Fv2%2Fmedia&parent=732811"}],"wp:term":[{"taxonomy":"category","embeddable":true,"href":"https:\/\/arantv.az\/index.php?rest_route=%2Fwp%2Fv2%2Fcategories&post=732811"},{"taxonomy":"post_tag","embeddable":true,"href":"https:\/\/arantv.az\/index.php?rest_route=%2Fwp%2Fv2%2Ftags&post=732811"}],"curies":[{"name":"wp","href":"https:\/\/api.w.org\/{rel}","templated":true}]}}