{"id":732814,"date":"2024-06-27T13:34:51","date_gmt":"2024-06-27T09:34:51","guid":{"rendered":"https:\/\/arantv.az\/?p=732814"},"modified":"2024-06-27T13:34:51","modified_gmt":"2024-06-27T09:34:51","slug":"son-bes-ayda-pensiya-muavin%c9%99t-t%c9%99qaud-unvanli-yardimlar-uzr%c9%99-%c9%99haliy%c9%99-3-milyard-649-milyon-manat-od%c9%99nilib","status":"publish","type":"post","link":"https:\/\/arantv.az\/?p=732814","title":{"rendered":"Son be\u015f ayda pensiya, m\u00fcavin\u0259t, t\u0259qa\u00fcd, \u00fcnvanl\u0131 yard\u0131mlar \u00fczr\u0259 \u0259haliy\u0259 3 milyard 649 milyon manat \u00f6d\u0259nilib"},"content":{"rendered":"<p>Sosial \u00f6d\u0259ni\u015fl\u0259r\u0259 y\u00f6n\u0259ldil\u0259n v\u0259saitl\u0259rd\u0259 art\u0131m dinamikas\u0131 2024-c\u00fc ild\u0259 d\u0259 davam edir.<\/p>\n<p>\u018fm\u0259k v\u0259 \u018fhalinin Sosial M\u00fcdafi\u0259si Nazirliyinin \u0130ctimaiyy\u0259tl\u0259 \u0259laq\u0259l\u0259r \u015f\u00f6b\u0259sind\u0259n\u00a0<a class=\"azertac-link\" href=\"https:\/\/azertag.az\/\" target=\"_blank\" rel=\"noopener\">AZ\u018fRTAC<\/a>-a veril\u0259n m\u0259lumata g\u00f6r\u0259, bu ilin yanvar-may aylar\u0131 \u0259rzind\u0259 pensiya, m\u00fcavin\u0259t, t\u0259qa\u00fcd v\u0259 \u00fcnvanl\u0131 d\u00f6vl\u0259t sosial yard\u0131mlar\u0131 \u00fczr\u0259 \u0259haliy\u0259 3 milyard 649 milyon manat v\u0259sait \u00f6d\u0259nilib.<\/p>\n<p>Bu, \u00f6t\u0259n ilin m\u00fcvafiq d\u00f6vr\u00fcn\u0259 nisb\u0259t\u0259n 352 milyon manat v\u0259 ya 11 faiz \u00e7oxdur.<\/p>\n","protected":false},"excerpt":{"rendered":"<p>Sosial \u00f6d\u0259ni\u015fl\u0259r\u0259 y\u00f6n\u0259ldil\u0259n v\u0259saitl\u0259rd\u0259 art\u0131m dinamikas\u0131 2024-c\u00fc ild\u0259 d\u0259 davam edir. \u018fm\u0259k v\u0259 \u018fhalinin Sosial M\u00fcdafi\u0259si Nazirliyinin \u0130ctimaiyy\u0259tl\u0259 \u0259laq\u0259l\u0259r \u015f\u00f6b\u0259sind\u0259n\u00a0AZ\u018fRTAC-a veril\u0259n m\u0259lumata g\u00f6r\u0259, bu ilin yanvar-may aylar\u0131 \u0259rzind\u0259 pensiya, m\u00fcavin\u0259t, t\u0259qa\u00fcd v\u0259 \u00fcnvanl\u0131 d\u00f6vl\u0259t sosial yard\u0131mlar\u0131 \u00fczr\u0259 \u0259haliy\u0259 3 milyard 649 milyon manat v\u0259sait \u00f6d\u0259nilib. Bu, \u00f6t\u0259n ilin m\u00fcvafiq d\u00f6vr\u00fcn\u0259 nisb\u0259t\u0259n 352 milyon manat v\u0259 ya 11 faiz \u00e7oxdur.<\/p>\n","protected":false},"author":2,"featured_media":732815,"comment_status":"closed","ping_status":"closed","sticky":false,"template":"","format":"standard","meta":{"om_disable_all_campaigns":false,"_monsterinsights_skip_tracking":false,"_monsterinsights_sitenote_active":false,"_monsterinsights_sitenote_note":"","_monsterinsights_sitenote_category":0},"categories":[1],"tags":[],"aioseo_notices":[],"gutentor_comment":0,"rttpg_featured_image_url":{"full":["https:\/\/arantv.az\/wp-content\/uploads\/2024\/06\/17194790605648329237_1200x630.jpg",925,630,false],"landscape":["https:\/\/arantv.az\/wp-content\/uploads\/2024\/06\/17194790605648329237_1200x630.jpg",925,630,false],"portraits":["https:\/\/arantv.az\/wp-content\/uploads\/2024\/06\/17194790605648329237_1200x630.jpg",925,630,false],"thumbnail":["https:\/\/arantv.az\/wp-content\/uploads\/2024\/06\/17194790605648329237_1200x630-500x280.jpg",500,280,true],"medium":["https:\/\/arantv.az\/wp-content\/uploads\/2024\/06\/17194790605648329237_1200x630-536x365.jpg",536,365,true],"large":["https:\/\/arantv.az\/wp-content\/uploads\/2024\/06\/17194790605648329237_1200x630-840x572.jpg",640,436,true],"1536x1536":["https:\/\/arantv.az\/wp-content\/uploads\/2024\/06\/17194790605648329237_1200x630.jpg",925,630,false],"2048x2048":["https:\/\/arantv.az\/wp-content\/uploads\/2024\/06\/17194790605648329237_1200x630.jpg",925,630,false],"post-thumbnail":["https:\/\/arantv.az\/wp-content\/uploads\/2024\/06\/17194790605648329237_1200x630-240x172.jpg",240,172,true],"advps-thumb-one":["https:\/\/arantv.az\/wp-content\/uploads\/2024\/06\/17194790605648329237_1200x630-925x620.jpg",925,620,true]},"rttpg_author":{"display_name":"V\u00fcsal Rafiqo\u011flu","author_link":"https:\/\/arantv.az\/?author=2"},"rttpg_comment":0,"rttpg_category":"<a href=\"https:\/\/arantv.az\/?cat=1\" rel=\"category\">C\u0259miyy\u0259t<\/a>","rttpg_excerpt":"Sosial \u00f6d\u0259ni\u015fl\u0259r\u0259 y\u00f6n\u0259ldil\u0259n v\u0259saitl\u0259rd\u0259 art\u0131m dinamikas\u0131 2024-c\u00fc ild\u0259 d\u0259 davam edir. \u018fm\u0259k v\u0259 \u018fhalinin Sosial M\u00fcdafi\u0259si Nazirliyinin \u0130ctimaiyy\u0259tl\u0259 \u0259laq\u0259l\u0259r \u015f\u00f6b\u0259sind\u0259n\u00a0AZ\u018fRTAC-a veril\u0259n m\u0259lumata g\u00f6r\u0259, bu ilin yanvar-may aylar\u0131 \u0259rzind\u0259 pensiya, m\u00fcavin\u0259t, t\u0259qa\u00fcd v\u0259 \u00fcnvanl\u0131 d\u00f6vl\u0259t sosial yard\u0131mlar\u0131 \u00fczr\u0259 \u0259haliy\u0259 3 milyard 649 milyon manat v\u0259sait \u00f6d\u0259nilib. Bu, \u00f6t\u0259n ilin m\u00fcvafiq d\u00f6vr\u00fcn\u0259 nisb\u0259t\u0259n 352 milyon manat v\u0259&hellip;","_links":{"self":[{"href":"https:\/\/arantv.az\/index.php?rest_route=\/wp\/v2\/posts\/732814"}],"collection":[{"href":"https:\/\/arantv.az\/index.php?rest_route=\/wp\/v2\/posts"}],"about":[{"href":"https:\/\/arantv.az\/index.php?rest_route=\/wp\/v2\/types\/post"}],"author":[{"embeddable":true,"href":"https:\/\/arantv.az\/index.php?rest_route=\/wp\/v2\/users\/2"}],"replies":[{"embeddable":true,"href":"https:\/\/arantv.az\/index.php?rest_route=%2Fwp%2Fv2%2Fcomments&post=732814"}],"version-history":[{"count":0,"href":"https:\/\/arantv.az\/index.php?rest_route=\/wp\/v2\/posts\/732814\/revisions"}],"wp:featuredmedia":[{"embeddable":true,"href":"https:\/\/arantv.az\/index.php?rest_route=\/wp\/v2\/media\/732815"}],"wp:attachment":[{"href":"https:\/\/arantv.az\/index.php?rest_route=%2Fwp%2Fv2%2Fmedia&parent=732814"}],"wp:term":[{"taxonomy":"category","embeddable":true,"href":"https:\/\/arantv.az\/index.php?rest_route=%2Fwp%2Fv2%2Fcategories&post=732814"},{"taxonomy":"post_tag","embeddable":true,"href":"https:\/\/arantv.az\/index.php?rest_route=%2Fwp%2Fv2%2Ftags&post=732814"}],"curies":[{"name":"wp","href":"https:\/\/api.w.org\/{rel}","templated":true}]}}