{"id":732817,"date":"2024-06-27T13:36:02","date_gmt":"2024-06-27T09:36:02","guid":{"rendered":"https:\/\/arantv.az\/?p=732817"},"modified":"2024-06-27T13:36:02","modified_gmt":"2024-06-27T09:36:02","slug":"aparat-r%c9%99hb%c9%99ri-cop29-la-%c9%99laq%c9%99dar-olk%c9%99d%c9%99-bir-sira-m%c9%99hdudiyy%c9%99tl%c9%99rin-t%c9%99tbiqi-qacilmazdir","status":"publish","type":"post","link":"https:\/\/arantv.az\/?p=732817","title":{"rendered":"Aparat r\u0259hb\u0259ri: COP29-la \u0259laq\u0259dar \u00f6lk\u0259d\u0259 bir s\u0131ra m\u0259hdudiyy\u0259tl\u0259rin t\u0259tbiqi qa\u00e7\u0131lmazd\u0131r"},"content":{"rendered":"<p><strong>COP29-a haz\u0131rl\u0131q i\u015fl\u0259rinin g\u00f6r\u00fclm\u0259si v\u0259 h\u0259min t\u0259dbirin ke\u00e7irilm\u0259si il\u0259 \u0259laq\u0259dar \u00f6lk\u0259d\u0259 infrastruktur, n\u0259qliyyat, habel\u0259 t\u0259hl\u00fck\u0259sizlik v\u0259 dig\u0259r m\u00fc\u0259yy\u0259n m\u0259hdudiyy\u0259tl\u0259rin t\u0259tbiq olunmas\u0131 qa\u00e7\u0131lmazd\u0131r.<\/strong><\/p>\n<p>\u201cReport\u201dun m\u0259lumat\u0131na g\u00f6r\u0259, bunu Milli M\u0259clis Aparat\u0131n\u0131n r\u0259hb\u0259ri F\u0259rid Hac\u0131yev Az\u0259rbaycan Respublikas\u0131 Konstitusiya M\u0259hk\u0259m\u0259si Plenumunun iyunun 27-d\u0259 ke\u00e7iril\u0259n iclas\u0131nda \u00e7\u0131x\u0131\u015f\u0131 zaman\u0131 deyib.<\/p>\n<p>O bildirib ki, bu bar\u0259d\u0259 m\u0259s\u0259l\u0259 Milli M\u0259clisin parlamentin burax\u0131lmas\u0131 v\u0259 n\u00f6vb\u0259d\u0259nk\u0259nar se\u00e7kil\u0259rin t\u0259yin edilm\u0259si \u00fc\u00e7\u00fcn Prezident\u0259 m\u00fcraci\u0259tl\u0259 ba\u011fl\u0131 q\u0259rar\u0131nda \u0259ksini tap\u0131b.<\/p>\n","protected":false},"excerpt":{"rendered":"<p>COP29-a haz\u0131rl\u0131q i\u015fl\u0259rinin g\u00f6r\u00fclm\u0259si v\u0259 h\u0259min t\u0259dbirin ke\u00e7irilm\u0259si il\u0259 \u0259laq\u0259dar \u00f6lk\u0259d\u0259 infrastruktur, n\u0259qliyyat, habel\u0259 t\u0259hl\u00fck\u0259sizlik v\u0259 dig\u0259r m\u00fc\u0259yy\u0259n m\u0259hdudiyy\u0259tl\u0259rin t\u0259tbiq olunmas\u0131 qa\u00e7\u0131lmazd\u0131r. \u201cReport\u201dun m\u0259lumat\u0131na g\u00f6r\u0259, bunu Milli M\u0259clis Aparat\u0131n\u0131n r\u0259hb\u0259ri F\u0259rid Hac\u0131yev Az\u0259rbaycan Respublikas\u0131 Konstitusiya M\u0259hk\u0259m\u0259si Plenumunun iyunun 27-d\u0259 ke\u00e7iril\u0259n iclas\u0131nda \u00e7\u0131x\u0131\u015f\u0131 zaman\u0131 deyib. O bildirib ki, bu bar\u0259d\u0259 m\u0259s\u0259l\u0259 Milli M\u0259clisin parlamentin burax\u0131lmas\u0131 v\u0259 n\u00f6vb\u0259d\u0259nk\u0259nar se\u00e7kil\u0259rin t\u0259yin edilm\u0259si \u00fc\u00e7\u00fcn Prezident\u0259 m\u00fcraci\u0259tl\u0259 ba\u011fl\u0131 q\u0259rar\u0131nda \u0259ksini tap\u0131b.<\/p>\n","protected":false},"author":2,"featured_media":732818,"comment_status":"closed","ping_status":"closed","sticky":false,"template":"","format":"standard","meta":{"om_disable_all_campaigns":false,"_monsterinsights_skip_tracking":false,"_monsterinsights_sitenote_active":false,"_monsterinsights_sitenote_note":"","_monsterinsights_sitenote_category":0},"categories":[19],"tags":[],"aioseo_notices":[],"gutentor_comment":0,"rttpg_featured_image_url":{"full":["https:\/\/arantv.az\/wp-content\/uploads\/2024\/06\/4214b5752136daf2c6e2a9bc20718fe0.jpg",870,500,false],"landscape":["https:\/\/arantv.az\/wp-content\/uploads\/2024\/06\/4214b5752136daf2c6e2a9bc20718fe0.jpg",870,500,false],"portraits":["https:\/\/arantv.az\/wp-content\/uploads\/2024\/06\/4214b5752136daf2c6e2a9bc20718fe0.jpg",870,500,false],"thumbnail":["https:\/\/arantv.az\/wp-content\/uploads\/2024\/06\/4214b5752136daf2c6e2a9bc20718fe0-500x280.jpg",500,280,true],"medium":["https:\/\/arantv.az\/wp-content\/uploads\/2024\/06\/4214b5752136daf2c6e2a9bc20718fe0-635x365.jpg",635,365,true],"large":["https:\/\/arantv.az\/wp-content\/uploads\/2024\/06\/4214b5752136daf2c6e2a9bc20718fe0-840x483.jpg",640,368,true],"1536x1536":["https:\/\/arantv.az\/wp-content\/uploads\/2024\/06\/4214b5752136daf2c6e2a9bc20718fe0.jpg",870,500,false],"2048x2048":["https:\/\/arantv.az\/wp-content\/uploads\/2024\/06\/4214b5752136daf2c6e2a9bc20718fe0.jpg",870,500,false],"post-thumbnail":["https:\/\/arantv.az\/wp-content\/uploads\/2024\/06\/4214b5752136daf2c6e2a9bc20718fe0-240x172.jpg",240,172,true],"advps-thumb-one":["https:\/\/arantv.az\/wp-content\/uploads\/2024\/06\/4214b5752136daf2c6e2a9bc20718fe0.jpg",870,500,false]},"rttpg_author":{"display_name":"V\u00fcsal Rafiqo\u011flu","author_link":"https:\/\/arantv.az\/?author=2"},"rttpg_comment":0,"rttpg_category":"<a href=\"https:\/\/arantv.az\/?cat=19\" rel=\"category\">G\u00fcnd\u0259m<\/a>","rttpg_excerpt":"COP29-a haz\u0131rl\u0131q i\u015fl\u0259rinin g\u00f6r\u00fclm\u0259si v\u0259 h\u0259min t\u0259dbirin ke\u00e7irilm\u0259si il\u0259 \u0259laq\u0259dar \u00f6lk\u0259d\u0259 infrastruktur, n\u0259qliyyat, habel\u0259 t\u0259hl\u00fck\u0259sizlik v\u0259 dig\u0259r m\u00fc\u0259yy\u0259n m\u0259hdudiyy\u0259tl\u0259rin t\u0259tbiq olunmas\u0131 qa\u00e7\u0131lmazd\u0131r. \u201cReport\u201dun m\u0259lumat\u0131na g\u00f6r\u0259, bunu Milli M\u0259clis Aparat\u0131n\u0131n r\u0259hb\u0259ri F\u0259rid Hac\u0131yev Az\u0259rbaycan Respublikas\u0131 Konstitusiya M\u0259hk\u0259m\u0259si Plenumunun iyunun 27-d\u0259 ke\u00e7iril\u0259n iclas\u0131nda \u00e7\u0131x\u0131\u015f\u0131 zaman\u0131 deyib. O bildirib ki, bu bar\u0259d\u0259 m\u0259s\u0259l\u0259 Milli M\u0259clisin parlamentin burax\u0131lmas\u0131 v\u0259&hellip;","_links":{"self":[{"href":"https:\/\/arantv.az\/index.php?rest_route=\/wp\/v2\/posts\/732817"}],"collection":[{"href":"https:\/\/arantv.az\/index.php?rest_route=\/wp\/v2\/posts"}],"about":[{"href":"https:\/\/arantv.az\/index.php?rest_route=\/wp\/v2\/types\/post"}],"author":[{"embeddable":true,"href":"https:\/\/arantv.az\/index.php?rest_route=\/wp\/v2\/users\/2"}],"replies":[{"embeddable":true,"href":"https:\/\/arantv.az\/index.php?rest_route=%2Fwp%2Fv2%2Fcomments&post=732817"}],"version-history":[{"count":0,"href":"https:\/\/arantv.az\/index.php?rest_route=\/wp\/v2\/posts\/732817\/revisions"}],"wp:featuredmedia":[{"embeddable":true,"href":"https:\/\/arantv.az\/index.php?rest_route=\/wp\/v2\/media\/732818"}],"wp:attachment":[{"href":"https:\/\/arantv.az\/index.php?rest_route=%2Fwp%2Fv2%2Fmedia&parent=732817"}],"wp:term":[{"taxonomy":"category","embeddable":true,"href":"https:\/\/arantv.az\/index.php?rest_route=%2Fwp%2Fv2%2Fcategories&post=732817"},{"taxonomy":"post_tag","embeddable":true,"href":"https:\/\/arantv.az\/index.php?rest_route=%2Fwp%2Fv2%2Ftags&post=732817"}],"curies":[{"name":"wp","href":"https:\/\/api.w.org\/{rel}","templated":true}]}}