{"id":732825,"date":"2024-06-27T17:48:52","date_gmt":"2024-06-27T13:48:52","guid":{"rendered":"https:\/\/arantv.az\/?p=732825"},"modified":"2024-06-27T17:48:52","modified_gmt":"2024-06-27T13:48:52","slug":"birinci-qarabag-muharib%c9%99sind%c9%99-s%c9%99hid-olan-ucar-zeynalov-goygold%c9%99-d%c9%99fn-edilib","status":"publish","type":"post","link":"https:\/\/arantv.az\/?p=732825","title":{"rendered":"Birinci Qaraba\u011f m\u00fcharib\u0259sind\u0259 \u015f\u0259hid olan Ucar Zeynalov G\u00f6yg\u00f6ld\u0259 d\u0259fn edilib"},"content":{"rendered":"<div class=\"post-detail-content-inner resize-area\">\n<p>Birinci Qaraba\u011f m\u00fcharib\u0259sind\u0259 itkin d\u00fc\u015fm\u00fc\u015f, 32 il sonra d\u0259fn yeri v\u0259 kimliyi m\u00fc\u0259yy\u0259n edil\u0259n \u015f\u0259hid Ucar Fidail o\u011flu Zeynalovun qal\u0131qlar\u0131 G\u00f6yg\u00f6ld\u0259 d\u0259fn olunub.<\/p>\n<p><b>ARANTV.AZ <\/b>x\u0259b\u0259r verir ki, \u015f\u0259hid Ucar Zeynalovun qal\u0131qlar\u0131 bu g\u00fcn G\u00f6yg\u00f6l rayonunun P\u0259nahl\u0131lar k\u0259ndind\u0259 ail\u0259sin\u0259 t\u0259hvil verilib. \u015e\u0259hidl\u0259 ya\u015fad\u0131\u011f\u0131 evd\u0259 vida m\u0259rasimi ke\u00e7irilib. Daha sonra \u015f\u0259hidin qal\u0131qlar\u0131 k\u0259nd q\u0259biristanl\u0131\u011f\u0131nda torpa\u011fa tap\u015f\u0131r\u0131l\u0131b.<\/p>\n<p>D\u0259fn m\u0259rasimind\u0259 rayon ictimaiyy\u0259tinin n\u00fcmay\u0259nd\u0259l\u0259ri, h\u00fcquq-m\u00fchafiz\u0259 orqanlar\u0131n\u0131n \u0259m\u0259kda\u015flar\u0131, \u015f\u0259hid ail\u0259l\u0259ri, qazil\u0259r i\u015ftirak edibl\u0259r.<\/p>\n<p>Qeyd ed\u0259k ki, \u015f\u0259hid U.Zeynalov 7 mart 1973-c\u00fc ild\u0259 G\u00f6yg\u00f6l rayonunun P\u0259nahl\u0131lar k\u0259ndind\u0259 anadan olub. O, Birinci Qaraba\u011f m\u00fcharib\u0259sind\u0259 19 iyul 1992-ci il tarixind\u0259 A\u011fd\u0259r\u0259 rayonunun Aterk k\u0259ndind\u0259 ged\u0259n d\u00f6y\u00fc\u015fl\u0259rd\u0259 itkin d\u00fc\u015f\u00fcb. Ucar Zeynalov nam\u0259lum \u015f\u0259hid kimi Bak\u0131 \u015f\u0259h\u0259rind\u0259 \u015e\u0259hidl\u0259r Xiyaban\u0131nda d\u0259fn edilib.<\/p>\n<p>&nbsp;<\/p>\n<div class=\"gallery-area\">\n<div class=\"gallery-slide swiper swiper-initialized swiper-horizontal swiper-pointer-events swiper-backface-hidden\">\n<div id=\"swiper-wrapper-33528014f74763fa\" class=\"swiper-wrapper\" aria-live=\"polite\">\n<div class=\"swiper-slide swiper-slide-active\" role=\"group\" aria-label=\"1 \/ 3\"><a href=\"https:\/\/images.oxu.az\/2024\/06\/27\/6jilVhAJPAKri8g6pwpZvU3vRu4mZ1FzEpO9v5OK:1200.jpg\" data-fancybox=\"gallery\"><img loading=\"lazy\" src=\"https:\/\/images.oxu.az\/2024\/06\/27\/6jilVhAJPAKri8g6pwpZvU3vRu4mZ1FzEpO9v5OK:640.jpg\" alt=\"\" width=\"640\" height=\"405\" \/><\/a><\/div>\n<div class=\"swiper-slide swiper-slide-next\" role=\"group\" aria-label=\"2 \/ 3\"><a href=\"https:\/\/images.oxu.az\/2024\/06\/27\/kszAJhXlOg5Nsi2sk9huJvox4nK7q1uOIdA5i93Z:1200.jpg\" data-fancybox=\"gallery\"><img loading=\"lazy\" src=\"https:\/\/images.oxu.az\/2024\/06\/27\/kszAJhXlOg5Nsi2sk9huJvox4nK7q1uOIdA5i93Z:640.jpg\" alt=\"\" width=\"640\" height=\"405\" \/><\/a><\/div>\n<div class=\"swiper-slide\" role=\"group\" aria-label=\"3 \/ 3\"><a href=\"https:\/\/images.oxu.az\/2024\/06\/27\/6i15YBvJODaNfhpyTcqwjxgiJf6bmC38Gc7gdSXu:1200.jpg\" data-fancybox=\"gallery\"><img loading=\"lazy\" src=\"https:\/\/images.oxu.az\/2024\/06\/27\/6i15YBvJODaNfhpyTcqwjxgiJf6bmC38Gc7gdSXu:640.jpg\" alt=\"\" width=\"640\" height=\"405\" \/><\/a><\/div>\n<\/div>\n<\/div>\n<div class=\"gallery-thumbs-slide\">\n<div class=\"swiper swiper-initialized swiper-horizontal swiper-pointer-events swiper-free-mode swiper-watch-progress swiper-backface-hidden swiper-thumbs\">\n<div id=\"swiper-wrapper-635decba5a82db510\" class=\"swiper-wrapper\" aria-live=\"polite\">\n<div class=\"swiper-slide swiper-slide-visible swiper-slide-active swiper-slide-thumb-active\" role=\"group\" aria-label=\"1 \/ 3\"><img loading=\"lazy\" src=\"https:\/\/images.oxu.az\/2024\/06\/27\/6jilVhAJPAKri8g6pwpZvU3vRu4mZ1FzEpO9v5OK:450.jpg\" alt=\"\" width=\"92\" height=\"72\" \/><\/div>\n<div class=\"swiper-slide swiper-slide-visible swiper-slide-next\" role=\"group\" aria-label=\"2 \/ 3\"><img loading=\"lazy\" src=\"https:\/\/images.oxu.az\/2024\/06\/27\/kszAJhXlOg5Nsi2sk9huJvox4nK7q1uOIdA5i93Z:450.jpg\" alt=\"\" width=\"92\" height=\"72\" \/><\/div>\n<div class=\"swiper-slide swiper-slide-visible\" role=\"group\" aria-label=\"3 \/ 3\"><img loading=\"lazy\" src=\"https:\/\/images.oxu.az\/2024\/06\/27\/6i15YBvJODaNfhpyTcqwjxgiJf6bmC38Gc7gdSXu:450.jpg\" alt=\"\" width=\"92\" height=\"72\" \/><\/div>\n<\/div>\n<\/div>\n<\/div>\n<\/div>\n<p>&nbsp;<\/p>\n<\/div>\n<div class=\"tag-area tag-area-slide tag-area--slider\">\n<div class=\"swiper swiper-initialized swiper-horizontal swiper-pointer-events swiper-free-mode swiper-watch-progress swiper-backface-hidden\">\n<div id=\"swiper-wrapper-2f9f3fa63df2a9ed\" class=\"swiper-wrapper\" aria-live=\"polite\">\n<div class=\"swiper-slide swiper-slide-visible swiper-slide-active\" role=\"group\" aria-label=\"1 \/ 2\">\n<div class=\"tag-item\"><\/div>\n<\/div>\n<\/div>\n<\/div>\n<\/div>\n","protected":false},"excerpt":{"rendered":"<p>Birinci Qaraba\u011f m\u00fcharib\u0259sind\u0259 itkin d\u00fc\u015fm\u00fc\u015f, 32 il sonra d\u0259fn yeri v\u0259 kimliyi m\u00fc\u0259yy\u0259n edil\u0259n \u015f\u0259hid Ucar Fidail o\u011flu Zeynalovun qal\u0131qlar\u0131 G\u00f6yg\u00f6ld\u0259 d\u0259fn olunub. ARANTV.AZ x\u0259b\u0259r verir ki, \u015f\u0259hid Ucar Zeynalovun qal\u0131qlar\u0131 bu g\u00fcn G\u00f6yg\u00f6l rayonunun P\u0259nahl\u0131lar k\u0259ndind\u0259 ail\u0259sin\u0259 t\u0259hvil verilib. \u015e\u0259hidl\u0259 ya\u015fad\u0131\u011f\u0131 evd\u0259 vida m\u0259rasimi ke\u00e7irilib. Daha sonra \u015f\u0259hidin qal\u0131qlar\u0131 k\u0259nd q\u0259biristanl\u0131\u011f\u0131nda torpa\u011fa tap\u015f\u0131r\u0131l\u0131b. D\u0259fn m\u0259rasimind\u0259 rayon ictimaiyy\u0259tinin n\u00fcmay\u0259nd\u0259l\u0259ri, h\u00fcquq-m\u00fchafiz\u0259 orqanlar\u0131n\u0131n \u0259m\u0259kda\u015flar\u0131, \u015f\u0259hid ail\u0259l\u0259ri, qazil\u0259r i\u015ftirak edibl\u0259r. Qeyd ed\u0259k ki, \u015f\u0259hid U.Zeynalov 7 mart 1973-c\u00fc ild\u0259 G\u00f6yg\u00f6l rayonunun P\u0259nahl\u0131lar k\u0259ndind\u0259 anadan olub. O, Birinci Qaraba\u011f m\u00fcharib\u0259sind\u0259 19 iyul 1992-ci il&hellip;<\/p>\n","protected":false},"author":2,"featured_media":732826,"comment_status":"closed","ping_status":"closed","sticky":false,"template":"","format":"standard","meta":{"om_disable_all_campaigns":false,"_monsterinsights_skip_tracking":false,"_monsterinsights_sitenote_active":false,"_monsterinsights_sitenote_note":"","_monsterinsights_sitenote_category":0},"categories":[1],"tags":[],"aioseo_notices":[],"gutentor_comment":0,"rttpg_featured_image_url":{"full":["https:\/\/arantv.az\/wp-content\/uploads\/2024\/06\/667d629034ed7667d629034ed917194932638b28a936d50a85fad105a0611ee1349c.jpg",1200,800,false],"landscape":["https:\/\/arantv.az\/wp-content\/uploads\/2024\/06\/667d629034ed7667d629034ed917194932638b28a936d50a85fad105a0611ee1349c.jpg",1200,800,false],"portraits":["https:\/\/arantv.az\/wp-content\/uploads\/2024\/06\/667d629034ed7667d629034ed917194932638b28a936d50a85fad105a0611ee1349c.jpg",1200,800,false],"thumbnail":["https:\/\/arantv.az\/wp-content\/uploads\/2024\/06\/667d629034ed7667d629034ed917194932638b28a936d50a85fad105a0611ee1349c-500x280.jpg",500,280,true],"medium":["https:\/\/arantv.az\/wp-content\/uploads\/2024\/06\/667d629034ed7667d629034ed917194932638b28a936d50a85fad105a0611ee1349c-548x365.jpg",548,365,true],"large":["https:\/\/arantv.az\/wp-content\/uploads\/2024\/06\/667d629034ed7667d629034ed917194932638b28a936d50a85fad105a0611ee1349c-840x560.jpg",640,427,true],"1536x1536":["https:\/\/arantv.az\/wp-content\/uploads\/2024\/06\/667d629034ed7667d629034ed917194932638b28a936d50a85fad105a0611ee1349c.jpg",1200,800,false],"2048x2048":["https:\/\/arantv.az\/wp-content\/uploads\/2024\/06\/667d629034ed7667d629034ed917194932638b28a936d50a85fad105a0611ee1349c.jpg",1200,800,false],"post-thumbnail":["https:\/\/arantv.az\/wp-content\/uploads\/2024\/06\/667d629034ed7667d629034ed917194932638b28a936d50a85fad105a0611ee1349c-240x172.jpg",240,172,true],"advps-thumb-one":["https:\/\/arantv.az\/wp-content\/uploads\/2024\/06\/667d629034ed7667d629034ed917194932638b28a936d50a85fad105a0611ee1349c-1200x620.jpg",1200,620,true]},"rttpg_author":{"display_name":"V\u00fcsal Rafiqo\u011flu","author_link":"https:\/\/arantv.az\/?author=2"},"rttpg_comment":0,"rttpg_category":"<a href=\"https:\/\/arantv.az\/?cat=1\" rel=\"category\">C\u0259miyy\u0259t<\/a>","rttpg_excerpt":"Birinci Qaraba\u011f m\u00fcharib\u0259sind\u0259 itkin d\u00fc\u015fm\u00fc\u015f, 32 il sonra d\u0259fn yeri v\u0259 kimliyi m\u00fc\u0259yy\u0259n edil\u0259n \u015f\u0259hid Ucar Fidail o\u011flu Zeynalovun qal\u0131qlar\u0131 G\u00f6yg\u00f6ld\u0259 d\u0259fn olunub. ARANTV.AZ x\u0259b\u0259r verir ki, \u015f\u0259hid Ucar Zeynalovun qal\u0131qlar\u0131 bu g\u00fcn G\u00f6yg\u00f6l rayonunun P\u0259nahl\u0131lar k\u0259ndind\u0259 ail\u0259sin\u0259 t\u0259hvil verilib. \u015e\u0259hidl\u0259 ya\u015fad\u0131\u011f\u0131 evd\u0259 vida m\u0259rasimi ke\u00e7irilib. Daha sonra \u015f\u0259hidin qal\u0131qlar\u0131 k\u0259nd q\u0259biristanl\u0131\u011f\u0131nda torpa\u011fa tap\u015f\u0131r\u0131l\u0131b. D\u0259fn&hellip;","_links":{"self":[{"href":"https:\/\/arantv.az\/index.php?rest_route=\/wp\/v2\/posts\/732825"}],"collection":[{"href":"https:\/\/arantv.az\/index.php?rest_route=\/wp\/v2\/posts"}],"about":[{"href":"https:\/\/arantv.az\/index.php?rest_route=\/wp\/v2\/types\/post"}],"author":[{"embeddable":true,"href":"https:\/\/arantv.az\/index.php?rest_route=\/wp\/v2\/users\/2"}],"replies":[{"embeddable":true,"href":"https:\/\/arantv.az\/index.php?rest_route=%2Fwp%2Fv2%2Fcomments&post=732825"}],"version-history":[{"count":0,"href":"https:\/\/arantv.az\/index.php?rest_route=\/wp\/v2\/posts\/732825\/revisions"}],"wp:featuredmedia":[{"embeddable":true,"href":"https:\/\/arantv.az\/index.php?rest_route=\/wp\/v2\/media\/732826"}],"wp:attachment":[{"href":"https:\/\/arantv.az\/index.php?rest_route=%2Fwp%2Fv2%2Fmedia&parent=732825"}],"wp:term":[{"taxonomy":"category","embeddable":true,"href":"https:\/\/arantv.az\/index.php?rest_route=%2Fwp%2Fv2%2Fcategories&post=732825"},{"taxonomy":"post_tag","embeddable":true,"href":"https:\/\/arantv.az\/index.php?rest_route=%2Fwp%2Fv2%2Ftags&post=732825"}],"curies":[{"name":"wp","href":"https:\/\/api.w.org\/{rel}","templated":true}]}}