{"id":732831,"date":"2024-06-27T17:51:03","date_gmt":"2024-06-27T13:51:03","guid":{"rendered":"https:\/\/arantv.az\/?p=732831"},"modified":"2024-06-27T17:51:03","modified_gmt":"2024-06-27T13:51:03","slug":"arif-quliyevin-h%c9%99yat-yoldasi-v%c9%99fat-etdi","status":"publish","type":"post","link":"https:\/\/arantv.az\/?p=732831","title":{"rendered":"Arif Quliyevin h\u0259yat yolda\u015f\u0131 v\u0259fat etdi"},"content":{"rendered":"<p>M\u0259rhum Xalq artisti Arif Quliyevin h\u0259yat yolda\u015f\u0131 G\u00fclzar Quliyeva v\u0259fat edib.<\/p>\n<p>Ax\u015fam.az-\u0131n \u0259ld\u0259 etdiyi m\u0259lumata g\u00f6r\u0259, o, bu g\u00fcn d\u00fcnyas\u0131n\u0131 d\u0259yi\u015fib.<\/p>\n<p>M\u0259lumat\u0131 aktyorun o\u011flu R\u00f6v\u015f\u0259n Quliyev t\u0259sdiql\u0259yib. O bildirib ki, anas\u0131 bu g\u00fcn g\u00fcnorta d\u0259fn edilib:<\/p>\n<p>&#8220;Hac\u0131 Zeynalabdin Ta\u011f\u0131yev q\u0259s\u0259b\u0259sind\u0259 yerl\u0259\u015f\u0259n q\u0259biristanl\u0131qda, qarda\u015f\u0131m F\u0259ridin yan\u0131nda d\u0259fn etdik&#8221;.<\/p>\n<p>Qeyd ed\u0259k ki, G\u00fclzar Quliyeva qaraciy\u0259r sirrozundan \u0259ziyy\u0259t \u00e7\u0259kirdi. O, bir m\u00fcdd\u0259t \u0259vv\u0259l x\u0259st\u0259xanaya yerl\u0259\u015fdirilmi\u015f, m\u00fcalic\u0259si orada apar\u0131lm\u0131\u015fd\u0131. H\u0259kiml\u0259r onun sa\u011falmas\u0131n\u0131n m\u00fcmk\u00fcn olmad\u0131\u011f\u0131n\u0131 demi\u015f v\u0259 ev\u0259 yollam\u0131\u015fd\u0131.<\/p>\n","protected":false},"excerpt":{"rendered":"<p>M\u0259rhum Xalq artisti Arif Quliyevin h\u0259yat yolda\u015f\u0131 G\u00fclzar Quliyeva v\u0259fat edib. Ax\u015fam.az-\u0131n \u0259ld\u0259 etdiyi m\u0259lumata g\u00f6r\u0259, o, bu g\u00fcn d\u00fcnyas\u0131n\u0131 d\u0259yi\u015fib. M\u0259lumat\u0131 aktyorun o\u011flu R\u00f6v\u015f\u0259n Quliyev t\u0259sdiql\u0259yib. O bildirib ki, anas\u0131 bu g\u00fcn g\u00fcnorta d\u0259fn edilib: &#8220;Hac\u0131 Zeynalabdin Ta\u011f\u0131yev q\u0259s\u0259b\u0259sind\u0259 yerl\u0259\u015f\u0259n q\u0259biristanl\u0131qda, qarda\u015f\u0131m F\u0259ridin yan\u0131nda d\u0259fn etdik&#8221;. Qeyd ed\u0259k ki, G\u00fclzar Quliyeva qaraciy\u0259r sirrozundan \u0259ziyy\u0259t \u00e7\u0259kirdi. O, bir m\u00fcdd\u0259t \u0259vv\u0259l x\u0259st\u0259xanaya yerl\u0259\u015fdirilmi\u015f, m\u00fcalic\u0259si orada apar\u0131lm\u0131\u015fd\u0131. H\u0259kiml\u0259r onun sa\u011falmas\u0131n\u0131n m\u00fcmk\u00fcn olmad\u0131\u011f\u0131n\u0131 demi\u015f v\u0259 ev\u0259 yollam\u0131\u015fd\u0131.<\/p>\n","protected":false},"author":2,"featured_media":732832,"comment_status":"closed","ping_status":"closed","sticky":false,"template":"","format":"standard","meta":{"om_disable_all_campaigns":false,"_monsterinsights_skip_tracking":false,"_monsterinsights_sitenote_active":false,"_monsterinsights_sitenote_note":"","_monsterinsights_sitenote_category":0},"categories":[1],"tags":[],"aioseo_notices":[],"gutentor_comment":0,"rttpg_featured_image_url":{"full":["https:\/\/arantv.az\/wp-content\/uploads\/2024\/06\/images-94.jpg",266,190,false],"landscape":["https:\/\/arantv.az\/wp-content\/uploads\/2024\/06\/images-94.jpg",266,190,false],"portraits":["https:\/\/arantv.az\/wp-content\/uploads\/2024\/06\/images-94.jpg",266,190,false],"thumbnail":["https:\/\/arantv.az\/wp-content\/uploads\/2024\/06\/images-94.jpg",266,190,false],"medium":["https:\/\/arantv.az\/wp-content\/uploads\/2024\/06\/images-94.jpg",266,190,false],"large":["https:\/\/arantv.az\/wp-content\/uploads\/2024\/06\/images-94.jpg",266,190,false],"1536x1536":["https:\/\/arantv.az\/wp-content\/uploads\/2024\/06\/images-94.jpg",266,190,false],"2048x2048":["https:\/\/arantv.az\/wp-content\/uploads\/2024\/06\/images-94.jpg",266,190,false],"post-thumbnail":["https:\/\/arantv.az\/wp-content\/uploads\/2024\/06\/images-94-240x172.jpg",240,172,true],"advps-thumb-one":["https:\/\/arantv.az\/wp-content\/uploads\/2024\/06\/images-94.jpg",266,190,false]},"rttpg_author":{"display_name":"V\u00fcsal Rafiqo\u011flu","author_link":"https:\/\/arantv.az\/?author=2"},"rttpg_comment":0,"rttpg_category":"<a href=\"https:\/\/arantv.az\/?cat=1\" rel=\"category\">C\u0259miyy\u0259t<\/a>","rttpg_excerpt":"M\u0259rhum Xalq artisti Arif Quliyevin h\u0259yat yolda\u015f\u0131 G\u00fclzar Quliyeva v\u0259fat edib. Ax\u015fam.az-\u0131n \u0259ld\u0259 etdiyi m\u0259lumata g\u00f6r\u0259, o, bu g\u00fcn d\u00fcnyas\u0131n\u0131 d\u0259yi\u015fib. M\u0259lumat\u0131 aktyorun o\u011flu R\u00f6v\u015f\u0259n Quliyev t\u0259sdiql\u0259yib. O bildirib ki, anas\u0131 bu g\u00fcn g\u00fcnorta d\u0259fn edilib: &#8220;Hac\u0131 Zeynalabdin Ta\u011f\u0131yev q\u0259s\u0259b\u0259sind\u0259 yerl\u0259\u015f\u0259n q\u0259biristanl\u0131qda, qarda\u015f\u0131m F\u0259ridin yan\u0131nda d\u0259fn etdik&#8221;. Qeyd ed\u0259k ki, G\u00fclzar Quliyeva qaraciy\u0259r sirrozundan \u0259ziyy\u0259t&hellip;","_links":{"self":[{"href":"https:\/\/arantv.az\/index.php?rest_route=\/wp\/v2\/posts\/732831"}],"collection":[{"href":"https:\/\/arantv.az\/index.php?rest_route=\/wp\/v2\/posts"}],"about":[{"href":"https:\/\/arantv.az\/index.php?rest_route=\/wp\/v2\/types\/post"}],"author":[{"embeddable":true,"href":"https:\/\/arantv.az\/index.php?rest_route=\/wp\/v2\/users\/2"}],"replies":[{"embeddable":true,"href":"https:\/\/arantv.az\/index.php?rest_route=%2Fwp%2Fv2%2Fcomments&post=732831"}],"version-history":[{"count":0,"href":"https:\/\/arantv.az\/index.php?rest_route=\/wp\/v2\/posts\/732831\/revisions"}],"wp:featuredmedia":[{"embeddable":true,"href":"https:\/\/arantv.az\/index.php?rest_route=\/wp\/v2\/media\/732832"}],"wp:attachment":[{"href":"https:\/\/arantv.az\/index.php?rest_route=%2Fwp%2Fv2%2Fmedia&parent=732831"}],"wp:term":[{"taxonomy":"category","embeddable":true,"href":"https:\/\/arantv.az\/index.php?rest_route=%2Fwp%2Fv2%2Fcategories&post=732831"},{"taxonomy":"post_tag","embeddable":true,"href":"https:\/\/arantv.az\/index.php?rest_route=%2Fwp%2Fv2%2Ftags&post=732831"}],"curies":[{"name":"wp","href":"https:\/\/api.w.org\/{rel}","templated":true}]}}