{"id":732834,"date":"2024-06-27T17:52:05","date_gmt":"2024-06-27T13:52:05","guid":{"rendered":"https:\/\/arantv.az\/?p=732834"},"modified":"2024-06-27T17:52:05","modified_gmt":"2024-06-27T13:52:05","slug":"ilham-%c9%99liyev-bmt-nin-bas-katibinin-muavini-v%c9%99-%c9%99traf-muhit-proqraminin-icraci-direktorunu-q%c9%99bul-edib-2","status":"publish","type":"post","link":"https:\/\/arantv.az\/?p=732834","title":{"rendered":"\u0130lham \u018fliyev BMT-nin Ba\u015f katibinin m\u00fcavini v\u0259 \u018ftraf M\u00fchit Proqram\u0131n\u0131n icra\u00e7\u0131 direktorunu q\u0259bul edib"},"content":{"rendered":"<p>Az\u0259rbaycan Respublikas\u0131n\u0131n Prezidenti\u00a0<strong>\u0130lham \u018fliyev<\/strong>\u00a0iyunun 27-d\u0259 Birl\u0259\u015fmi\u015f Mill\u0259tl\u0259r T\u0259\u015fkilat\u0131n\u0131n (BMT) Ba\u015f katibinin m\u00fcavini v\u0259 BMT-nin \u018ftraf M\u00fchit Proqram\u0131n\u0131n (UNEP) icra\u00e7\u0131 direktoru \u0130nger Andersonu q\u0259bul edib.<\/p>\n<p><a href=\"https:\/\/azertag.az\/xeber\/prezident_ilham_eliyev_bmt_nin_bas_katibinin_muavini_ve_etraf_muhit_proqraminin_icrachi_direktorunu_qebul_edib__yenilenib_video-3070702\" target=\"_blank\" rel=\"nofollow noopener\">AZ\u018fRTAC<\/a>\u00a0x\u0259b\u0259r verir ki, \u0130nger Anderson COP29-un Az\u0259rbaycanda ke\u00e7irilm\u0259si m\u00fcnasib\u0259til\u0259 t\u0259brikl\u0259rini \u00e7atd\u0131r\u0131b. Bildirib ki, \u00f6lk\u0259miz qlobal iqlim d\u0259yi\u015fiklikl\u0259ri m\u0259s\u0259l\u0259sinin m\u00fczakir\u0259si bax\u0131m\u0131ndan b\u00fct\u00fcn d\u00fcnyan\u0131n topla\u015fd\u0131\u011f\u0131 bir m\u0259rk\u0259z\u0259 \u00e7evril\u0259c\u0259k. O vur\u011fulay\u0131b ki, Az\u0259rbaycanda ke\u00e7iril\u0259c\u0259k COP29 \u00e7ox vacibdir. Bel\u0259 ki, burada iqlim d\u0259yi\u015fikliyi il\u0259 \u0259laq\u0259dar ist\u0259r maliyy\u0259, ist\u0259r \u015f\u0259ffafl\u0131q hesabatlar\u0131n\u0131n t\u0259qdim olunmas\u0131 v\u0259 dig\u0259r parametrl\u0259r n\u00f6qteyi-n\u0259z\u0259rind\u0259n \u00e7ox ciddi v\u0259 \u00f6n\u0259mli q\u0259rarlar\u0131n q\u0259bul edilm\u0259si g\u00f6zl\u0259nilir.<\/p>\n<p>Az\u0259rbaycan\u0131n COP29-a ev sahibliyi etm\u0259sinin h\u0259qiq\u0259t\u0259n d\u0259 \u00f6lk\u0259mizin iqlim d\u0259yi\u015fikliyi m\u0259s\u0259l\u0259sind\u0259 liderliyinin t\u0259c\u0259ss\u00fcm\u00fc v\u0259 n\u00fcmun\u0259si oldu\u011funu dey\u0259n qonaq &#8220;Troyka&#8221; mexanizminin yarad\u0131lmas\u0131n\u0131 \u00e7ox vacib bir add\u0131m kimi d\u0259y\u0259rl\u0259ndirdi v\u0259 bu m\u00fcdrik q\u0259rara g\u00f6r\u0259 t\u0259brikl\u0259rini \u00e7atd\u0131r\u0131b.<\/p>\n<p>\u0130nger Anderson \u0259lav\u0259 edib ki, d\u00fcnya qaz\u0131nt\u0131 yanaca\u011f\u0131ndan yeni yanacaq n\u00f6v\u00fcn\u0259 do\u011fru ke\u00e7id prosesind\u0259dir. O deyib ki, buna g\u00f6r\u0259 d\u0259 neft v\u0259 qaz ixrac ed\u0259n \u00f6lk\u0259l\u0259rin t\u0259nqid olunmas\u0131 c\u0259hdl\u0259ri \u0259dal\u0259tli deyil v\u0259 \u015f\u0259xs\u0259n bunu \u0259dal\u0259tli hesab etmir. Qonaq vur\u011fulay\u0131b ki, d\u00fcnyada h\u0259r bir insan\u0131n bu c\u00fcr enerji formas\u0131na ehtiyac\u0131 var.<\/p>\n<p>Az\u0259rbaycan\u0131n ya\u015f\u0131l iqlim v\u0259 ya\u015f\u0131l ke\u00e7id n\u00f6qteyi-n\u0259z\u0259rind\u0259n q\u0259ti siyasi irad\u0259 n\u00fcmayi\u015f etdirdiyini vur\u011fulayan \u0130nger Anderson metan \u00f6hd\u0259liyi, dekarbonizasiya, neft v\u0259 qaz s\u0259nayesinin modernl\u0259\u015fdirilm\u0259si istiqam\u0259tind\u0259 \u00f6lk\u0259mizd\u0259 at\u0131lan add\u0131mlar\u0131n \u00f6n\u0259mli oldu\u011funu qeyd edib.<\/p>\n<p>Az\u0259rbaycanda milli s\u0259viyy\u0259d\u0259 \u0259traf m\u00fchit istiqam\u0259tind\u0259 h\u0259yata ke\u00e7iril\u0259n t\u0259dbirl\u0259ri \u00e7ox t\u0259qdir ed\u0259r\u0259k buna g\u00f6r\u0259 t\u0259brikl\u0259rini \u00e7atd\u0131ran qonaq x\u00fcsusil\u0259 r\u0259q\u0259msal \u0259sasl\u0131 v\u0259 &#8220;a\u011f\u0131ll\u0131 k\u0259nd t\u0259s\u0259rr\u00fcfat\u0131&#8221; konsepsiyas\u0131n\u0131n inki\u015faf etdirilm\u0259si, tullant\u0131lar\u0131n idar\u0259 edilm\u0259si, \u0259traf m\u00fchitin, X\u0259z\u0259r d\u0259nizinin ekoloji m\u00fchitinin v\u0259 biom\u00fcxt\u0259lifliyin qorunmas\u0131 v\u0259 dig\u0259r istiqam\u0259tl\u0259rd\u0259 \u00f6lk\u0259mizd\u0259 h\u0259yata ke\u00e7iril\u0259n t\u0259dbirl\u0259ri, Az\u0259rbaycanda bu ilin &#8220;Ya\u015f\u0131l d\u00fcnya namin\u0259 h\u0259mr\u0259ylik ili&#8221; elan edilm\u0259sini y\u00fcks\u0259k qiym\u0259tl\u0259ndirib.<\/p>\n<p>\u0130nger Anderson \u00f6lk\u0259miz\u0259 s\u0259f\u0259ri \u00e7\u0259r\u00e7iv\u0259sind\u0259 \u0259traf m\u00fchit sah\u0259sind\u0259 f\u0259aliyy\u0259t g\u00f6st\u0259r\u0259n g\u0259ncl\u0259r t\u0259\u015fkilat\u0131 &#8211; IDEA-n\u0131n \u0259traf m\u00fchit k\u00f6n\u00fcll\u00fcl\u0259ri v\u0259 g\u0259ncl\u0259ri il\u0259 g\u00f6r\u00fc\u015fd\u00fcy\u00fcn\u00fc, \u015eirvan milli qoru\u011funda oldu\u011funu m\u0259mnunluqla qeyd edib.<\/p>\n<p>R\u0259hb\u0259rlik etdiyi qurumla Az\u0259rbaycan aras\u0131nda \u0259m\u0259kda\u015fl\u0131\u011f\u0131n geni\u015fl\u0259ndirilm\u0259sini bildir\u0259n qonaq 2026-c\u0131 il iyunun 5-d\u0259 D\u00fcnya \u018ftraf M\u00fchit G\u00fcn\u00fc m\u00fcnasib\u0259til\u0259 UNEP-in x\u0259tti il\u0259 Az\u0259rbaycanda D\u00fcnya \u018ftraf M\u00fchit G\u00fcn\u00fcn\u00fcn ke\u00e7iril\u0259c\u0259yini v\u0259 bunun da qlobal miqyasda \u0259traf m\u00fchit bax\u0131m\u0131ndan \u0259n vacib t\u0259dbirl\u0259rd\u0259n biri oldu\u011funu deyib.<\/p>\n<p>Xo\u015f s\u00f6zl\u0259r\u0259 g\u00f6r\u0259 minn\u0259tdarl\u0131q ed\u0259n Prezident \u0130lham \u018fliyev UNEP il\u0259 Az\u0259rbaycan aras\u0131nda \u0259m\u0259kda\u015fl\u0131qdan, \u0130nger Andersonun regionlar\u0131m\u0131za s\u0259f\u0259r ed\u0259r\u0259k oradak\u0131 ekom\u00fchitl\u0259 tan\u0131\u015f olmas\u0131ndan v\u0259 g\u0259ncl\u0259rl\u0259 g\u00f6r\u00fc\u015f\u00fcnd\u0259n m\u0259mnunlu\u011funu bildirib.<\/p>\n<p>Az\u0259rbaycan\u0131n neft v\u0259 qaz ixrac ed\u0259n \u00f6lk\u0259 olmas\u0131na baxmayaraq, ya\u015f\u0131l enerjiy\u0259 ke\u00e7id sah\u0259sind\u0259 planlar\u0131na toxunan d\u00f6vl\u0259timizin ba\u015f\u00e7\u0131s\u0131 deyib ki, bu, siyasi irad\u0259mizin oldu\u011funu g\u00f6st\u0259rir.<\/p>\n<p>Prezident \u0130lham \u018fliyev 200-\u0259 yax\u0131n d\u00f6vl\u0259tin Az\u0259rbaycan\u0131n COP29-a s\u0259drliyini yekdillikl\u0259 d\u0259st\u0259kl\u0259m\u0259sini \u00f6lk\u0259miz\u0259 olan etimad\u0131n g\u00f6st\u0259ricisi kimi d\u0259y\u0259rl\u0259ndirib.<\/p>\n<p>D\u00f6vl\u0259timizin ba\u015f\u00e7\u0131s\u0131 bildirib ki, Az\u0259rbaycan COP29-un s\u0259dri olaraq d\u00fcnya \u00f6lk\u0259l\u0259ri aras\u0131nda k\u00f6rp\u00fcl\u0259rin, etimad\u0131n v\u0259 h\u0259mr\u0259yliyin qurulmas\u0131na \u00f6z t\u00f6hf\u0259sini ver\u0259c\u0259k.<\/p>\n<p>Prezident \u0130lham \u018fliyev vur\u011fulay\u0131b ki, \u00f6lk\u0259miz Qlobal C\u0259nubu t\u0259msil edir v\u0259 2019-2023-c\u00fc ill\u0259rd\u0259 Qo\u015fulmama H\u0259r\u0259kat\u0131n\u0131n s\u0259dri olan v\u0259 Avropa \u0130ttifaq\u0131 \u00f6lk\u0259l\u0259ri il\u0259 d\u0259 yax\u015f\u0131 \u0259laq\u0259l\u0259r\u0259 malik Az\u0259rbaycan Qlobal C\u0259nubla Qlobal \u015eimal aras\u0131nda da iqlim d\u0259yi\u015fikliyi m\u00f6vzusunda h\u0259mr\u0259yliyin g\u00fccl\u0259ndirilm\u0259si prosesin\u0259 \u00f6z t\u00f6hf\u0259sini ver\u0259c\u0259k.<\/p>\n<p>D\u00f6vl\u0259timizin ba\u015f\u00e7\u0131s\u0131 qeyd edib ki, \u00f6lk\u0259miz ki\u00e7ik ada d\u00f6vl\u0259tl\u0259rinin probleml\u0259rini prioritet istiqam\u0259tl\u0259rd\u0259n biri kimi m\u00fc\u0259yy\u0259n edib v\u0259 &#8220;Troyka&#8221; \u00e7\u0259r\u00e7iv\u0259sind\u0259 dig\u0259r h\u0259mkarlarla bu m\u0259s\u0259l\u0259 il\u0259 ba\u011fl\u0131 da yax\u0131ndan i\u015fl\u0259yir.<\/p>\n<p>Az\u0259rbaycan\u0131n \u00f6z\u00fcn\u00fcn d\u0259 iqlim d\u0259yi\u015fikliyi probleml\u0259rind\u0259n \u0259ziyy\u0259t \u00e7\u0259kdiyini dey\u0259n Prezident \u0130lham \u018fliyev qeyd edib ki, bir d\u00f6vrd\u0259 Az\u0259rbaycanda quraql\u0131q hallar\u0131, ya\u011f\u0131nt\u0131n\u0131n miqdar\u0131n\u0131n azalmas\u0131 ba\u015f verirdis\u0259, son d\u00f6vrl\u0259rd\u0259 ya\u011f\u0131nt\u0131n\u0131n miqdar\u0131n\u0131n artd\u0131\u011f\u0131 m\u00fc\u015fahid\u0259 olunmaqdad\u0131r.<\/p>\n<p>S\u00f6hb\u0259t zaman\u0131 tullant\u0131lar\u0131n idar\u0259 olunmas\u0131, X\u0259z\u0259r d\u0259nizinin \u0259traf m\u00fchit m\u0259s\u0259l\u0259l\u0259ri, onun suyunun azalmas\u0131 v\u0259 bu istiqam\u0259td\u0259 daha sistemli i\u015fin, h\u0259m\u00e7inin \u0259m\u0259kda\u015fl\u0131\u011f\u0131n h\u0259yata ke\u00e7irilm\u0259si m\u0259s\u0259l\u0259l\u0259ri il\u0259 ba\u011fl\u0131 fikir m\u00fcbadil\u0259si apar\u0131l\u0131b.<\/p>\n<p><strong><time data-renew=\"1719473820\">11:37<\/time><\/strong><\/p>\n<p>Az\u0259rbaycan Respublikas\u0131n\u0131n Prezidenti\u00a0<strong>\u0130lham \u018fliyev<\/strong>\u00a0iyunun 27-d\u0259 Birl\u0259\u015fmi\u015f Mill\u0259tl\u0259r T\u0259\u015fkilat\u0131n\u0131n (BMT) Ba\u015f katibinin m\u00fcavini v\u0259 BMT-nin \u018ftraf M\u00fchit Proqram\u0131n\u0131n (UNEP) icra\u00e7\u0131 direktoru \u0130nger Andersonu q\u0259bul edib.<\/p>\n<p>Bununla ba\u011fl\u0131\u00a0<a href=\"https:\/\/azertag.az\/xeber\/prezident_ilham_eliyev_bmt_nin_bas_katibinin_muavini_ve_etraf_muhit_proqraminin_icrachi_direktorunu_qebul_edib__yenilenecek-3070702\" target=\"_blank\" rel=\"nofollow noopener\">AZ\u018fRTAC<\/a>\u00a0m\u0259lumat yay\u0131b.<\/p>\n","protected":false},"excerpt":{"rendered":"<p>Az\u0259rbaycan Respublikas\u0131n\u0131n Prezidenti\u00a0\u0130lham \u018fliyev\u00a0iyunun 27-d\u0259 Birl\u0259\u015fmi\u015f Mill\u0259tl\u0259r T\u0259\u015fkilat\u0131n\u0131n (BMT) Ba\u015f katibinin m\u00fcavini v\u0259 BMT-nin \u018ftraf M\u00fchit Proqram\u0131n\u0131n (UNEP) icra\u00e7\u0131 direktoru \u0130nger Andersonu q\u0259bul edib. AZ\u018fRTAC\u00a0x\u0259b\u0259r verir ki, \u0130nger Anderson COP29-un Az\u0259rbaycanda ke\u00e7irilm\u0259si m\u00fcnasib\u0259til\u0259 t\u0259brikl\u0259rini \u00e7atd\u0131r\u0131b. Bildirib ki, \u00f6lk\u0259miz qlobal iqlim d\u0259yi\u015fiklikl\u0259ri m\u0259s\u0259l\u0259sinin m\u00fczakir\u0259si bax\u0131m\u0131ndan b\u00fct\u00fcn d\u00fcnyan\u0131n topla\u015fd\u0131\u011f\u0131 bir m\u0259rk\u0259z\u0259 \u00e7evril\u0259c\u0259k. O vur\u011fulay\u0131b ki, Az\u0259rbaycanda ke\u00e7iril\u0259c\u0259k COP29 \u00e7ox vacibdir. Bel\u0259 ki, burada iqlim d\u0259yi\u015fikliyi il\u0259 \u0259laq\u0259dar ist\u0259r maliyy\u0259, ist\u0259r \u015f\u0259ffafl\u0131q hesabatlar\u0131n\u0131n t\u0259qdim olunmas\u0131 v\u0259 dig\u0259r parametrl\u0259r n\u00f6qteyi-n\u0259z\u0259rind\u0259n \u00e7ox ciddi v\u0259 \u00f6n\u0259mli q\u0259rarlar\u0131n q\u0259bul edilm\u0259si g\u00f6zl\u0259nilir. Az\u0259rbaycan\u0131n COP29-a ev sahibliyi etm\u0259sinin h\u0259qiq\u0259t\u0259n&hellip;<\/p>\n","protected":false},"author":2,"featured_media":732793,"comment_status":"closed","ping_status":"closed","sticky":false,"template":"","format":"standard","meta":{"om_disable_all_campaigns":false,"_monsterinsights_skip_tracking":false,"_monsterinsights_sitenote_active":false,"_monsterinsights_sitenote_note":"","_monsterinsights_sitenote_category":0},"categories":[4],"tags":[],"aioseo_notices":[],"gutentor_comment":0,"rttpg_featured_image_url":{"full":["https:\/\/arantv.az\/wp-content\/uploads\/2024\/06\/244ae84611347d5cd532f6ad4039398d_7144860.jpg",1200,768,false],"landscape":["https:\/\/arantv.az\/wp-content\/uploads\/2024\/06\/244ae84611347d5cd532f6ad4039398d_7144860.jpg",1200,768,false],"portraits":["https:\/\/arantv.az\/wp-content\/uploads\/2024\/06\/244ae84611347d5cd532f6ad4039398d_7144860.jpg",1200,768,false],"thumbnail":["https:\/\/arantv.az\/wp-content\/uploads\/2024\/06\/244ae84611347d5cd532f6ad4039398d_7144860-500x280.jpg",500,280,true],"medium":["https:\/\/arantv.az\/wp-content\/uploads\/2024\/06\/244ae84611347d5cd532f6ad4039398d_7144860-570x365.jpg",570,365,true],"large":["https:\/\/arantv.az\/wp-content\/uploads\/2024\/06\/244ae84611347d5cd532f6ad4039398d_7144860-840x538.jpg",640,410,true],"1536x1536":["https:\/\/arantv.az\/wp-content\/uploads\/2024\/06\/244ae84611347d5cd532f6ad4039398d_7144860.jpg",1200,768,false],"2048x2048":["https:\/\/arantv.az\/wp-content\/uploads\/2024\/06\/244ae84611347d5cd532f6ad4039398d_7144860.jpg",1200,768,false],"post-thumbnail":["https:\/\/arantv.az\/wp-content\/uploads\/2024\/06\/244ae84611347d5cd532f6ad4039398d_7144860-240x172.jpg",240,172,true],"advps-thumb-one":["https:\/\/arantv.az\/wp-content\/uploads\/2024\/06\/244ae84611347d5cd532f6ad4039398d_7144860-1200x620.jpg",1200,620,true]},"rttpg_author":{"display_name":"V\u00fcsal Rafiqo\u011flu","author_link":"https:\/\/arantv.az\/?author=2"},"rttpg_comment":0,"rttpg_category":"<a href=\"https:\/\/arantv.az\/?cat=4\" rel=\"category\">Siyas\u0259t<\/a>","rttpg_excerpt":"Az\u0259rbaycan Respublikas\u0131n\u0131n Prezidenti\u00a0\u0130lham \u018fliyev\u00a0iyunun 27-d\u0259 Birl\u0259\u015fmi\u015f Mill\u0259tl\u0259r T\u0259\u015fkilat\u0131n\u0131n (BMT) Ba\u015f katibinin m\u00fcavini v\u0259 BMT-nin \u018ftraf M\u00fchit Proqram\u0131n\u0131n (UNEP) icra\u00e7\u0131 direktoru \u0130nger Andersonu q\u0259bul edib. AZ\u018fRTAC\u00a0x\u0259b\u0259r verir ki, \u0130nger Anderson COP29-un Az\u0259rbaycanda ke\u00e7irilm\u0259si m\u00fcnasib\u0259til\u0259 t\u0259brikl\u0259rini \u00e7atd\u0131r\u0131b. Bildirib ki, \u00f6lk\u0259miz qlobal iqlim d\u0259yi\u015fiklikl\u0259ri m\u0259s\u0259l\u0259sinin m\u00fczakir\u0259si bax\u0131m\u0131ndan b\u00fct\u00fcn d\u00fcnyan\u0131n topla\u015fd\u0131\u011f\u0131 bir m\u0259rk\u0259z\u0259 \u00e7evril\u0259c\u0259k. O vur\u011fulay\u0131b ki, Az\u0259rbaycanda ke\u00e7iril\u0259c\u0259k&hellip;","_links":{"self":[{"href":"https:\/\/arantv.az\/index.php?rest_route=\/wp\/v2\/posts\/732834"}],"collection":[{"href":"https:\/\/arantv.az\/index.php?rest_route=\/wp\/v2\/posts"}],"about":[{"href":"https:\/\/arantv.az\/index.php?rest_route=\/wp\/v2\/types\/post"}],"author":[{"embeddable":true,"href":"https:\/\/arantv.az\/index.php?rest_route=\/wp\/v2\/users\/2"}],"replies":[{"embeddable":true,"href":"https:\/\/arantv.az\/index.php?rest_route=%2Fwp%2Fv2%2Fcomments&post=732834"}],"version-history":[{"count":0,"href":"https:\/\/arantv.az\/index.php?rest_route=\/wp\/v2\/posts\/732834\/revisions"}],"wp:featuredmedia":[{"embeddable":true,"href":"https:\/\/arantv.az\/index.php?rest_route=\/wp\/v2\/media\/732793"}],"wp:attachment":[{"href":"https:\/\/arantv.az\/index.php?rest_route=%2Fwp%2Fv2%2Fmedia&parent=732834"}],"wp:term":[{"taxonomy":"category","embeddable":true,"href":"https:\/\/arantv.az\/index.php?rest_route=%2Fwp%2Fv2%2Fcategories&post=732834"},{"taxonomy":"post_tag","embeddable":true,"href":"https:\/\/arantv.az\/index.php?rest_route=%2Fwp%2Fv2%2Ftags&post=732834"}],"curies":[{"name":"wp","href":"https:\/\/api.w.org\/{rel}","templated":true}]}}