{"id":732839,"date":"2024-06-27T17:54:03","date_gmt":"2024-06-27T13:54:03","guid":{"rendered":"https:\/\/arantv.az\/?p=732839"},"modified":"2024-06-27T17:54:03","modified_gmt":"2024-06-27T13:54:03","slug":"birinci-qarabag-muharib%c9%99sinin-s%c9%99hidi-adigoz%c9%99l-qasimov-xacmazda-d%c9%99fn-edilib","status":"publish","type":"post","link":"https:\/\/arantv.az\/?p=732839","title":{"rendered":"Birinci Qaraba\u011f m\u00fcharib\u0259sinin \u015f\u0259hidi Ad\u0131g\u00f6z\u0259l Qas\u0131mov Xa\u00e7mazda d\u0259fn edilib"},"content":{"rendered":"<div class=\"post-detail-content-inner resize-area\">\n<p>Bak\u0131 \u015f\u0259h\u0259rind\u0259ki \u015e\u0259hidl\u0259r xiyaban\u0131nda nam\u0259lum \u015f\u0259hid kimi d\u0259fn edilmi\u015f Birinci Qaraba\u011f m\u00fcharib\u0259sind\u0259 itkin d\u00fc\u015fm\u00fc\u015f hesab olunan Ad\u0131g\u00f6z\u0259l \u018fmirsoltan o\u011flu Qas\u0131movun meyitinin qal\u0131qlar\u0131 Xa\u00e7maz rayonuna g\u0259tirilib.<\/p>\n<p>&#8220;Report&#8221;un \u015eimal b\u00fcrosunun m\u0259lumat\u0131na g\u00f6r\u0259, \u015f\u0259hidin n\u0259\u015fi Xa\u00e7maz rayonunun Keym\u0259r\u0259z k\u0259ndind\u0259 ail\u0259sin\u0259 t\u0259hvil verilib.<\/p>\n<p>\u015e\u0259hidl\u0259 vida m\u0259rasimi ke\u00e7irilib, onun n\u0259\u015fi Xa\u00e7maz rayonu Keym\u0259r\u0259z k\u0259nd q\u0259biristanl\u0131\u011f\u0131nda d\u0259fn olunub.<\/p>\n<p>Qeyd ed\u0259k ki, Ad\u0131g\u00f6z\u0259l \u018fmirsoltan o\u011flu Qas\u0131mov 1971-ci il may\u0131n 20-d\u0259 Xa\u00e7maz rayonunun Keym\u0259r\u0259z k\u0259ndind\u0259 anadan olub. O, 1993-c\u00fc il avqustun 15-d\u0259 La\u00e7\u0131n rayonu Ho\u00e7az y\u00fcks\u0259kliyi istiqam\u0259tind\u0259 itkin d\u00fc\u015f\u00fcb.<\/p>\n<p>&nbsp;<\/p>\n<div class=\"gallery-area\">\n<div class=\"gallery-slide swiper swiper-initialized swiper-horizontal swiper-pointer-events swiper-backface-hidden\">\n<div id=\"swiper-wrapper-3841c88c4430913a\" class=\"swiper-wrapper\" aria-live=\"polite\">\n<div class=\"swiper-slide swiper-slide-active\" role=\"group\" aria-label=\"1 \/ 4\"><a href=\"https:\/\/images.oxu.az\/2024\/06\/27\/KK04e7pdpbeKKwdeUGSnDsHjVBUiXPrVyBUZz7g8:1200.jpg\" data-fancybox=\"gallery\"><img loading=\"lazy\" src=\"https:\/\/images.oxu.az\/2024\/06\/27\/KK04e7pdpbeKKwdeUGSnDsHjVBUiXPrVyBUZz7g8:640.jpg\" alt=\"\" width=\"640\" height=\"405\" \/><\/a><\/div>\n<div class=\"swiper-slide swiper-slide-next\" role=\"group\" aria-label=\"2 \/ 4\"><a href=\"https:\/\/images.oxu.az\/2024\/06\/27\/joTXSU1vX5gjKrFp1808Hh0pbwNvhYK3KxhksBwT:1200.jpg\" data-fancybox=\"gallery\"><img loading=\"lazy\" src=\"https:\/\/images.oxu.az\/2024\/06\/27\/joTXSU1vX5gjKrFp1808Hh0pbwNvhYK3KxhksBwT:640.jpg\" alt=\"\" width=\"640\" height=\"405\" \/><\/a><\/div>\n<div class=\"swiper-slide\" role=\"group\" aria-label=\"3 \/ 4\"><a href=\"https:\/\/images.oxu.az\/2024\/06\/27\/4nG9JfHkJRRYKVx4ypQk17yhv8ezulow8gWtYS8E:1200.jpg\" data-fancybox=\"gallery\"><img loading=\"lazy\" src=\"https:\/\/images.oxu.az\/2024\/06\/27\/4nG9JfHkJRRYKVx4ypQk17yhv8ezulow8gWtYS8E:640.jpg\" alt=\"\" width=\"640\" height=\"405\" \/><\/a><\/div>\n<div class=\"swiper-slide\" role=\"group\" aria-label=\"4 \/ 4\"><a href=\"https:\/\/images.oxu.az\/2024\/06\/27\/3YDYGywMIo5ogXugwBErjfCd6qG9YVXLqGZAhC6U:1200.jpg\" data-fancybox=\"gallery\"><img loading=\"lazy\" src=\"https:\/\/images.oxu.az\/2024\/06\/27\/3YDYGywMIo5ogXugwBErjfCd6qG9YVXLqGZAhC6U:640.jpg\" alt=\"\" width=\"640\" height=\"405\" \/><\/a><\/div>\n<\/div>\n<\/div>\n<div class=\"gallery-thumbs-slide\">\n<div class=\"swiper swiper-initialized swiper-horizontal swiper-pointer-events swiper-free-mode swiper-watch-progress swiper-backface-hidden swiper-thumbs\">\n<div id=\"swiper-wrapper-4f58df55d21d49ab\" class=\"swiper-wrapper\" aria-live=\"polite\">\n<div class=\"swiper-slide swiper-slide-visible swiper-slide-active swiper-slide-thumb-active\" role=\"group\" aria-label=\"1 \/ 4\"><img loading=\"lazy\" src=\"https:\/\/images.oxu.az\/2024\/06\/27\/KK04e7pdpbeKKwdeUGSnDsHjVBUiXPrVyBUZz7g8:450.jpg\" alt=\"\" width=\"92\" height=\"72\" \/><\/div>\n<div class=\"swiper-slide swiper-slide-visible swiper-slide-next\" role=\"group\" aria-label=\"2 \/ 4\"><img loading=\"lazy\" src=\"https:\/\/images.oxu.az\/2024\/06\/27\/joTXSU1vX5gjKrFp1808Hh0pbwNvhYK3KxhksBwT:450.jpg\" alt=\"\" width=\"92\" height=\"72\" \/><\/div>\n<div class=\"swiper-slide swiper-slide-visible\" role=\"group\" aria-label=\"3 \/ 4\"><img loading=\"lazy\" src=\"https:\/\/images.oxu.az\/2024\/06\/27\/4nG9JfHkJRRYKVx4ypQk17yhv8ezulow8gWtYS8E:450.jpg\" alt=\"\" width=\"92\" height=\"72\" \/><\/div>\n<div class=\"swiper-slide swiper-slide-visible\" role=\"group\" aria-label=\"4 \/ 4\"><img loading=\"lazy\" src=\"https:\/\/images.oxu.az\/2024\/06\/27\/3YDYGywMIo5ogXugwBErjfCd6qG9YVXLqGZAhC6U:450.jpg\" alt=\"\" width=\"92\" height=\"72\" \/><\/div>\n<\/div>\n<\/div>\n<\/div>\n<\/div>\n<p>&nbsp;<\/p>\n<\/div>\n<div class=\"tag-area tag-area-slide tag-area--slider\">\n<div class=\"swiper swiper-initialized swiper-horizontal swiper-pointer-events swiper-free-mode swiper-watch-progress swiper-backface-hidden\">\n<div id=\"swiper-wrapper-b90ab9a299db82f1\" class=\"swiper-wrapper\" aria-live=\"polite\">\n<div class=\"swiper-slide swiper-slide-visible swiper-slide-active\" role=\"group\" aria-label=\"1 \/ 3\">\n<div class=\"tag-item\"><\/div>\n<\/div>\n<\/div>\n<\/div>\n<\/div>\n","protected":false},"excerpt":{"rendered":"<p>Bak\u0131 \u015f\u0259h\u0259rind\u0259ki \u015e\u0259hidl\u0259r xiyaban\u0131nda nam\u0259lum \u015f\u0259hid kimi d\u0259fn edilmi\u015f Birinci Qaraba\u011f m\u00fcharib\u0259sind\u0259 itkin d\u00fc\u015fm\u00fc\u015f hesab olunan Ad\u0131g\u00f6z\u0259l \u018fmirsoltan o\u011flu Qas\u0131movun meyitinin qal\u0131qlar\u0131 Xa\u00e7maz rayonuna g\u0259tirilib. &#8220;Report&#8221;un \u015eimal b\u00fcrosunun m\u0259lumat\u0131na g\u00f6r\u0259, \u015f\u0259hidin n\u0259\u015fi Xa\u00e7maz rayonunun Keym\u0259r\u0259z k\u0259ndind\u0259 ail\u0259sin\u0259 t\u0259hvil verilib. \u015e\u0259hidl\u0259 vida m\u0259rasimi ke\u00e7irilib, onun n\u0259\u015fi Xa\u00e7maz rayonu Keym\u0259r\u0259z k\u0259nd q\u0259biristanl\u0131\u011f\u0131nda d\u0259fn olunub. Qeyd ed\u0259k ki, Ad\u0131g\u00f6z\u0259l \u018fmirsoltan o\u011flu Qas\u0131mov 1971-ci il may\u0131n 20-d\u0259 Xa\u00e7maz rayonunun Keym\u0259r\u0259z k\u0259ndind\u0259 anadan olub. O, 1993-c\u00fc il avqustun 15-d\u0259 La\u00e7\u0131n rayonu Ho\u00e7az y\u00fcks\u0259kliyi istiqam\u0259tind\u0259 itkin d\u00fc\u015f\u00fcb. &nbsp; &nbsp;<\/p>\n","protected":false},"author":2,"featured_media":732840,"comment_status":"closed","ping_status":"closed","sticky":false,"template":"","format":"standard","meta":{"om_disable_all_campaigns":false,"_monsterinsights_skip_tracking":false,"_monsterinsights_sitenote_active":false,"_monsterinsights_sitenote_note":"","_monsterinsights_sitenote_category":0},"categories":[1],"tags":[],"aioseo_notices":[],"gutentor_comment":0,"rttpg_featured_image_url":{"full":["https:\/\/arantv.az\/wp-content\/uploads\/2024\/06\/1719486140_db2ceafc-2092-35a8-923b-530856bc8bb4_850.jpg",850,530,false],"landscape":["https:\/\/arantv.az\/wp-content\/uploads\/2024\/06\/1719486140_db2ceafc-2092-35a8-923b-530856bc8bb4_850.jpg",850,530,false],"portraits":["https:\/\/arantv.az\/wp-content\/uploads\/2024\/06\/1719486140_db2ceafc-2092-35a8-923b-530856bc8bb4_850.jpg",850,530,false],"thumbnail":["https:\/\/arantv.az\/wp-content\/uploads\/2024\/06\/1719486140_db2ceafc-2092-35a8-923b-530856bc8bb4_850-500x280.jpg",500,280,true],"medium":["https:\/\/arantv.az\/wp-content\/uploads\/2024\/06\/1719486140_db2ceafc-2092-35a8-923b-530856bc8bb4_850-585x365.jpg",585,365,true],"large":["https:\/\/arantv.az\/wp-content\/uploads\/2024\/06\/1719486140_db2ceafc-2092-35a8-923b-530856bc8bb4_850-840x524.jpg",640,399,true],"1536x1536":["https:\/\/arantv.az\/wp-content\/uploads\/2024\/06\/1719486140_db2ceafc-2092-35a8-923b-530856bc8bb4_850.jpg",850,530,false],"2048x2048":["https:\/\/arantv.az\/wp-content\/uploads\/2024\/06\/1719486140_db2ceafc-2092-35a8-923b-530856bc8bb4_850.jpg",850,530,false],"post-thumbnail":["https:\/\/arantv.az\/wp-content\/uploads\/2024\/06\/1719486140_db2ceafc-2092-35a8-923b-530856bc8bb4_850-240x172.jpg",240,172,true],"advps-thumb-one":["https:\/\/arantv.az\/wp-content\/uploads\/2024\/06\/1719486140_db2ceafc-2092-35a8-923b-530856bc8bb4_850.jpg",850,530,false]},"rttpg_author":{"display_name":"V\u00fcsal Rafiqo\u011flu","author_link":"https:\/\/arantv.az\/?author=2"},"rttpg_comment":0,"rttpg_category":"<a href=\"https:\/\/arantv.az\/?cat=1\" rel=\"category\">C\u0259miyy\u0259t<\/a>","rttpg_excerpt":"Bak\u0131 \u015f\u0259h\u0259rind\u0259ki \u015e\u0259hidl\u0259r xiyaban\u0131nda nam\u0259lum \u015f\u0259hid kimi d\u0259fn edilmi\u015f Birinci Qaraba\u011f m\u00fcharib\u0259sind\u0259 itkin d\u00fc\u015fm\u00fc\u015f hesab olunan Ad\u0131g\u00f6z\u0259l \u018fmirsoltan o\u011flu Qas\u0131movun meyitinin qal\u0131qlar\u0131 Xa\u00e7maz rayonuna g\u0259tirilib. &#8220;Report&#8221;un \u015eimal b\u00fcrosunun m\u0259lumat\u0131na g\u00f6r\u0259, \u015f\u0259hidin n\u0259\u015fi Xa\u00e7maz rayonunun Keym\u0259r\u0259z k\u0259ndind\u0259 ail\u0259sin\u0259 t\u0259hvil verilib. \u015e\u0259hidl\u0259 vida m\u0259rasimi ke\u00e7irilib, onun n\u0259\u015fi Xa\u00e7maz rayonu Keym\u0259r\u0259z k\u0259nd q\u0259biristanl\u0131\u011f\u0131nda d\u0259fn olunub. Qeyd ed\u0259k ki,&hellip;","_links":{"self":[{"href":"https:\/\/arantv.az\/index.php?rest_route=\/wp\/v2\/posts\/732839"}],"collection":[{"href":"https:\/\/arantv.az\/index.php?rest_route=\/wp\/v2\/posts"}],"about":[{"href":"https:\/\/arantv.az\/index.php?rest_route=\/wp\/v2\/types\/post"}],"author":[{"embeddable":true,"href":"https:\/\/arantv.az\/index.php?rest_route=\/wp\/v2\/users\/2"}],"replies":[{"embeddable":true,"href":"https:\/\/arantv.az\/index.php?rest_route=%2Fwp%2Fv2%2Fcomments&post=732839"}],"version-history":[{"count":0,"href":"https:\/\/arantv.az\/index.php?rest_route=\/wp\/v2\/posts\/732839\/revisions"}],"wp:featuredmedia":[{"embeddable":true,"href":"https:\/\/arantv.az\/index.php?rest_route=\/wp\/v2\/media\/732840"}],"wp:attachment":[{"href":"https:\/\/arantv.az\/index.php?rest_route=%2Fwp%2Fv2%2Fmedia&parent=732839"}],"wp:term":[{"taxonomy":"category","embeddable":true,"href":"https:\/\/arantv.az\/index.php?rest_route=%2Fwp%2Fv2%2Fcategories&post=732839"},{"taxonomy":"post_tag","embeddable":true,"href":"https:\/\/arantv.az\/index.php?rest_route=%2Fwp%2Fv2%2Ftags&post=732839"}],"curies":[{"name":"wp","href":"https:\/\/api.w.org\/{rel}","templated":true}]}}