{"id":732842,"date":"2024-06-27T17:55:17","date_gmt":"2024-06-27T13:55:17","guid":{"rendered":"https:\/\/arantv.az\/?p=732842"},"modified":"2024-06-27T17:55:17","modified_gmt":"2024-06-27T13:55:17","slug":"ilham-%c9%99liyev-asiya-inkisaf-bankinin-prezidentini-q%c9%99bul-edib-2","status":"publish","type":"post","link":"https:\/\/arantv.az\/?p=732842","title":{"rendered":"\u0130lham \u018fliyev Asiya \u0130nki\u015faf Bank\u0131n\u0131n prezidentini q\u0259bul edib"},"content":{"rendered":"<p>Az\u0259rbaycan Respublikas\u0131n\u0131n Prezidenti\u00a0<strong>\u0130lham \u018fliyev<\/strong>\u00a0iyunun 27-d\u0259 Asiya \u0130nki\u015faf Bank\u0131n\u0131n prezidenti Masatsuqu Asakavan\u0131 q\u0259bul edib.<\/p>\n<p><a href=\"https:\/\/azertag.az\/xeber\/prezident_ilham_eliyev_asiya_inkisaf_bankinin_prezidentini_qebul_edib__yenilenib-3070502\" target=\"_blank\" rel=\"nofollow noopener\">AZ\u018fRTAC<\/a>\u00a0x\u0259b\u0259r verir ki, d\u00f6vl\u0259timizin ba\u015f\u00e7\u0131s\u0131 Asiya \u0130nki\u015faf Bank\u0131n\u0131n prezidentinin regionlar\u0131m\u0131za s\u0259f\u0259r etm\u0259sini \u00f6lk\u0259mizd\u0259 ged\u0259n inki\u015faf prosesl\u0259ri haqq\u0131nda daha \u00e7ox m\u0259lumat\u0131n \u0259ld\u0259 olunmas\u0131 v\u0259 Az\u0259rbaycan\u0131n bu Bankla s\u0131x \u0259m\u0259kda\u015fl\u0131q \u0259laq\u0259l\u0259rinin davam etdirilm\u0259si \u00fc\u00e7\u00fcn yax\u015f\u0131 imkan yaratd\u0131\u011f\u0131n\u0131 deyib.<\/p>\n<p>Prezident \u0130lham \u018fliyev Az\u0259rbaycan iqtisadiyyat\u0131n\u0131n h\u0259m \u00f6lk\u0259miz, h\u0259m d\u0259 regional \u0259m\u0259kda\u015fl\u0131q \u00fc\u00e7\u00fcn \u00f6n\u0259m da\u015f\u0131yan sah\u0259l\u0259rinin inki\u015faf\u0131na Bank\u0131n verdiyi d\u0259st\u0259y\u0259 g\u00f6r\u0259 minn\u0259tdarl\u0131\u011f\u0131n\u0131 bildirib.<\/p>\n<p>D\u00f6vl\u0259timizin ba\u015f\u00e7\u0131s\u0131 x\u00fcsusil\u0259 Az\u0259rbaycan t\u0259bii qaz\u0131n\u0131n n\u0259ql edilm\u0259si layih\u0259l\u0259rin\u0259 Avropa maliyy\u0259 institutlar\u0131 t\u0259r\u0259find\u0259n b\u0259zi maliyy\u0259 gecikm\u0259l\u0259rinin oldu\u011fu zaman bu m\u0259s\u0259l\u0259d\u0259 Asiya \u0130nki\u015faf Bank\u0131n\u0131n birm\u0259nal\u0131 d\u0259st\u0259yini y\u00fcks\u0259k qiym\u0259tl\u0259ndirib. Az\u0259rbaycan Prezidenti bununla ba\u011fl\u0131 xat\u0131rlay\u0131b ki, \u0259vv\u0259ll\u0259r d\u0259 dediyi kimi, \u00f6lk\u0259miz Avropan\u0131 qazla t\u0259min etdiyi halda Avropa banklar\u0131 maliyy\u0259l\u0259\u015fm\u0259ni t\u0259min etm\u0259y\u0259 haz\u0131rl\u0131q n\u00fcmayi\u015f etdirm\u0259yibl\u0259r, lakin Asiya \u0130nki\u015faf Bank\u0131 bunu edib.<\/p>\n<p>Prezident \u0130lham \u018fliyev vur\u011fulay\u0131b ki, \u00f6lk\u0259miz inki\u015faf etdikc\u0259 X\u0259z\u0259ryan\u0131 qon\u015fu \u00f6lk\u0259l\u0259rl\u0259 v\u0259 dig\u0259r regionlarla g\u00fccl\u00fc iqtisadi ba\u011flant\u0131n\u0131n yarad\u0131lmas\u0131 il\u0259 \u0259laq\u0259dar qar\u015f\u0131m\u0131zda yeni m\u0259qs\u0259dl\u0259r v\u0259 \u00e7a\u011f\u0131r\u0131\u015flar durur. D\u00f6vl\u0259timizin ba\u015f\u00e7\u0131s\u0131 bu bax\u0131mdan Asiya \u0130nki\u015faf Bank\u0131 il\u0259 m\u00f6vcud s\u0259m\u0259r\u0259li \u0259m\u0259kda\u015fl\u0131\u011f\u0131n davam etdirilm\u0259si m\u0259qs\u0259dil\u0259 yeni istiqam\u0259tl\u0259rin m\u00fc\u0259yy\u0259nl\u0259\u015fdirilm\u0259sinin vacibliyini vur\u011fulay\u0131b.<\/p>\n<p>Xo\u015f s\u00f6zl\u0259r\u0259 g\u00f6r\u0259 minn\u0259tdarl\u0131\u011f\u0131n\u0131 bildir\u0259n Masatsuqu Asakava Az\u0259rbaycanla Asiya \u0130nki\u015faf Bank\u0131 aras\u0131nda t\u0259r\u0259fda\u015fl\u0131\u011f\u0131n 25-ci ild\u00f6n\u00fcm\u00fcnd\u0259 d\u00f6vl\u0259timizin ba\u015f\u00e7\u0131s\u0131 il\u0259 \u015f\u0259xs\u0259n g\u00f6r\u00fc\u015fm\u0259kd\u0259n m\u0259mnunlu\u011funu ifad\u0259 edib.<\/p>\n<p>Qonaq 2020-ci ild\u0259 COVID-19 pandemiyas\u0131 d\u00f6vr\u00fcnd\u0259 videokonfrans format\u0131nda g\u00f6r\u00fc\u015f\u00fc d\u0259 m\u0259mnunluqla xat\u0131rlay\u0131b.<\/p>\n<p>O, d\u00f6vl\u0259timizin ba\u015f\u00e7\u0131s\u0131n\u0131 prezident se\u00e7kil\u0259rind\u0259 q\u0259l\u0259b\u0259si m\u00fcnasib\u0259til\u0259 t\u0259brik ed\u0259r\u0259k g\u0259l\u0259c\u0259kd\u0259 d\u0259 Az\u0259rbaycan\u0131n qar\u015f\u0131s\u0131nda duran strateji prioritetl\u0259rin realla\u015fmas\u0131 istiqam\u0259tind\u0259 Asiya \u0130nki\u015faf Bank\u0131 il\u0259 \u00f6lk\u0259miz aras\u0131nda \u0259m\u0259kda\u015fl\u0131\u011f\u0131n u\u011furla davam ed\u0259c\u0259yin\u0259 \u00fcmidvarl\u0131\u011f\u0131n\u0131 bildirib.<\/p>\n<p>S\u00f6hb\u0259t zaman\u0131 ya\u015f\u0131l enerjinin istehsal\u0131 v\u0259 ixrac\u0131 m\u0259s\u0259l\u0259l\u0259rin\u0259 toxunulub.<\/p>\n<p>D\u00f6vl\u0259timizin ba\u015f\u00e7\u0131s\u0131 Az\u0259rbaycanda ya\u015f\u0131l enerji zonalar\u0131n\u0131n yarad\u0131lmas\u0131, o c\u00fcml\u0259d\u0259n i\u015f\u011faldan azad olunmu\u015f \u0259razil\u0259rd\u0259 hidroelektrik stansiyalar\u0131n tikilm\u0259sinin \u0259h\u0259miyy\u0259tini qeyd etdi, h\u0259min \u0259razil\u0259rimizd\u0259 art\u0131q 270 meqavata q\u0259d\u0259r hidroenerji potensial\u0131n\u0131n yarad\u0131ld\u0131\u011f\u0131n\u0131 bildirib v\u0259 bunun 500 meqavata q\u0259d\u0259r art\u0131r\u0131lmas\u0131 imkanlar\u0131n\u0131n m\u00fczakir\u0259 edildiyini deyib.<\/p>\n<p>S\u00f6hb\u0259t zaman\u0131 \u015eimal-C\u0259nub d\u0259mir yolu layih\u0259si il\u0259 ba\u011fl\u0131 \u0259m\u0259kda\u015fl\u0131q m\u0259s\u0259l\u0259l\u0259rin\u0259 toxunulub, M\u0259rk\u0259zi Asiya d\u00f6vl\u0259tl\u0259rinin n\u0259qliyyat sah\u0259sind\u0259 Az\u0259rbaycanla \u0259laq\u0259l\u0259rinin daha da geni\u015fl\u0259ndirilm\u0259sin\u0259 dair fikir m\u00fcbadil\u0259si apar\u0131l\u0131b.<\/p>\n<p><strong><time data-renew=\"1719470400\">10:40<\/time><\/strong><\/p>\n<p>Az\u0259rbaycan Respublikas\u0131n\u0131n Prezidenti\u00a0<strong>\u0130lham \u018fliyev<\/strong>\u00a0iyunun 27-d\u0259 Asiya \u0130nki\u015faf Bank\u0131n\u0131n prezidenti Masatsuqu Asakavan\u0131 q\u0259bul edib.<\/p>\n<p>Bununla ba\u011fl\u0131\u00a0<a href=\"https:\/\/azertag.az\/xeber\/prezident_ilham_eliyev_asiya_inkisaf_bankinin_prezidentini_qebul_edib__yenilenecek-3070502\" target=\"_blank\" rel=\"nofollow noopener\">AZ\u018fRTAC<\/a>\u00a0m\u0259lumat yay\u0131b.<\/p>\n","protected":false},"excerpt":{"rendered":"<p>Az\u0259rbaycan Respublikas\u0131n\u0131n Prezidenti\u00a0\u0130lham \u018fliyev\u00a0iyunun 27-d\u0259 Asiya \u0130nki\u015faf Bank\u0131n\u0131n prezidenti Masatsuqu Asakavan\u0131 q\u0259bul edib. AZ\u018fRTAC\u00a0x\u0259b\u0259r verir ki, d\u00f6vl\u0259timizin ba\u015f\u00e7\u0131s\u0131 Asiya \u0130nki\u015faf Bank\u0131n\u0131n prezidentinin regionlar\u0131m\u0131za s\u0259f\u0259r etm\u0259sini \u00f6lk\u0259mizd\u0259 ged\u0259n inki\u015faf prosesl\u0259ri haqq\u0131nda daha \u00e7ox m\u0259lumat\u0131n \u0259ld\u0259 olunmas\u0131 v\u0259 Az\u0259rbaycan\u0131n bu Bankla s\u0131x \u0259m\u0259kda\u015fl\u0131q \u0259laq\u0259l\u0259rinin davam etdirilm\u0259si \u00fc\u00e7\u00fcn yax\u015f\u0131 imkan yaratd\u0131\u011f\u0131n\u0131 deyib. Prezident \u0130lham \u018fliyev Az\u0259rbaycan iqtisadiyyat\u0131n\u0131n h\u0259m \u00f6lk\u0259miz, h\u0259m d\u0259 regional \u0259m\u0259kda\u015fl\u0131q \u00fc\u00e7\u00fcn \u00f6n\u0259m da\u015f\u0131yan sah\u0259l\u0259rinin inki\u015faf\u0131na Bank\u0131n verdiyi d\u0259st\u0259y\u0259 g\u00f6r\u0259 minn\u0259tdarl\u0131\u011f\u0131n\u0131 bildirib. D\u00f6vl\u0259timizin ba\u015f\u00e7\u0131s\u0131 x\u00fcsusil\u0259 Az\u0259rbaycan t\u0259bii qaz\u0131n\u0131n n\u0259ql edilm\u0259si layih\u0259l\u0259rin\u0259 Avropa maliyy\u0259 institutlar\u0131 t\u0259r\u0259find\u0259n b\u0259zi maliyy\u0259 gecikm\u0259l\u0259rinin oldu\u011fu zaman bu&hellip;<\/p>\n","protected":false},"author":2,"featured_media":732843,"comment_status":"closed","ping_status":"closed","sticky":false,"template":"","format":"standard","meta":{"om_disable_all_campaigns":false,"_monsterinsights_skip_tracking":false,"_monsterinsights_sitenote_active":false,"_monsterinsights_sitenote_note":"","_monsterinsights_sitenote_category":0},"categories":[4],"tags":[],"aioseo_notices":[],"gutentor_comment":0,"rttpg_featured_image_url":{"full":["https:\/\/arantv.az\/wp-content\/uploads\/2024\/06\/ae4ba3aea68d3e686efa9bae4530a582_8941219.jpg",1200,608,false],"landscape":["https:\/\/arantv.az\/wp-content\/uploads\/2024\/06\/ae4ba3aea68d3e686efa9bae4530a582_8941219.jpg",1200,608,false],"portraits":["https:\/\/arantv.az\/wp-content\/uploads\/2024\/06\/ae4ba3aea68d3e686efa9bae4530a582_8941219.jpg",1200,608,false],"thumbnail":["https:\/\/arantv.az\/wp-content\/uploads\/2024\/06\/ae4ba3aea68d3e686efa9bae4530a582_8941219-500x280.jpg",500,280,true],"medium":["https:\/\/arantv.az\/wp-content\/uploads\/2024\/06\/ae4ba3aea68d3e686efa9bae4530a582_8941219-660x334.jpg",660,334,true],"large":["https:\/\/arantv.az\/wp-content\/uploads\/2024\/06\/ae4ba3aea68d3e686efa9bae4530a582_8941219-840x426.jpg",640,325,true],"1536x1536":["https:\/\/arantv.az\/wp-content\/uploads\/2024\/06\/ae4ba3aea68d3e686efa9bae4530a582_8941219.jpg",1200,608,false],"2048x2048":["https:\/\/arantv.az\/wp-content\/uploads\/2024\/06\/ae4ba3aea68d3e686efa9bae4530a582_8941219.jpg",1200,608,false],"post-thumbnail":["https:\/\/arantv.az\/wp-content\/uploads\/2024\/06\/ae4ba3aea68d3e686efa9bae4530a582_8941219-240x172.jpg",240,172,true],"advps-thumb-one":["https:\/\/arantv.az\/wp-content\/uploads\/2024\/06\/ae4ba3aea68d3e686efa9bae4530a582_8941219.jpg",1200,608,false]},"rttpg_author":{"display_name":"V\u00fcsal Rafiqo\u011flu","author_link":"https:\/\/arantv.az\/?author=2"},"rttpg_comment":0,"rttpg_category":"<a href=\"https:\/\/arantv.az\/?cat=4\" rel=\"category\">Siyas\u0259t<\/a>","rttpg_excerpt":"Az\u0259rbaycan Respublikas\u0131n\u0131n Prezidenti\u00a0\u0130lham \u018fliyev\u00a0iyunun 27-d\u0259 Asiya \u0130nki\u015faf Bank\u0131n\u0131n prezidenti Masatsuqu Asakavan\u0131 q\u0259bul edib. AZ\u018fRTAC\u00a0x\u0259b\u0259r verir ki, d\u00f6vl\u0259timizin ba\u015f\u00e7\u0131s\u0131 Asiya \u0130nki\u015faf Bank\u0131n\u0131n prezidentinin regionlar\u0131m\u0131za s\u0259f\u0259r etm\u0259sini \u00f6lk\u0259mizd\u0259 ged\u0259n inki\u015faf prosesl\u0259ri haqq\u0131nda daha \u00e7ox m\u0259lumat\u0131n \u0259ld\u0259 olunmas\u0131 v\u0259 Az\u0259rbaycan\u0131n bu Bankla s\u0131x \u0259m\u0259kda\u015fl\u0131q \u0259laq\u0259l\u0259rinin davam etdirilm\u0259si \u00fc\u00e7\u00fcn yax\u015f\u0131 imkan yaratd\u0131\u011f\u0131n\u0131 deyib. Prezident \u0130lham \u018fliyev Az\u0259rbaycan iqtisadiyyat\u0131n\u0131n h\u0259m&hellip;","_links":{"self":[{"href":"https:\/\/arantv.az\/index.php?rest_route=\/wp\/v2\/posts\/732842"}],"collection":[{"href":"https:\/\/arantv.az\/index.php?rest_route=\/wp\/v2\/posts"}],"about":[{"href":"https:\/\/arantv.az\/index.php?rest_route=\/wp\/v2\/types\/post"}],"author":[{"embeddable":true,"href":"https:\/\/arantv.az\/index.php?rest_route=\/wp\/v2\/users\/2"}],"replies":[{"embeddable":true,"href":"https:\/\/arantv.az\/index.php?rest_route=%2Fwp%2Fv2%2Fcomments&post=732842"}],"version-history":[{"count":0,"href":"https:\/\/arantv.az\/index.php?rest_route=\/wp\/v2\/posts\/732842\/revisions"}],"wp:featuredmedia":[{"embeddable":true,"href":"https:\/\/arantv.az\/index.php?rest_route=\/wp\/v2\/media\/732843"}],"wp:attachment":[{"href":"https:\/\/arantv.az\/index.php?rest_route=%2Fwp%2Fv2%2Fmedia&parent=732842"}],"wp:term":[{"taxonomy":"category","embeddable":true,"href":"https:\/\/arantv.az\/index.php?rest_route=%2Fwp%2Fv2%2Fcategories&post=732842"},{"taxonomy":"post_tag","embeddable":true,"href":"https:\/\/arantv.az\/index.php?rest_route=%2Fwp%2Fv2%2Ftags&post=732842"}],"curies":[{"name":"wp","href":"https:\/\/api.w.org\/{rel}","templated":true}]}}