{"id":732999,"date":"2024-06-28T09:34:49","date_gmt":"2024-06-28T05:34:49","guid":{"rendered":"https:\/\/arantv.az\/?p=732999"},"modified":"2024-06-28T09:34:49","modified_gmt":"2024-06-28T05:34:49","slug":"s%c9%99hid-atasi-v%c9%99fat-etdi-2","status":"publish","type":"post","link":"https:\/\/arantv.az\/?p=732999","title":{"rendered":"\u015e\u0259hid atas\u0131 v\u0259fat etdi"},"content":{"rendered":"<div class=\"post-detail-content-inner resize-area\">\n<p>V\u0259t\u0259n m\u00fcharib\u0259si \u015f\u0259hidi Fariz H\u00fcseynlinin atas\u0131 Dada\u015f H\u00fcseynov 62 ya\u015f\u0131nda v\u0259fat edib.<\/p>\n<p><strong>ARANTV.AZ <\/strong>\u00a0x\u0259b\u0259r verir ki, \u015f\u0259hid atas\u0131 uzuns\u00fcr\u0259n x\u0259st\u0259likd\u0259n d\u00fcnyas\u0131n\u0131 d\u0259yi\u015fib.<\/p>\n<p>M\u0259rhum o\u011flunun d\u0259fn edildiyi \u018fsg\u0259rabad k\u0259nd q\u0259biristanl\u0131\u011f\u0131nda torpa\u011fa tap\u015f\u0131r\u0131l\u0131b.<\/p>\n<p>Qeyd ed\u0259k ki, V\u0259t\u0259n m\u00fcharib\u0259si \u015f\u0259hidi, \u0259sg\u0259r Fariz H\u00fcseynli<strong>\u00a0<\/strong>1994-c\u00fc ild\u0259 Bil\u0259suvar rayonunun \u018fsg\u0259rabad k\u0259ndind\u0259 anadan olub.<\/p>\n<p>O, T\u0259rt\u0259rin Tal\u0131\u015f k\u0259ndi, La\u00e7\u0131n v\u0259 F\u00fczuli rayonlar\u0131 istiqam\u0259tind\u0259 d\u00f6y\u00fc\u015f\u00fcb. \u00d6l\u00fcm\u00fcnd\u0259n sonra &#8220;V\u0259t\u0259n u\u011frunda&#8221;, &#8220;La\u00e7\u0131n\u0131n azad olunmas\u0131na g\u00f6r\u0259&#8221; medallar\u0131 il\u0259 t\u0259ltif olunub.<\/p>\n<p>Ail\u0259li olub. V\u0259t\u0259n\u0259 yadigar iki \u00f6vlad\u0131 var.<\/p>\n<p><img loading=\"lazy\" class=\"inner-photo\" src=\"https:\/\/images.oxu.az\/2024\/06\/28\/e2GldIEPFKXRgy1RAbGA2DP2U7w0hW04KRgS3wpC:640.jpg\" alt=\"\" width=\"640\" height=\"428\" \/><\/p>\n<\/div>\n<div class=\"tag-area tag-area-slide tag-area--slider\">\n<div class=\"swiper swiper-initialized swiper-horizontal swiper-pointer-events swiper-free-mode swiper-watch-progress swiper-backface-hidden\">\n<div id=\"swiper-wrapper-2e3bfe1211b14640\" class=\"swiper-wrapper\" aria-live=\"polite\">\n<div class=\"swiper-slide swiper-slide-visible swiper-slide-active\" role=\"group\" aria-label=\"1 \/ 3\">\n<div class=\"tag-item\"><\/div>\n<\/div>\n<\/div>\n<\/div>\n<\/div>\n","protected":false},"excerpt":{"rendered":"<p>V\u0259t\u0259n m\u00fcharib\u0259si \u015f\u0259hidi Fariz H\u00fcseynlinin atas\u0131 Dada\u015f H\u00fcseynov 62 ya\u015f\u0131nda v\u0259fat edib. ARANTV.AZ \u00a0x\u0259b\u0259r verir ki, \u015f\u0259hid atas\u0131 uzuns\u00fcr\u0259n x\u0259st\u0259likd\u0259n d\u00fcnyas\u0131n\u0131 d\u0259yi\u015fib. M\u0259rhum o\u011flunun d\u0259fn edildiyi \u018fsg\u0259rabad k\u0259nd q\u0259biristanl\u0131\u011f\u0131nda torpa\u011fa tap\u015f\u0131r\u0131l\u0131b. Qeyd ed\u0259k ki, V\u0259t\u0259n m\u00fcharib\u0259si \u015f\u0259hidi, \u0259sg\u0259r Fariz H\u00fcseynli\u00a01994-c\u00fc ild\u0259 Bil\u0259suvar rayonunun \u018fsg\u0259rabad k\u0259ndind\u0259 anadan olub. O, T\u0259rt\u0259rin Tal\u0131\u015f k\u0259ndi, La\u00e7\u0131n v\u0259 F\u00fczuli rayonlar\u0131 istiqam\u0259tind\u0259 d\u00f6y\u00fc\u015f\u00fcb. \u00d6l\u00fcm\u00fcnd\u0259n sonra &#8220;V\u0259t\u0259n u\u011frunda&#8221;, &#8220;La\u00e7\u0131n\u0131n azad olunmas\u0131na g\u00f6r\u0259&#8221; medallar\u0131 il\u0259 t\u0259ltif olunub. Ail\u0259li olub. V\u0259t\u0259n\u0259 yadigar iki \u00f6vlad\u0131 var.<\/p>\n","protected":false},"author":2,"featured_media":733000,"comment_status":"closed","ping_status":"closed","sticky":false,"template":"","format":"standard","meta":{"om_disable_all_campaigns":false,"_monsterinsights_skip_tracking":false,"_monsterinsights_sitenote_active":false,"_monsterinsights_sitenote_note":"","_monsterinsights_sitenote_category":0},"categories":[1],"tags":[],"aioseo_notices":[],"gutentor_comment":0,"rttpg_featured_image_url":{"full":["https:\/\/arantv.az\/wp-content\/uploads\/2024\/06\/thumbnail_IMG-20240627-WA0072.jpg",637,400,false],"landscape":["https:\/\/arantv.az\/wp-content\/uploads\/2024\/06\/thumbnail_IMG-20240627-WA0072.jpg",637,400,false],"portraits":["https:\/\/arantv.az\/wp-content\/uploads\/2024\/06\/thumbnail_IMG-20240627-WA0072.jpg",637,400,false],"thumbnail":["https:\/\/arantv.az\/wp-content\/uploads\/2024\/06\/thumbnail_IMG-20240627-WA0072-500x280.jpg",500,280,true],"medium":["https:\/\/arantv.az\/wp-content\/uploads\/2024\/06\/thumbnail_IMG-20240627-WA0072-581x365.jpg",581,365,true],"large":["https:\/\/arantv.az\/wp-content\/uploads\/2024\/06\/thumbnail_IMG-20240627-WA0072.jpg",637,400,false],"1536x1536":["https:\/\/arantv.az\/wp-content\/uploads\/2024\/06\/thumbnail_IMG-20240627-WA0072.jpg",637,400,false],"2048x2048":["https:\/\/arantv.az\/wp-content\/uploads\/2024\/06\/thumbnail_IMG-20240627-WA0072.jpg",637,400,false],"post-thumbnail":["https:\/\/arantv.az\/wp-content\/uploads\/2024\/06\/thumbnail_IMG-20240627-WA0072-240x172.jpg",240,172,true],"advps-thumb-one":["https:\/\/arantv.az\/wp-content\/uploads\/2024\/06\/thumbnail_IMG-20240627-WA0072.jpg",637,400,false]},"rttpg_author":{"display_name":"V\u00fcsal Rafiqo\u011flu","author_link":"https:\/\/arantv.az\/?author=2"},"rttpg_comment":0,"rttpg_category":"<a href=\"https:\/\/arantv.az\/?cat=1\" rel=\"category\">C\u0259miyy\u0259t<\/a>","rttpg_excerpt":"V\u0259t\u0259n m\u00fcharib\u0259si \u015f\u0259hidi Fariz H\u00fcseynlinin atas\u0131 Dada\u015f H\u00fcseynov 62 ya\u015f\u0131nda v\u0259fat edib. ARANTV.AZ \u00a0x\u0259b\u0259r verir ki, \u015f\u0259hid atas\u0131 uzuns\u00fcr\u0259n x\u0259st\u0259likd\u0259n d\u00fcnyas\u0131n\u0131 d\u0259yi\u015fib. M\u0259rhum o\u011flunun d\u0259fn edildiyi \u018fsg\u0259rabad k\u0259nd q\u0259biristanl\u0131\u011f\u0131nda torpa\u011fa tap\u015f\u0131r\u0131l\u0131b. Qeyd ed\u0259k ki, V\u0259t\u0259n m\u00fcharib\u0259si \u015f\u0259hidi, \u0259sg\u0259r Fariz H\u00fcseynli\u00a01994-c\u00fc ild\u0259 Bil\u0259suvar rayonunun \u018fsg\u0259rabad k\u0259ndind\u0259 anadan olub. O, T\u0259rt\u0259rin Tal\u0131\u015f k\u0259ndi, La\u00e7\u0131n v\u0259 F\u00fczuli rayonlar\u0131&hellip;","_links":{"self":[{"href":"https:\/\/arantv.az\/index.php?rest_route=\/wp\/v2\/posts\/732999"}],"collection":[{"href":"https:\/\/arantv.az\/index.php?rest_route=\/wp\/v2\/posts"}],"about":[{"href":"https:\/\/arantv.az\/index.php?rest_route=\/wp\/v2\/types\/post"}],"author":[{"embeddable":true,"href":"https:\/\/arantv.az\/index.php?rest_route=\/wp\/v2\/users\/2"}],"replies":[{"embeddable":true,"href":"https:\/\/arantv.az\/index.php?rest_route=%2Fwp%2Fv2%2Fcomments&post=732999"}],"version-history":[{"count":0,"href":"https:\/\/arantv.az\/index.php?rest_route=\/wp\/v2\/posts\/732999\/revisions"}],"wp:featuredmedia":[{"embeddable":true,"href":"https:\/\/arantv.az\/index.php?rest_route=\/wp\/v2\/media\/733000"}],"wp:attachment":[{"href":"https:\/\/arantv.az\/index.php?rest_route=%2Fwp%2Fv2%2Fmedia&parent=732999"}],"wp:term":[{"taxonomy":"category","embeddable":true,"href":"https:\/\/arantv.az\/index.php?rest_route=%2Fwp%2Fv2%2Fcategories&post=732999"},{"taxonomy":"post_tag","embeddable":true,"href":"https:\/\/arantv.az\/index.php?rest_route=%2Fwp%2Fv2%2Ftags&post=732999"}],"curies":[{"name":"wp","href":"https:\/\/api.w.org\/{rel}","templated":true}]}}