{"id":733006,"date":"2024-06-28T09:38:35","date_gmt":"2024-06-28T05:38:35","guid":{"rendered":"https:\/\/arantv.az\/?p=733006"},"modified":"2024-06-28T09:38:35","modified_gmt":"2024-06-28T05:38:35","slug":"fransa-bmt-hesabatinda-t%c9%99nqid-edildi-polineziya-v%c9%99-yeni-kaledoniyaya-gor%c9%99","status":"publish","type":"post","link":"https:\/\/arantv.az\/?p=733006","title":{"rendered":"Fransa BMT hesabat\u0131nda t\u0259nqid edildi &#8211; Polineziya v\u0259 Yeni Kaledoniyaya g\u00f6r\u0259"},"content":{"rendered":"<p><strong>Birl\u0259\u015fmi\u015f Mill\u0259tl\u0259r T\u0259\u015fkilat\u0131n\u0131n (BMT) Dekolonizasiya \u00fczr\u0259 X\u00fcsusi Komit\u0259sinin (C-24) Venesuelada bu ilin 14-16 may tarixl\u0259rind\u0259 t\u0259\u015fkil etdiyi regional t\u0259dbirin yekun hesabat\u0131 Komit\u0259nin iyunun 21-d\u0259 Nyu-Yorkda ke\u00e7iril\u0259n iclas\u0131nda q\u0259bul edilib.<\/strong><\/p>\n<p>Hesabatda Az\u0259rbaycanla ba\u011fl\u0131 b\u0259zi m\u0259qamlar \u00f6z \u0259ksini tap\u0131b.<\/p>\n<p>\u0130\u015ftirak ed\u0259n \u00fczvl\u0259r Az\u0259rbaycan h\u00f6kum\u0259tinin 2025-ci ild\u0259 \u00f6z \u00f6lk\u0259sind\u0259 X\u00fcsusi Komit\u0259nin regional seminar\u0131n\u0131n ke\u00e7irilm\u0259si t\u0259klifini n\u0259z\u0259r\u0259 al\u0131blar. X\u00fcsusi Komit\u0259nin i\u015ftirak ed\u0259n \u00fczvl\u0259ri yekun \u015f\u0259rhl\u0259rind\u0259 X\u00fcsusi Komit\u0259nin \u00fczv\u00fc olmayan BMT-y\u0259 \u00fczv olan dig\u0259r d\u00f6vl\u0259tl\u0259rin komit\u0259nin i\u015find\u0259 f\u0259al i\u015ftirak\u0131n\u0131n vacibliyini q\u0259bul edibl\u0259r v\u0259 bununla \u0259laq\u0259dar Az\u0259rbaycan\u0131n seminarda i\u015ftirak\u0131n\u0131 alq\u0131\u015flay\u0131blar.<\/p>\n<p>Hesabatda Frans\u0131z Polineziyas\u0131 v\u0259 Yeni Kaledoniya il\u0259 ba\u011fl\u0131 X\u00fcsusi Komit\u0259nin i\u015ftirak ed\u0259n \u00fczvl\u0259ri BMT Nizamnam\u0259sinin 73-c\u00fc madd\u0259sinin \u201ce\u201d m\u00fcdd\u0259as\u0131na uy\u011fun olaraq Fransan\u0131n \u0259razi haqq\u0131nda m\u0259lumat verm\u0259m\u0259si il\u0259 ba\u011fl\u0131 Komit\u0259nin narahatl\u0131\u011f\u0131n\u0131 b\u00f6l\u00fc\u015f\u0259r\u0259k, \u0259razid\u0259ki v\u0259ziyy\u0259t bar\u0259d\u0259 \u0259h\u0259miyy\u0259tli v\u0259 etibarl\u0131 m\u0259lumatlar\u0131n al\u0131nmas\u0131n\u0131n vacibliyini vur\u011fulay\u0131blar. Ah\u0259ngdar sosial-iqtisadi inki\u015faf\u0131n t\u0259min edilm\u0259si, t\u0259bii s\u0259rv\u0259tl\u0259r\u0259 sahiblik, n\u00fcv\u0259 s\u0131naqlar\u0131n\u0131n n\u0259tic\u0259l\u0259rin\u0259 dair yenil\u0259nmi\u015f dialoq z\u0259ruriliyi haqq\u0131nda b\u0259yanat\u0131 qeyd edilib.<\/p>\n<p>Assambleya (Frans\u0131z Polineziyas\u0131) s\u0259drinin Assambleya \u00e7\u0259r\u00e7iv\u0259sind\u0259 Dekolonizasiya \u00fczr\u0259 x\u00fcsusi Komit\u0259nin yarad\u0131lmas\u0131, yerli ictimaiyy\u0259tin dekolonizasiya il\u0259 ba\u011fl\u0131 m\u0259lumatl\u0131l\u0131\u011f\u0131n\u0131 art\u0131rmaq \u00fc\u00e7\u00fcn siyasi maarifl\u0259ndirm\u0259 proqram\u0131n\u0131n h\u0259yata ke\u00e7irilm\u0259sin\u0259 ba\u015flanmas\u0131 bar\u0259d\u0259 b\u0259yanat\u0131n\u0131, habel\u0259 onun 2024-c\u00fc ild\u0259 s\u0259yyar missiyan\u0131n g\u00f6nd\u0259rilm\u0259sin\u0259 dair \u00e7a\u011f\u0131r\u0131\u015f\u0131n\u0131 n\u0259z\u0259r\u0259 al\u0131blar. Ekspertin m\u00f6vzu il\u0259 \u0259laq\u0259dar Fransa siyas\u0259tinin ziddiyy\u0259tli xarakter da\u015f\u0131d\u0131\u011f\u0131 v\u0259 X\u00fcsusi Komit\u0259 t\u0259r\u0259find\u0259n \u0259raziy\u0259 s\u0259f\u0259rin t\u0259\u015fkil edilm\u0259sinin t\u0259cili olmas\u0131 il\u0259 ba\u011fl\u0131 b\u0259yanat\u0131 n\u0259z\u0259r\u0259 al\u0131n\u0131b.<\/p>\n<p>Kanak v\u0259 Sosialist Milli Azadl\u0131q C\u0259bh\u0259si (FLNKS) n\u00fcmay\u0259nd\u0259sinin \u0259razid\u0259ki g\u0259rgin siyasi v\u0259ziyy\u0259tin, Fransan\u0131n birt\u0259r\u0259fli qaydada se\u00e7ici siyah\u0131lar\u0131n\u0131 a\u00e7mas\u0131n\u0131n n\u0259tic\u0259si oldu\u011funu, bununla da, kanak xalq\u0131n\u0131n diqq\u0259td\u0259n k\u0259narda qald\u0131\u011f\u0131n\u0131 hiss etm\u0259sin\u0259 v\u0259 son bir ne\u00e7\u0259 ild\u0259 \u0259ld\u0259 edil\u0259n m\u00fcsb\u0259t ir\u0259lil\u0259yi\u015fin \u00fcst\u00fcnd\u0259n x\u0259tt \u00e7\u0259km\u0259sin\u0259 dair a\u00e7\u0131qlamas\u0131na, beyn\u0259lxalq vasit\u0259\u00e7ilik missiyas\u0131n\u0131n t\u0259cili g\u00f6nd\u0259rilm\u0259si xahi\u015fin\u0259 diqq\u0259t yetirilib.<\/p>\n<p>Yeni Kaledoniyan\u0131n \u00f6z\u00fcn\u00fc idar\u0259 etm\u0259y\u0259n \u0259razi siyah\u0131s\u0131nda olmas\u0131n\u0131n qorundu\u011fu v\u0259 bu siyah\u0131da saxlan\u0131laca\u011f\u0131 bar\u0259d\u0259 a\u00e7\u0131qlama qeyd edilib. Ad\u0131\u00e7\u0259kil\u0259n b\u00f6lg\u0259d\u0259 cari v\u0259ziyy\u0259tl\u0259 ba\u011fl\u0131 d\u0259rin narahatl\u0131q ifad\u0259 edilib.<\/p>\n<p>Qeyd ed\u0259k ki, iyunun 21-d\u0259 Bak\u0131 T\u0259\u015f\u0259bb\u00fcs Qrupunun t\u0259\u015fkilat\u00e7\u0131l\u0131\u011f\u0131 il\u0259 BMT-nin Nyu-Yorkdak\u0131 Ba\u015f Q\u0259rargah\u0131nda \u201cM\u00fcst\u0259qillik v\u0259 fundamental azadl\u0131qlara do\u011fru: m\u00fcst\u0259ml\u0259ki\u00e7iliy\u0259 son qoyulmas\u0131nda C-24 komit\u0259sinin rolu\u201d m\u00f6vzusunda ke\u00e7iril\u0259n beyn\u0259lxalq konfransda kolonial \u00f6lk\u0259 olan Fransan\u0131n Yeni Kaledoniya, Korsika v\u0259 Martinikd\u0259 zorak\u0131l\u0131qlar\u0131n\u0131 pisl\u0259nilib.<\/p>\n<div class=\"news-image\">\n<div class=\"image\"><img src=\"https:\/\/static.report.az\/photo\/23de1600-cdf9-32a6-815d-bad90ca8b179.jpg\" alt=\"\" \/><img loading=\"lazy\" src=\"https:\/\/cdn.musavat.com\/news\/thumbnails\/1b9f9b95a2f012c1d03d6ea0742cd533.jpg\" alt=\"KALED.jpg (130 KB)\" width=\"700\" height=\"467\" \/><\/div>\n<\/div>\n<p>BMT-nin m\u00fcst\u0259ml\u0259k\u0259 alt\u0131nda olan \u00f6lk\u0259l\u0259r v\u0259 xalqlara m\u00fcst\u0259qillik verilm\u0259si haqq\u0131nda b\u0259yannam\u0259nin icras\u0131 il\u0259 ba\u011fl\u0131 yarad\u0131lm\u0131\u015f x\u00fcsusi Komit\u0259 &#8211; C24-\u00fcn illik iclas\u0131 \u00e7\u0259r\u00e7iv\u0259sind\u0259 ba\u015f tutan t\u0259dbird\u0259 Frans\u0131z Polineziyas\u0131n\u0131n hakim Tavini Partiyas\u0131n\u0131n siyasi m\u0259s\u0259l\u0259l\u0259r \u00fczr\u0259 direktoru Richard Tuheiava, el\u0259c\u0259 d\u0259 Saint-Martin, Korsika, Martinik, Frans\u0131z Qvianas\u0131, Qvadelupe v\u0259 Bonayred\u0259n olan m\u00fcst\u0259qillik h\u0259r\u0259kat\u0131 \u00fczvl\u0259ri onlar\u0131 m\u00fcst\u0259ml\u0259k\u0259 alt\u0131nda saxlayan Fransa v\u0259 Niderland h\u00f6kum\u0259tl\u0259rinin bu \u0259razil\u0259rd\u0259 h\u0259yata ke\u00e7irdiyi kolonial siyas\u0259t, habel\u0259 \u0259razinin sahibi olan yerli xalqlar\u0131n fundamental h\u00fcquqlar\u0131n\u0131n kobud \u015f\u0259kild\u0259 pozulmas\u0131, t\u0259bii s\u0259rv\u0259tl\u0259rinin qanunsuz talan edilm\u0259si v\u0259 beyn\u0259lxalq \u00f6hd\u0259lik\u0259ri yerin\u0259 yetirm\u0259m\u0259si haqq\u0131nda \u0259trafl\u0131 m\u0259lumat veribl\u0259r v\u0259 yerli xalqlar\u0131n t\u0259l\u0259bl\u0259rin\u0259 m\u0259h\u0259l qoymayaraq, h\u0259l\u0259 d\u0259 m\u00fcst\u0259ml\u0259k\u0259\u00e7ilik siyas\u0259tini davam etdirm\u0259sini s\u0259rt \u015f\u0259kild\u0259 q\u0131nay\u0131blar.<\/p>\n<p>\u0130\u015ftirak\u00e7\u0131lar t\u0259msil etdikl\u0259ri xalqlar\u0131n t\u0259l\u0259bl\u0259rini v\u0259 s\u0259sini d\u00fcnya ictimaiyy\u0259tin\u0259 \u00e7atd\u0131ran Az\u0259rbaycana d\u0259rin minn\u0259tdarl\u0131q ifad\u0259 edibl\u0259r v\u0259 beyn\u0259lxalq platforma rolunu oynayan Bak\u0131 T\u0259\u015f\u0259bb\u00fcs Qrupunun d\u0259st\u0259yi il\u0259 m\u00fcst\u0259qilliyin uzaqda olmad\u0131\u011f\u0131na inam ifad\u0259 edibl\u0259r.<\/p>\n<div class=\"news-image\">\n<div class=\"image\"><img loading=\"lazy\" src=\"https:\/\/cdn.musavat.com\/news\/thumbnails\/a1488d86ae8f6ae9cda879fc7170ce2a.jpg\" alt=\"\u0130FADE.jpg (67 KB)\" width=\"700\" height=\"436\" \/><img src=\"https:\/\/static.report.az\/photo\/4e27c21b-75a7-3302-aede-87adda188ade.jpg\" alt=\"\" \/><\/div>\n<\/div>\n<p>Qeyd ed\u0259k ki, iyunun 24-d\u0259 is\u0259 Z\u0259ngilan rayonunda &#8220;Az\u0259rbaycan qeyri-h\u00f6kum\u0259t t\u0259\u015fkilatlar\u0131 n\u0259tic\u0259l\u0259r v\u0259 h\u0259d\u0259fl\u0259r&#8221; m\u00f6vzusunda panel m\u00fczakir\u0259d\u0259 &#8220;Bak\u0131 T\u0259\u015f\u0259bb\u00fcs Qrupu&#8221; \u0130ctimai Birliyinin s\u0259dri Abbas Abbasov Az\u0259rbaycan\u0131n neokolonializml\u0259 m\u00fcbariz\u0259sin\u0259 toxunub. O r\u0259smi Bak\u0131n\u0131n bundan sonra da dekolonizasiya t\u0259\u015f\u0259bb\u00fcsl\u0259rini d\u0259st\u0259kl\u0259y\u0259c\u0259yini vur\u011fulay\u0131b:&#8221;\u00d6lk\u0259miz \u00f6z siyas\u0259tini davam etdir\u0259r\u0259k, m\u00fcasir kolonializm\u0259 qar\u015f\u0131 m\u00fcbariz\u0259y\u0259 d\u0259st\u0259k ver\u0259c\u0259k, bununla \u0259laq\u0259dar daha \u00e7ox add\u0131mlar atacaq. &#8220;Bak\u0131 T\u0259\u015f\u0259bb\u00fcs Qrupu&#8221; da m\u0259hz bu istiqam\u0259td\u0259 beyn\u0259lxalq s\u0259viyy\u0259d\u0259 aktivliyini davam etdir\u0259c\u0259k&#8221;.<\/p>\n<p>Bu m\u0259s\u0259l\u0259y\u0259 Rusiya Xarici \u0130\u015fl\u0259r Nazirliyi d\u0259 yer ay\u0131r\u0131b. X\u0130N iyunun 26-da Fransa hakimiyy\u0259tini Yeni Kaledoniyada siyasi f\u0259allar\u0131n fundamental h\u00fcquq v\u0259 azadl\u0131qlar\u0131n\u0131 t\u0259min etm\u0259y\u0259 \u00e7a\u011f\u0131r\u0131\u015f edib. X\u0130N-in r\u0259smi n\u00fcmay\u0259nd\u0259si Mariya Zaxarovan\u0131n \u015f\u0259rhind\u0259 deyilir ki, \u201cbiz Fransa hakimiyy\u0259tini Yeni Kaledoniyada siyasi f\u0259allar\u0131n, el\u0259c\u0259 d\u0259 bu arxipelaq\u0131n metropolun bax\u0131ms\u0131zl\u0131\u011f\u0131ndan v\u0259 m\u00fcst\u0259ml\u0259k\u0259 ke\u00e7mi\u015finin ayd\u0131n izl\u0259rini da\u015f\u0131yan frans\u0131z \u201c\u0259dal\u0259tinin\u201d h\u0259r\u0259k\u0259tl\u0259rind\u0259n \u0259ziyy\u0259t \u00e7\u0259k\u0259n b\u00fct\u00fcn sakinl\u0259rinin fundamental h\u00fcquq v\u0259 azadl\u0131qlar\u0131n\u0131 t\u0259min etm\u0259y\u0259 \u00e7a\u011f\u0131r\u0131r\u0131q\u201d.<\/p>\n<div class=\"news-image\">\n<div class=\"image\"><img src=\"https:\/\/static.report.az\/photo\/e69f97c3-d223-39b5-a0a0-87e72042942f.jpg\" alt=\"\" \/><img loading=\"lazy\" src=\"https:\/\/cdn.musavat.com\/news\/thumbnails\/54bd069691579541a94c068e8cab5a08.jpg\" alt=\"TEM\u0130N.jpg (82 KB)\" width=\"700\" height=\"394\" \/><\/div>\n<\/div>\n<p>M. Zaxarova xat\u0131rlad\u0131b ki, Yeni Kaledoniyan\u0131n milli-azadl\u0131q h\u0259r\u0259kat\u0131n\u0131n 11 tan\u0131nm\u0131\u015f f\u0259al\u0131, o c\u00fcml\u0259d\u0259n Kaledoniya \u0130ttifaq\u0131 Partiyas\u0131n\u0131n prezidenti Ten Kristian d\u0259 bu g\u00fcnl\u0259rd\u0259 saxlan\u0131l\u0131b v\u0259 h\u0259bs edilib. \u201cOnlar\u0131n \u0259ks\u0259riyy\u0259ti yerli sakinl\u0259rin etirazlar\u0131na baxmayaraq, \u00f6z evl\u0259rind\u0259n 17 min km uzaql\u0131qdak\u0131 metropolis\u0259 apar\u0131l\u0131b. Paris h\u0259bsd\u0259 olan Kanaklara qar\u015f\u0131 bir s\u0131ra \u201cittihamlar\u201d ir\u0259li s\u00fcr\u00fcr. O c\u00fcml\u0259d\u0259n m\u00fct\u0259\u015f\u0259kkil d\u0259st\u0259nin t\u0259rkibind\u0259 cinay\u0259tl\u0259rin planla\u015fd\u0131r\u0131lmas\u0131 v\u0259 t\u0259hrik edilm\u0259si, h\u00fcquq-m\u00fchafiz\u0259 orqanlar\u0131n\u0131n \u0259m\u0259kda\u015flar\u0131n\u0131 \u00f6ld\u00fcrm\u0259y\u0259 c\u0259hd v\u0259 s\u201d.<\/p>\n<p>Diplomat qeyd edib ki, saxlan\u0131lanlar aras\u0131nda Kanak Milli Azadl\u0131q H\u0259r\u0259kat\u0131n\u0131n tan\u0131nm\u0131\u015f siyasi xadiml\u0259ri d\u0259 var: \u201cKanak f\u0259allar\u0131n\u0131n h\u0259bsl\u0259ri v\u0259 Yeni Kaledoniyadan zorla \u00e7\u0131xar\u0131lmas\u0131 arxipelaqda g\u0259rginliyin yeni m\u0259rh\u0259l\u0259sin\u0259 s\u0259b\u0259b olub v\u0259 regionda onsuz da \u00e7\u0259tin olan siyasi v\u0259ziyy\u0259ti daha da q\u0259lizl\u0259\u015fdirib. Biz ondan \u00e7\u0131x\u0131\u015f edirik ki, Yeni Kaledoniyada m\u00f6vcud ictimai-siyasi b\u00f6hran onun dekolonizasiya prosesinin tam olmamas\u0131n\u0131n n\u0259tic\u0259sidir\u201d.<\/p>\n","protected":false},"excerpt":{"rendered":"<p>Birl\u0259\u015fmi\u015f Mill\u0259tl\u0259r T\u0259\u015fkilat\u0131n\u0131n (BMT) Dekolonizasiya \u00fczr\u0259 X\u00fcsusi Komit\u0259sinin (C-24) Venesuelada bu ilin 14-16 may tarixl\u0259rind\u0259 t\u0259\u015fkil etdiyi regional t\u0259dbirin yekun hesabat\u0131 Komit\u0259nin iyunun 21-d\u0259 Nyu-Yorkda ke\u00e7iril\u0259n iclas\u0131nda q\u0259bul edilib. Hesabatda Az\u0259rbaycanla ba\u011fl\u0131 b\u0259zi m\u0259qamlar \u00f6z \u0259ksini tap\u0131b. \u0130\u015ftirak ed\u0259n \u00fczvl\u0259r Az\u0259rbaycan h\u00f6kum\u0259tinin 2025-ci ild\u0259 \u00f6z \u00f6lk\u0259sind\u0259 X\u00fcsusi Komit\u0259nin regional seminar\u0131n\u0131n ke\u00e7irilm\u0259si t\u0259klifini n\u0259z\u0259r\u0259 al\u0131blar. X\u00fcsusi Komit\u0259nin i\u015ftirak ed\u0259n \u00fczvl\u0259ri yekun \u015f\u0259rhl\u0259rind\u0259 X\u00fcsusi Komit\u0259nin \u00fczv\u00fc olmayan BMT-y\u0259 \u00fczv olan dig\u0259r d\u00f6vl\u0259tl\u0259rin komit\u0259nin i\u015find\u0259 f\u0259al i\u015ftirak\u0131n\u0131n vacibliyini q\u0259bul edibl\u0259r v\u0259 bununla \u0259laq\u0259dar Az\u0259rbaycan\u0131n seminarda i\u015ftirak\u0131n\u0131 alq\u0131\u015flay\u0131blar. Hesabatda Frans\u0131z Polineziyas\u0131 v\u0259 Yeni Kaledoniya&hellip;<\/p>\n","protected":false},"author":2,"featured_media":733007,"comment_status":"closed","ping_status":"closed","sticky":false,"template":"","format":"standard","meta":{"om_disable_all_campaigns":false,"_monsterinsights_skip_tracking":false,"_monsterinsights_sitenote_active":false,"_monsterinsights_sitenote_note":"","_monsterinsights_sitenote_category":0},"categories":[7],"tags":[],"aioseo_notices":[],"gutentor_comment":0,"rttpg_featured_image_url":{"full":["https:\/\/arantv.az\/wp-content\/uploads\/2024\/06\/887c87a9035206315ff6d3533dffacc4.jpg",850,500,false],"landscape":["https:\/\/arantv.az\/wp-content\/uploads\/2024\/06\/887c87a9035206315ff6d3533dffacc4.jpg",850,500,false],"portraits":["https:\/\/arantv.az\/wp-content\/uploads\/2024\/06\/887c87a9035206315ff6d3533dffacc4.jpg",850,500,false],"thumbnail":["https:\/\/arantv.az\/wp-content\/uploads\/2024\/06\/887c87a9035206315ff6d3533dffacc4-500x280.jpg",500,280,true],"medium":["https:\/\/arantv.az\/wp-content\/uploads\/2024\/06\/887c87a9035206315ff6d3533dffacc4-621x365.jpg",621,365,true],"large":["https:\/\/arantv.az\/wp-content\/uploads\/2024\/06\/887c87a9035206315ff6d3533dffacc4-840x494.jpg",640,376,true],"1536x1536":["https:\/\/arantv.az\/wp-content\/uploads\/2024\/06\/887c87a9035206315ff6d3533dffacc4.jpg",850,500,false],"2048x2048":["https:\/\/arantv.az\/wp-content\/uploads\/2024\/06\/887c87a9035206315ff6d3533dffacc4.jpg",850,500,false],"post-thumbnail":["https:\/\/arantv.az\/wp-content\/uploads\/2024\/06\/887c87a9035206315ff6d3533dffacc4-240x172.jpg",240,172,true],"advps-thumb-one":["https:\/\/arantv.az\/wp-content\/uploads\/2024\/06\/887c87a9035206315ff6d3533dffacc4.jpg",850,500,false]},"rttpg_author":{"display_name":"V\u00fcsal Rafiqo\u011flu","author_link":"https:\/\/arantv.az\/?author=2"},"rttpg_comment":0,"rttpg_category":"<a href=\"https:\/\/arantv.az\/?cat=7\" rel=\"category\">D\u00fcnya<\/a>","rttpg_excerpt":"Birl\u0259\u015fmi\u015f Mill\u0259tl\u0259r T\u0259\u015fkilat\u0131n\u0131n (BMT) Dekolonizasiya \u00fczr\u0259 X\u00fcsusi Komit\u0259sinin (C-24) Venesuelada bu ilin 14-16 may tarixl\u0259rind\u0259 t\u0259\u015fkil etdiyi regional t\u0259dbirin yekun hesabat\u0131 Komit\u0259nin iyunun 21-d\u0259 Nyu-Yorkda ke\u00e7iril\u0259n iclas\u0131nda q\u0259bul edilib. Hesabatda Az\u0259rbaycanla ba\u011fl\u0131 b\u0259zi m\u0259qamlar \u00f6z \u0259ksini tap\u0131b. \u0130\u015ftirak ed\u0259n \u00fczvl\u0259r Az\u0259rbaycan h\u00f6kum\u0259tinin 2025-ci ild\u0259 \u00f6z \u00f6lk\u0259sind\u0259 X\u00fcsusi Komit\u0259nin regional seminar\u0131n\u0131n ke\u00e7irilm\u0259si t\u0259klifini n\u0259z\u0259r\u0259 al\u0131blar. X\u00fcsusi&hellip;","_links":{"self":[{"href":"https:\/\/arantv.az\/index.php?rest_route=\/wp\/v2\/posts\/733006"}],"collection":[{"href":"https:\/\/arantv.az\/index.php?rest_route=\/wp\/v2\/posts"}],"about":[{"href":"https:\/\/arantv.az\/index.php?rest_route=\/wp\/v2\/types\/post"}],"author":[{"embeddable":true,"href":"https:\/\/arantv.az\/index.php?rest_route=\/wp\/v2\/users\/2"}],"replies":[{"embeddable":true,"href":"https:\/\/arantv.az\/index.php?rest_route=%2Fwp%2Fv2%2Fcomments&post=733006"}],"version-history":[{"count":0,"href":"https:\/\/arantv.az\/index.php?rest_route=\/wp\/v2\/posts\/733006\/revisions"}],"wp:featuredmedia":[{"embeddable":true,"href":"https:\/\/arantv.az\/index.php?rest_route=\/wp\/v2\/media\/733007"}],"wp:attachment":[{"href":"https:\/\/arantv.az\/index.php?rest_route=%2Fwp%2Fv2%2Fmedia&parent=733006"}],"wp:term":[{"taxonomy":"category","embeddable":true,"href":"https:\/\/arantv.az\/index.php?rest_route=%2Fwp%2Fv2%2Fcategories&post=733006"},{"taxonomy":"post_tag","embeddable":true,"href":"https:\/\/arantv.az\/index.php?rest_route=%2Fwp%2Fv2%2Ftags&post=733006"}],"curies":[{"name":"wp","href":"https:\/\/api.w.org\/{rel}","templated":true}]}}