{"id":733013,"date":"2024-06-28T09:45:07","date_gmt":"2024-06-28T05:45:07","guid":{"rendered":"https:\/\/arantv.az\/?p=733013"},"modified":"2024-06-28T09:45:07","modified_gmt":"2024-06-28T05:45:07","slug":"mikayil-cabbarov-azad-edilmis-%c9%99razil%c9%99rd%c9%99-minl%c9%99rl%c9%99-is-yeri-yaradilib","status":"publish","type":"post","link":"https:\/\/arantv.az\/?p=733013","title":{"rendered":"Mikay\u0131l Cabbarov: &#8220;Azad edilmi\u015f \u0259razil\u0259rd\u0259 minl\u0259rl\u0259 i\u015f yeri yarad\u0131l\u0131b&#8221;"},"content":{"rendered":"<p>&#8220;A\u011fdam S\u0259naye Park\u0131 rezident say\u0131na g\u00f6r\u0259 \u00f6lk\u0259d\u0259 Sumqay\u0131t Kimya S\u0259naye Park\u0131ndan sonra ikincidir&#8221;.<\/p>\n<p>&#8220;Report&#8221; x\u0259b\u0259r verir ki, bunu iqtisadiyyat naziri Mikay\u0131l Cabbarov bu g\u00fcn \u015eu\u015fada ke\u00e7iril\u0259n &#8220;Sahibkarlar \u00fc\u00e7\u00fcn yeni imkanlar: Qaraba\u011f\u0131 birlikd\u0259 quraq&#8221; adl\u0131 t\u0259dbird\u0259 deyib.<\/p>\n<p>Onun s\u00f6zl\u0259rin\u0259 g\u00f6r\u0259, \u0259sas m\u0259qs\u0259d i\u015f\u011faldan azad edilmi\u015f \u0259razil\u0259rin b\u0259rpas\u0131 v\u0259 yenid\u0259n qurulmas\u0131d\u0131r:<\/p>\n<p>&#8220;Azad edilmi\u015f \u0259razil\u0259rd\u0259 minl\u0259rl\u0259 i\u015f yeri yarad\u0131l\u0131b v\u0259 bunun \u00e7ox hiss\u0259si \u00f6z\u0259l sektorun pay\u0131na d\u00fc\u015f\u00fcr&#8221;.<\/p>\n<p>Onun s\u00f6zl\u0259rin\u0259 g\u00f6r\u0259, azad edilmi\u015f \u0259razil\u0259rd\u0259 sahibkarlar \u00fc\u00e7\u00fcn g\u00fcz\u0259\u015ftl\u0259r t\u0259tbiq edilir.<\/p>\n","protected":false},"excerpt":{"rendered":"<p>&#8220;A\u011fdam S\u0259naye Park\u0131 rezident say\u0131na g\u00f6r\u0259 \u00f6lk\u0259d\u0259 Sumqay\u0131t Kimya S\u0259naye Park\u0131ndan sonra ikincidir&#8221;. &#8220;Report&#8221; x\u0259b\u0259r verir ki, bunu iqtisadiyyat naziri Mikay\u0131l Cabbarov bu g\u00fcn \u015eu\u015fada ke\u00e7iril\u0259n &#8220;Sahibkarlar \u00fc\u00e7\u00fcn yeni imkanlar: Qaraba\u011f\u0131 birlikd\u0259 quraq&#8221; adl\u0131 t\u0259dbird\u0259 deyib. Onun s\u00f6zl\u0259rin\u0259 g\u00f6r\u0259, \u0259sas m\u0259qs\u0259d i\u015f\u011faldan azad edilmi\u015f \u0259razil\u0259rin b\u0259rpas\u0131 v\u0259 yenid\u0259n qurulmas\u0131d\u0131r: &#8220;Azad edilmi\u015f \u0259razil\u0259rd\u0259 minl\u0259rl\u0259 i\u015f yeri yarad\u0131l\u0131b v\u0259 bunun \u00e7ox hiss\u0259si \u00f6z\u0259l sektorun pay\u0131na d\u00fc\u015f\u00fcr&#8221;. Onun s\u00f6zl\u0259rin\u0259 g\u00f6r\u0259, azad edilmi\u015f \u0259razil\u0259rd\u0259 sahibkarlar \u00fc\u00e7\u00fcn g\u00fcz\u0259\u015ftl\u0259r t\u0259tbiq edilir.<\/p>\n","protected":false},"author":2,"featured_media":733014,"comment_status":"closed","ping_status":"closed","sticky":false,"template":"","format":"standard","meta":{"om_disable_all_campaigns":false,"_monsterinsights_skip_tracking":false,"_monsterinsights_sitenote_active":false,"_monsterinsights_sitenote_note":"","_monsterinsights_sitenote_category":0},"categories":[19],"tags":[],"aioseo_notices":[],"gutentor_comment":0,"rttpg_featured_image_url":{"full":["https:\/\/arantv.az\/wp-content\/uploads\/2024\/06\/images-96.jpg",284,177,false],"landscape":["https:\/\/arantv.az\/wp-content\/uploads\/2024\/06\/images-96.jpg",284,177,false],"portraits":["https:\/\/arantv.az\/wp-content\/uploads\/2024\/06\/images-96.jpg",284,177,false],"thumbnail":["https:\/\/arantv.az\/wp-content\/uploads\/2024\/06\/images-96.jpg",284,177,false],"medium":["https:\/\/arantv.az\/wp-content\/uploads\/2024\/06\/images-96.jpg",284,177,false],"large":["https:\/\/arantv.az\/wp-content\/uploads\/2024\/06\/images-96.jpg",284,177,false],"1536x1536":["https:\/\/arantv.az\/wp-content\/uploads\/2024\/06\/images-96.jpg",284,177,false],"2048x2048":["https:\/\/arantv.az\/wp-content\/uploads\/2024\/06\/images-96.jpg",284,177,false],"post-thumbnail":["https:\/\/arantv.az\/wp-content\/uploads\/2024\/06\/images-96-240x172.jpg",240,172,true],"advps-thumb-one":["https:\/\/arantv.az\/wp-content\/uploads\/2024\/06\/images-96.jpg",284,177,false]},"rttpg_author":{"display_name":"V\u00fcsal Rafiqo\u011flu","author_link":"https:\/\/arantv.az\/?author=2"},"rttpg_comment":0,"rttpg_category":"<a href=\"https:\/\/arantv.az\/?cat=19\" rel=\"category\">G\u00fcnd\u0259m<\/a>","rttpg_excerpt":"&#8220;A\u011fdam S\u0259naye Park\u0131 rezident say\u0131na g\u00f6r\u0259 \u00f6lk\u0259d\u0259 Sumqay\u0131t Kimya S\u0259naye Park\u0131ndan sonra ikincidir&#8221;. &#8220;Report&#8221; x\u0259b\u0259r verir ki, bunu iqtisadiyyat naziri Mikay\u0131l Cabbarov bu g\u00fcn \u015eu\u015fada ke\u00e7iril\u0259n &#8220;Sahibkarlar \u00fc\u00e7\u00fcn yeni imkanlar: Qaraba\u011f\u0131 birlikd\u0259 quraq&#8221; adl\u0131 t\u0259dbird\u0259 deyib. Onun s\u00f6zl\u0259rin\u0259 g\u00f6r\u0259, \u0259sas m\u0259qs\u0259d i\u015f\u011faldan azad edilmi\u015f \u0259razil\u0259rin b\u0259rpas\u0131 v\u0259 yenid\u0259n qurulmas\u0131d\u0131r: &#8220;Azad edilmi\u015f \u0259razil\u0259rd\u0259 minl\u0259rl\u0259 i\u015f yeri&hellip;","_links":{"self":[{"href":"https:\/\/arantv.az\/index.php?rest_route=\/wp\/v2\/posts\/733013"}],"collection":[{"href":"https:\/\/arantv.az\/index.php?rest_route=\/wp\/v2\/posts"}],"about":[{"href":"https:\/\/arantv.az\/index.php?rest_route=\/wp\/v2\/types\/post"}],"author":[{"embeddable":true,"href":"https:\/\/arantv.az\/index.php?rest_route=\/wp\/v2\/users\/2"}],"replies":[{"embeddable":true,"href":"https:\/\/arantv.az\/index.php?rest_route=%2Fwp%2Fv2%2Fcomments&post=733013"}],"version-history":[{"count":0,"href":"https:\/\/arantv.az\/index.php?rest_route=\/wp\/v2\/posts\/733013\/revisions"}],"wp:featuredmedia":[{"embeddable":true,"href":"https:\/\/arantv.az\/index.php?rest_route=\/wp\/v2\/media\/733014"}],"wp:attachment":[{"href":"https:\/\/arantv.az\/index.php?rest_route=%2Fwp%2Fv2%2Fmedia&parent=733013"}],"wp:term":[{"taxonomy":"category","embeddable":true,"href":"https:\/\/arantv.az\/index.php?rest_route=%2Fwp%2Fv2%2Fcategories&post=733013"},{"taxonomy":"post_tag","embeddable":true,"href":"https:\/\/arantv.az\/index.php?rest_route=%2Fwp%2Fv2%2Ftags&post=733013"}],"curies":[{"name":"wp","href":"https:\/\/api.w.org\/{rel}","templated":true}]}}