{"id":733020,"date":"2024-06-28T09:47:26","date_gmt":"2024-06-28T05:47:26","guid":{"rendered":"https:\/\/arantv.az\/?p=733020"},"modified":"2024-06-28T09:47:26","modified_gmt":"2024-06-28T05:47:26","slug":"bmt-nin-bas-katibi-bakida-g%c9%99l%c9%99c%c9%99k","status":"publish","type":"post","link":"https:\/\/arantv.az\/?p=733020","title":{"rendered":"BMT-nin ba\u015f katibi Bak\u0131da g\u0259l\u0259c\u0259k"},"content":{"rendered":"<p>BMT-nin ba\u015f katibi Antonio Quterre\u015f BMT-nin \u0130qlim D\u0259yi\u015fikliyi \u00fczr\u0259 \u00c7\u0259r\u00e7iv\u0259 Konvensiyas\u0131n\u0131n (COP29) 29-cu T\u0259r\u0259fl\u0259r Konfrans\u0131nda i\u015ftirak etm\u0259k \u00fc\u00e7\u00fcn Bak\u0131ya g\u0259lm\u0259yi planla\u015fd\u0131r\u0131r.<\/p>\n<p><strong>ARANTV.AZ\u00a0 x\u0259b\u0259r verir ki, <\/strong>bu bar\u0259d\u0259 o, TASS-\u0131n ba\u015f direktorunun birinci m\u00fcavini Mixail Quzmanla m\u00fcsahib\u0259sind\u0259 deyib.<\/p>\n<p>Xat\u0131rladaq ki, COP29 2024-c\u00fc ilin noyabr\u0131nda Az\u0259rbaycan\u0131n paytaxt\u0131 Bak\u0131da ke\u00e7iril\u0259c\u0259k.<\/p>\n","protected":false},"excerpt":{"rendered":"<p>BMT-nin ba\u015f katibi Antonio Quterre\u015f BMT-nin \u0130qlim D\u0259yi\u015fikliyi \u00fczr\u0259 \u00c7\u0259r\u00e7iv\u0259 Konvensiyas\u0131n\u0131n (COP29) 29-cu T\u0259r\u0259fl\u0259r Konfrans\u0131nda i\u015ftirak etm\u0259k \u00fc\u00e7\u00fcn Bak\u0131ya g\u0259lm\u0259yi planla\u015fd\u0131r\u0131r. ARANTV.AZ\u00a0 x\u0259b\u0259r verir ki, bu bar\u0259d\u0259 o, TASS-\u0131n ba\u015f direktorunun birinci m\u00fcavini Mixail Quzmanla m\u00fcsahib\u0259sind\u0259 deyib. Xat\u0131rladaq ki, COP29 2024-c\u00fc ilin noyabr\u0131nda Az\u0259rbaycan\u0131n paytaxt\u0131 Bak\u0131da ke\u00e7iril\u0259c\u0259k.<\/p>\n","protected":false},"author":2,"featured_media":733021,"comment_status":"closed","ping_status":"closed","sticky":false,"template":"","format":"standard","meta":{"om_disable_all_campaigns":false,"_monsterinsights_skip_tracking":false,"_monsterinsights_sitenote_active":false,"_monsterinsights_sitenote_note":"","_monsterinsights_sitenote_category":0},"categories":[19],"tags":[],"aioseo_notices":[],"gutentor_comment":0,"rttpg_featured_image_url":{"full":["https:\/\/arantv.az\/wp-content\/uploads\/2024\/06\/1091660f17111909409350484491042834.jpg",975,540,false],"landscape":["https:\/\/arantv.az\/wp-content\/uploads\/2024\/06\/1091660f17111909409350484491042834.jpg",975,540,false],"portraits":["https:\/\/arantv.az\/wp-content\/uploads\/2024\/06\/1091660f17111909409350484491042834.jpg",975,540,false],"thumbnail":["https:\/\/arantv.az\/wp-content\/uploads\/2024\/06\/1091660f17111909409350484491042834-500x280.jpg",500,280,true],"medium":["https:\/\/arantv.az\/wp-content\/uploads\/2024\/06\/1091660f17111909409350484491042834-660x365.jpg",660,365,true],"large":["https:\/\/arantv.az\/wp-content\/uploads\/2024\/06\/1091660f17111909409350484491042834-840x465.jpg",640,354,true],"1536x1536":["https:\/\/arantv.az\/wp-content\/uploads\/2024\/06\/1091660f17111909409350484491042834.jpg",975,540,false],"2048x2048":["https:\/\/arantv.az\/wp-content\/uploads\/2024\/06\/1091660f17111909409350484491042834.jpg",975,540,false],"post-thumbnail":["https:\/\/arantv.az\/wp-content\/uploads\/2024\/06\/1091660f17111909409350484491042834-240x172.jpg",240,172,true],"advps-thumb-one":["https:\/\/arantv.az\/wp-content\/uploads\/2024\/06\/1091660f17111909409350484491042834.jpg",975,540,false]},"rttpg_author":{"display_name":"V\u00fcsal Rafiqo\u011flu","author_link":"https:\/\/arantv.az\/?author=2"},"rttpg_comment":0,"rttpg_category":"<a href=\"https:\/\/arantv.az\/?cat=19\" rel=\"category\">G\u00fcnd\u0259m<\/a>","rttpg_excerpt":"BMT-nin ba\u015f katibi Antonio Quterre\u015f BMT-nin \u0130qlim D\u0259yi\u015fikliyi \u00fczr\u0259 \u00c7\u0259r\u00e7iv\u0259 Konvensiyas\u0131n\u0131n (COP29) 29-cu T\u0259r\u0259fl\u0259r Konfrans\u0131nda i\u015ftirak etm\u0259k \u00fc\u00e7\u00fcn Bak\u0131ya g\u0259lm\u0259yi planla\u015fd\u0131r\u0131r. ARANTV.AZ\u00a0 x\u0259b\u0259r verir ki, bu bar\u0259d\u0259 o, TASS-\u0131n ba\u015f direktorunun birinci m\u00fcavini Mixail Quzmanla m\u00fcsahib\u0259sind\u0259 deyib. Xat\u0131rladaq ki, COP29 2024-c\u00fc ilin noyabr\u0131nda Az\u0259rbaycan\u0131n paytaxt\u0131 Bak\u0131da ke\u00e7iril\u0259c\u0259k.","_links":{"self":[{"href":"https:\/\/arantv.az\/index.php?rest_route=\/wp\/v2\/posts\/733020"}],"collection":[{"href":"https:\/\/arantv.az\/index.php?rest_route=\/wp\/v2\/posts"}],"about":[{"href":"https:\/\/arantv.az\/index.php?rest_route=\/wp\/v2\/types\/post"}],"author":[{"embeddable":true,"href":"https:\/\/arantv.az\/index.php?rest_route=\/wp\/v2\/users\/2"}],"replies":[{"embeddable":true,"href":"https:\/\/arantv.az\/index.php?rest_route=%2Fwp%2Fv2%2Fcomments&post=733020"}],"version-history":[{"count":0,"href":"https:\/\/arantv.az\/index.php?rest_route=\/wp\/v2\/posts\/733020\/revisions"}],"wp:featuredmedia":[{"embeddable":true,"href":"https:\/\/arantv.az\/index.php?rest_route=\/wp\/v2\/media\/733021"}],"wp:attachment":[{"href":"https:\/\/arantv.az\/index.php?rest_route=%2Fwp%2Fv2%2Fmedia&parent=733020"}],"wp:term":[{"taxonomy":"category","embeddable":true,"href":"https:\/\/arantv.az\/index.php?rest_route=%2Fwp%2Fv2%2Fcategories&post=733020"},{"taxonomy":"post_tag","embeddable":true,"href":"https:\/\/arantv.az\/index.php?rest_route=%2Fwp%2Fv2%2Ftags&post=733020"}],"curies":[{"name":"wp","href":"https:\/\/api.w.org\/{rel}","templated":true}]}}