{"id":733039,"date":"2024-06-28T11:09:08","date_gmt":"2024-06-28T07:09:08","guid":{"rendered":"https:\/\/arantv.az\/?p=733039"},"modified":"2024-06-28T11:09:08","modified_gmt":"2024-06-28T07:09:08","slug":"yasil-dunyaya-uzanan-polad-yollar","status":"publish","type":"post","link":"https:\/\/arantv.az\/?p=733039","title":{"rendered":"Ya\u015f\u0131l d\u00fcnyaya uzanan polad yollar&#8230;"},"content":{"rendered":"<p><em><strong>\u201cAz\u0259rbaycan D\u0259mir Yollar\u0131\u201d \u201cYa\u015f\u0131l d\u00fcnya namin\u0259 h\u0259mr\u0259ylik ili\u201d\u00e7\u0259r\u00e7iv\u0259sind\u0259 h\u0259yata ke\u00e7iril\u0259n t\u0259dbirl\u0259r\u0259 davaml\u0131 olaraq t\u00f6hf\u0259 verir<\/strong><\/em><\/p>\n<p><strong>D\u00f6vl\u0259t ba\u015f\u00e7\u0131s\u0131n\u0131n u\u011furlu xarici siyas\u0259ti n\u0259tic\u0259sind\u0259 beyn\u0259lxalq s\u0259viyy\u0259d\u0259 n\u00fcfuzu g\u00fcnb\u0259g\u00fcn artan, d\u00fcnyada multikulturalizmin t\u0259\u015fviqin\u0259 b\u00f6y\u00fck \u00f6n\u0259m ver\u0259n v\u0259 bu istiqam\u0259td\u0259 \u00f6z\u00fcn\u00fcn n\u00fcmun\u0259sini ortaya qoyan, milli, regional v\u0259 qlobal s\u0259viyy\u0259d\u0259 \u0259traf m\u00fchitin qorunmas\u0131, iqlim d\u0259yi\u015fm\u0259l\u0259rinin qar\u015f\u0131s\u0131n\u0131n al\u0131nmas\u0131 i\u015fin\u0259 t\u00f6hf\u0259 ver\u0259n Az\u0259rbaycan son ill\u0259rd\u0259\u00a0 n\u00fcfuzlu m\u00f6t\u0259b\u0259r t\u0259dbirl\u0259rin, qlobal forumlar\u0131n, m\u00fcxt\u0259lif missiyalar\u0131n g\u00f6r\u00fc\u015fl\u0259rinin\u00a0 \u0259n\u0259n\u0259vi olaraq ke\u00e7irildiyi m\u0259kana \u00e7evrilib. D\u00fcnyan\u0131n \u0259n b\u00f6y\u00fck beyn\u0259lxalq konfrans\u0131 olan BMT-nin \u0130qlim D\u0259yi\u015fikliyi<\/strong><\/p>\n<p><strong>Ya\u015f\u0131l d\u00fcnyaya\u00a0Az\u0259rbaycan platformas\u0131ndan bax\u0131\u015f<\/strong><\/p>\n<p><strong><img src=\"https:\/\/ikisahil.az\/upload\/\/2024\/06\/27\/\/-85690f81171950767782117138910062677.jpg\" alt=\"\" \/><\/strong><\/p>\n<p>COP29-un ya\u015f\u0131l enerjiy\u0259 qlobal ke\u00e7id, istixana qaz\u0131 emissiyalar\u0131n\u0131n v\u0259 iqlim d\u0259yi\u015fikliyinin azald\u0131lmas\u0131 \u00fc\u00e7\u00fcn g\u00fccl\u00fc stimul olaca\u011f\u0131 g\u00f6zl\u0259nilir. COP-un son d\u00f6vrl\u0259rd\u0259 neft \u00f6lk\u0259l\u0259rind\u0259 ke\u00e7irilm\u0259si o mesaj\u0131 verir ki, bu \u00f6lk\u0259l\u0259r d\u0259 \u00f6z iqtisadiyyat\u0131n\u0131 ya\u015f\u0131l enerjiy\u0259 ke\u00e7id istiqam\u0259tind\u0259 qurma\u011fa do\u011fru add\u0131mlay\u0131r v\u0259 \u0259traf m\u00fchit m\u0259s\u0259l\u0259l\u0259rin\u0259 h\u0259ssas yana\u015f\u0131rlar.\u00a0Bu missiyaya uy\u011fun olaraq Prezident \u0130lham \u018fliyevin S\u0259r\u0259ncam\u0131 il\u0259 2024-c\u00fc il Az\u0259rbaycanda &#8220;Ya\u015f\u0131l d\u00fcnya namin\u0259 h\u0259mr\u0259ylik ili&#8221; elan edilib. Bu, COP29 \u00e7\u0259r\u00e7iv\u0259sind\u0259 b\u00fct\u00fcn d\u00fcnyada ged\u0259n prosesl\u0259r\u0259, o c\u00fcml\u0259d\u0259n iqlim, \u201cya\u015f\u0131l ideya\u201dlar v\u0259 \u201cya\u015f\u0131l proqram\u201dlarla ba\u011fl\u0131 m\u0259s\u0259l\u0259l\u0259r\u0259 Az\u0259rbaycan platformas\u0131ndan bax\u0131laca\u011f\u0131 v\u0259 onun t\u0259cr\u00fcb\u0259sinin \u00f6yr\u0259nil\u0259c\u0259yi dem\u0259kdir.<\/p>\n<p>Az\u0259rbaycan\u0131n COP29-a ev sahibliyi etm\u0259sinin bir s\u0131ra m\u00fch\u00fcm n\u0259tic\u0259l\u0259r\u0259 g\u0259tirib \u00e7\u0131xaraca\u011f\u0131 v\u0259 \u00f6lk\u0259d\u0259 ya\u015f\u0131l ke\u00e7id\u0259 \u0259h\u0259miyy\u0259tli t\u0259sir g\u00f6st\u0259r\u0259c\u0259yi g\u00f6zl\u0259nilir. Birincisi, Az\u0259rbaycan\u0131n bu beyn\u0259lxalq t\u0259dbird\u0259 i\u015ftirak\u0131 onun iqlim d\u0259yi\u015fikliyi il\u0259 m\u00fcbariz\u0259d\u0259 f\u0259al rol oynama\u011fa v\u0259 dayan\u0131ql\u0131 iqtisadi model\u0259 ke\u00e7m\u0259y\u0259 haz\u0131r oldu\u011funu t\u0259sdiql\u0259yir. Bu, \u00f6lk\u0259nin m\u00fcsb\u0259t imicini yaratma\u011fa v\u0259 ya\u015f\u0131l s\u0259nayenin inki\u015faf\u0131 \u00fc\u00e7\u00fcn investisiya c\u0259lb etm\u0259y\u0259 k\u00f6m\u0259k edir. \u0130kincisi, COP29 Az\u0259rbaycana dig\u0259r \u00f6lk\u0259l\u0259rl\u0259 t\u0259cr\u00fcb\u0259 v\u0259 \u0259n yax\u015f\u0131 t\u0259cr\u00fcb\u0259 m\u00fcbadil\u0259si imkan\u0131 ver\u0259c\u0259k. \u00d6lk\u0259 b\u0259rpaolunan enerji, enerji s\u0259m\u0259r\u0259liliyi, tullant\u0131lar\u0131n idar\u0259 edilm\u0259si v\u0259 ya\u015f\u0131l inki\u015faf\u0131n dig\u0259r aspektl\u0259ri sah\u0259sind\u0259 qabaqc\u0131l texnologiyalar v\u0259 innovativ yana\u015fmalar haqq\u0131nda m\u0259lumat \u0259ld\u0259 ed\u0259 bil\u0259c\u0259k. Bu, Az\u0259rbaycana ekoloji siyas\u0259tini t\u0259kmill\u0259\u015fdirm\u0259y\u0259 v\u0259 ya\u015f\u0131l m\u0259qs\u0259dl\u0259rin\u0259 nail olmaq \u00fc\u00e7\u00fcn effektiv strategiyalar haz\u0131rlama\u011fa imkan ver\u0259c\u0259k. Bundan \u0259lav\u0259, COP29-un n\u0259tic\u0259l\u0259ri iqlim d\u0259yi\u015fikliyi il\u0259 m\u00fcbariz\u0259d\u0259 qlobal \u0259m\u0259kda\u015fl\u0131\u011f\u0131 g\u00fccl\u0259ndir\u0259c\u0259k yeni beyn\u0259lxalq sazi\u015f v\u0259 m\u00fcqavil\u0259l\u0259rin haz\u0131rlanmas\u0131 \u00fc\u00e7\u00fcn \u0259sas ola bil\u0259r.<\/p>\n<p>Az\u0259rbaycan ya\u015f\u0131l h\u0259d\u0259fl\u0259rini inki\u015faf etdir\u0259r\u0259k iqlim d\u0259yi\u015fikliyin\u0259 qar\u015f\u0131 m\u00fcbariz\u0259d\u0259 \u00f6z\u00fcn\u00fcn irad\u0259sini ortaya qoyur. Az\u0259rbaycan\u0131n Qo\u015fulmama H\u0259r\u0259kat\u0131nda (QH) k\u00f6rp\u00fc rolunu oynamaqda b\u00f6y\u00fck t\u0259cr\u00fcb\u0259si var. Respublikam\u0131z\u00a0\u00a0H\u0259r\u0259kata d\u00f6rd il \u0259rzind\u0259 s\u0259drlik h\u0259yata ke\u00e7irib. Az\u0259rbaycan\u0131n 120 \u00f6lk\u0259nin birl\u0259\u015fdiyi quruma s\u0259drliyi d\u00f6n\u0259mind\u0259 QH b\u00f6y\u00fck t\u0259r\u0259qqiy\u0259 nail oldu, onun funksionall\u0131\u011f\u0131 v\u0259 beyn\u0259lxalq n\u00fcfuzu \u0259h\u0259miyy\u0259tli d\u0259r\u0259c\u0259d\u0259 artd\u0131. Eyni zamanda, respublikam\u0131z Avropa \u0130ttifaq\u0131na\u00a0\u00a0(A\u0130) \u00fczv olan \u00f6lk\u0259l\u0259rl\u0259 f\u0259al i\u015fl\u0259yir. Bundan ba\u015fqa, respublikam\u0131z geni\u015f \u0130slam co\u011frafiyas\u0131nda b\u00f6y\u00fck n\u00fcfuza malik olan \u00f6lk\u0259dir. B\u00fct\u00fcn bunlar Az\u0259rbaycan\u0131n birl\u0259\u015fdirici rolunu g\u00fccl\u0259ndir\u0259n amill\u0259rdir. \u018fsas m\u0259qamlardan biri d\u0259 Az\u0259rbaycan\u0131n xo\u015f niyy\u0259ti v\u0259 siyasi irad\u0259si il\u0259 ba\u011fl\u0131d\u0131r. \u00d6lk\u0259miz malik oldu\u011fu potensialdan v\u0259 imkanlardan he\u00e7 vaxt ba\u015fqalar\u0131na qar\u015f\u0131 t\u0259zyiq vasit\u0259si kimi istifad\u0259 etmir, \u0259ksin\u0259 daim qlobal h\u0259mr\u0259yliyi, bar\u0131\u015f\u0131\u011f\u0131, \u00fcmumi m\u0259qs\u0259dl\u0259ri h\u0259d\u0259fl\u0259y\u0259n t\u0259\u015f\u0259bb\u00fcsl\u0259r ir\u0259li s\u00fcr\u00fcr.<\/p>\n<p>Az\u0259rbaycan h\u00f6kum\u0259ti iqlim d\u0259yi\u015fm\u0259l\u0259rin\u0259 b\u00fct\u00fcn d\u00fcnyan\u0131 narahat ed\u0259n \u0259n qlobal probleml\u0259rd\u0259n biri kimi h\u0259ssas yana\u015faraq \u201cya\u015f\u0131l m\u00fchit\u201d quruculu\u011funda dayanmadan s\u0259yl\u0259rini art\u0131r\u0131r. M\u0259lum oldu\u011fu kimi, \u00f6lk\u0259mizin 2030-cu il\u0259 q\u0259d\u0259r sosial-iqtisadi inki\u015fafa dair be\u015f milli prioritetind\u0259n biri m\u0259hz &#8220;T\u0259miz \u0259traf m\u00fchit v\u0259 &#8220;ya\u015f\u0131l art\u0131m&#8221; \u00f6lk\u0259si&#8221; olmaqd\u0131r. H\u0259min prioritet\u0259 uy\u011fun \u015f\u0259kild\u0259 \u0259traf m\u00fchitin sa\u011flamla\u015fd\u0131r\u0131lmas\u0131, ya\u015f\u0131ll\u0131qlar\u0131n b\u0259rpas\u0131 v\u0259 art\u0131r\u0131lmas\u0131, su ehtiyatlar\u0131ndan v\u0259 dayan\u0131ql\u0131 enerji m\u0259nb\u0259l\u0259rind\u0259n s\u0259m\u0259r\u0259li istifad\u0259nin t\u0259min edilm\u0259si istiqam\u0259tind\u0259 m\u00fch\u00fcm i\u015fl\u0259r apar\u0131l\u0131r. Prezident \u0130lham \u018fliyev Qaraba\u011f\u0131 v\u0259 \u015e\u0259rqi Z\u0259ng\u0259zuru, Nax\u00e7\u0131van\u0131 &#8220;ya\u015f\u0131l enerji&#8221; zonas\u0131 adland\u0131r\u0131b v\u0259 bu istiqam\u0259td\u0259 geni\u015fmiqyasl\u0131 i\u015fl\u0259r\u0259 ba\u015flan\u0131l\u0131b. H\u0259min \u0259razil\u0259rd\u0259 &#8220;a\u011f\u0131ll\u0131 \u015f\u0259h\u0259r&#8221;, &#8220;a\u011f\u0131ll\u0131 k\u0259nd&#8221; kimi innovativ yana\u015fmalar t\u0259tbiq edilir, ekosistemin b\u0259rpas\u0131 istiqam\u0259tind\u0259 ard\u0131c\u0131l i\u015fl\u0259r apar\u0131l\u0131r. Art\u0131q Qaraba\u011fda v\u0259 \u015e\u0259rqi Z\u0259ng\u0259zurda hidroenerji potensial\u0131ndan f\u0259al \u015f\u0259kild\u0259 istifad\u0259 edilir.\u00a0Bu \u0259razil\u0259rin 2050-ci il\u0259d\u0259k \u201cNetto s\u0131f\u0131r emissiya\u201d zonas\u0131na \u00e7evrilm\u0259si n\u0259z\u0259rd\u0259 tutulub.<\/p>\n<p><strong>D\u0259mir yolu n\u0259qliyyat\u0131 daha az karbon izi burax\u0131r v\u0259 enerjid\u0259n daha s\u0259m\u0259r\u0259li istifad\u0259 edir<\/strong><\/p>\n<p><img src=\"https:\/\/ikisahil.az\/upload\/\/2024\/06\/27\/\/-a4856405171950775325567348110799224.jpg\" alt=\"\" \/><\/p>\n<p>Qlobal iqlim d\u0259yi\u015fiklikl\u0259ri il\u0259 m\u00fcbariz\u0259d\u0259 d\u0259mir yolu n\u0259qliyyat\u0131n\u0131 inki\u015faf etdirm\u0259k v\u0259 \u0259traf m\u00fchitin qorunmas\u0131 istiqam\u0259tind\u0259 g\u00f6r\u00fcl\u0259n t\u0259dbirl\u0259r\u0259 davaml\u0131 olaraq d\u0259st\u0259k olmaq \u00fc\u00e7\u00fcn \u00f6lk\u0259nin tranzit potensial\u0131n\u0131 art\u0131rmaq v\u0259 ekoloji dayan\u0131ql\u0131l\u0131\u011f\u0131 t\u0259min etm\u0259k d\u0259 \u00f6n\u0259mli faktorlard\u0131r. \u00c7\u00fcnki d\u0259mir yolu n\u0259qliyyat\u0131, dig\u0259r n\u0259qliyyat n\u00f6vl\u0259ri il\u0259 m\u00fcqayis\u0259d\u0259 daha az karbon izi burax\u0131r v\u0259 enerjid\u0259n daha s\u0259m\u0259r\u0259li istifad\u0259 edir. Elektrikl\u0259 i\u015fl\u0259y\u0259n d\u0259mir yollar\u0131, x\u00fcsusil\u0259 s\u0131f\u0131r emissiya s\u0259viyy\u0259sin\u0259 nail olmaq bax\u0131m\u0131ndan b\u00f6y\u00fck potensiala malikdir.\u00a0 Bu bax\u0131mdan, d\u0259mir yolu infrastrukturu \u00fc\u00e7\u00fcn b\u0259rpaolunan enerji m\u0259nb\u0259l\u0259rind\u0259n istifad\u0259 d\u0259 geni\u015fl\u0259nir. G\u00fcn\u0259\u015f v\u0259 k\u00fcl\u0259k enerjisi, d\u0259mir yolu stansiyalar\u0131 v\u0259 dig\u0259r infrastruktur obyektl\u0259rinin enerji t\u0259l\u0259bat\u0131n\u0131 qar\u015f\u0131lamaq \u00fc\u00e7\u00fcn t\u0259tbiq edilir. Az\u0259rbaycan, beyn\u0259lxalq t\u0259\u015fkilatlarla \u0259m\u0259kda\u015fl\u0131q ed\u0259r\u0259k d\u0259mir yolu n\u0259qliyyat\u0131n\u0131n inki\u015faf\u0131nda \u0259n son yenilikl\u0259ri v\u0259 innovativ h\u0259ll\u0259ri t\u0259tbiq edir. Bu \u0259m\u0259kda\u015fl\u0131q, ekoloji standartlar\u0131n y\u00fcks\u0259ldilm\u0259sin\u0259 v\u0259 dayan\u0131ql\u0131 n\u0259qliyyat sisteml\u0259rinin yarad\u0131lmas\u0131na y\u00f6n\u0259lib.<\/p>\n<p><strong>T\u0259miz enerjid\u0259n istifad\u0259\u00a0geni\u015fl\u0259ndirilir:\u00a0Bil\u0259c\u0259ri v\u0259 G\u0259nc\u0259 lokomotiv t\u0259miri depolar\u0131nda \u00fcmumilikd\u0259 750-d\u0259n \u00e7ox g\u00fcn\u0259\u015f paneli qura\u015fd\u0131r\u0131l\u0131b<\/strong><\/p>\n<p><strong><img src=\"https:\/\/ikisahil.az\/upload\/\/2024\/06\/27\/\/-bd5af7cd17195076109245415951102280.jpg\" alt=\"\" \/><\/strong><\/p>\n<p>Bu strategiya \u00e7\u0259r\u00e7iv\u0259sind\u0259 \u201cAz\u0259rbaycan D\u0259mir Yollar\u0131\u201d (ADY) Qapal\u0131 S\u0259hmdar C\u0259miyy\u0259ti (QSC) \u00f6z\u00fcn\u00fcn f\u0259aliyy\u0259tind\u0259 bir s\u0131ra yenid\u0259nqurma i\u015fl\u0259ri apar\u0131r, \u00a0d\u0259mir yolu \u015f\u0259b\u0259k\u0259sinin elektrikl\u0259\u015fdirilm\u0259si layih\u0259l\u0259rini h\u0259yata ke\u00e7irir. Bu layih\u0259l\u0259r dizel lokomotivl\u0259rinin elektrik lokomotivl\u0259ri il\u0259 \u0259v\u0259z edilm\u0259sini v\u0259 bel\u0259likl\u0259, karbon emissiyalar\u0131n\u0131n \u0259h\u0259miyy\u0259tli d\u0259r\u0259c\u0259d\u0259 azalmas\u0131n\u0131 t\u0259min edir. 2023-c\u00fc ild\u0259 BMT-nin Qlobal Sazi\u015fin\u0259 \u00fczv olan ADY \u0259traf m\u00fchit, sosial v\u0259 korporativ idar\u0259etm\u0259 (ESG) sah\u0259l\u0259rini \u0259hat\u0259 ed\u0259n f\u0259aliyy\u0259t proqram\u0131n\u0131 t\u0259kmill\u0259\u015fdirib. ESG t\u0259dbirl\u0259ri \u00e7\u0259r\u00e7iv\u0259sind\u0259 ADY ekoloji t\u0259miz enerjid\u0259n istifad\u0259ni d\u0259 geni\u015fl\u0259ndirir. \u201cYa\u015f\u0131l enerji\u201dnin t\u0259\u015fviqi m\u0259qs\u0259dil\u0259 Bil\u0259c\u0259ri v\u0259 G\u0259nc\u0259 lokomotiv t\u0259miri depolar\u0131nda \u00fcmumilikd\u0259 750-d\u0259n \u00e7ox g\u00fcn\u0259\u015f paneli qura\u015fd\u0131r\u0131l\u0131b v\u0259 bundan depolar\u0131n i\u015f\u0131qland\u0131r\u0131lmas\u0131nda, isti su t\u0259minat\u0131nda istifad\u0259 olunur. \u201cYa\u015f\u0131l d\u00fcnya namin\u0259 h\u0259mr\u0259ylik ili\u201dn\u0259 t\u00f6hf\u0259 olan bu kimi add\u0131mlar n\u00f6vb\u0259ti ill\u0259rd\u0259 daha da geni\u015fl\u0259n\u0259c\u0259k.<\/p>\n<p><strong>Ekologiya dostu<\/strong><\/p>\n<p><strong><img src=\"https:\/\/ikisahil.az\/upload\/\/2024\/06\/27\/\/-c1d53b7a171950784461448997410132789.jpg\" alt=\"\" \/><\/strong><\/p>\n<p>S\u0259rni\u015finda\u015f\u0131mada \u0259traf m\u00fchit\u0259 tullant\u0131lar\u0131 azaltmaq \u00fc\u00e7\u00fcn elektrik qatarlar\u0131ndan istifad\u0259 edilir. ADY t\u0259r\u0259find\u0259n sifari\u015f edilmi\u015f v\u0259 art\u0131q 4-\u00fc \u00f6lk\u0259miz\u0259 \u00e7atd\u0131r\u0131lm\u0131\u015f 10 \u0259d\u0259d yeni \u201cStadler\u201d qatar\u0131n\u0131n 6-s\u0131 elektrikl\u0259 \u00e7al\u0131\u015f\u0131r. Bu qatarlar say\u0259sind\u0259 d\u0259miryol n\u0259qliyyat\u0131n\u0131n \u0259traf m\u00fchitin m\u00fchafiz\u0259sind\u0259ki pay\u0131 daha da artacaq. Ekoloji c\u0259h\u0259td\u0259n t\u0259miz v\u0259 insan sa\u011flaml\u0131\u011f\u0131 \u00fc\u00e7\u00fcn faydal\u0131 n\u0259qliyyat n\u00f6v\u00fc olan velosipedin istifad\u0259sini t\u0259\u015fviq etm\u0259k m\u0259qs\u0259dil\u0259 d\u0259mir yolu stansiyalar\u0131nda velosiped dayanacaqlar\u0131 qura\u015fd\u0131r\u0131l\u0131b.<\/p>\n<p>ADY \u201cya\u015f\u0131l enerji\u201dni t\u0259\u015fviq ed\u0259r\u0259k karbon qaz\u0131n\u0131n atmosfer\u0259 at\u0131lmas\u0131n\u0131n qar\u015f\u0131s\u0131n\u0131 alma\u011fa b\u00f6y\u00fck t\u00f6hf\u0259 verm\u0259k \u00a0m\u0259qs\u0259dil\u0259 Yeni Bil\u0259c\u0259ri v\u0259 Yeni G\u0259nc\u0259 lokomotiv depolar\u0131n\u0131n yenil\u0259nm\u0259si zaman\u0131 binalar\u0131n enerji t\u0259minat\u0131 \u00fc\u00e7\u00fcn dam \u00f6rt\u00fcy\u00fcnd\u0259 650-d\u0259n \u00e7ox g\u00fcn\u0259\u015f paneli qura\u015fd\u0131r\u0131l\u0131b. H\u0259m\u00e7inin d\u0259mir yollar\u0131n\u0131n \u00e7\u0259kili\u015fi zaman\u0131 \u0259traf m\u00fchit\u0259 z\u0259r\u0259r vurulmamas\u0131 \u00fc\u00e7\u00fcn ADY t\u0259r\u0259find\u0259n b\u00fct\u00fcn z\u0259ruri t\u0259dbirl\u0259r g\u00f6r\u00fcl\u00fcr.<\/p>\n<p>ADY-n\u0131n son ill\u0259rd\u0259ki f\u0259aliyy\u0259tind\u0259 b\u0259rpaolunan enerji m\u0259nb\u0259l\u0259rinin t\u0259tbiqi \u0259sas yer tutur. Bel\u0259 ki, b\u0259rpaolunan enerjinin istehsal\u0131 \u00fc\u00e7\u00fcn d\u0259yi\u015f\u0259n c\u0259r\u0259yanla i\u015fl\u0259y\u0259n lokomotivl\u0259rin texniki bax\u0131\u015f v\u0259 t\u0259mirinin h\u0259yata ke\u00e7irilm\u0259si m\u0259qs\u0259di il\u0259 yeni in\u015fa edilmi\u015f Bil\u0259c\u0259ri lokomotiv deposunda g\u00fcc\u00fc 66 kilovat olan 147 \u0259d\u0259d g\u00fcn\u0259\u015f paneli v\u0259 isitm\u0259 m\u0259qs\u0259di il\u0259 160 \u0259d\u0259d g\u00fcn\u0259\u015f paneli, yeni in\u015fa edilmi\u015f G\u0259nc\u0259 lokomotiv deposunda is\u0259 g\u00fcc\u00fc 66 kilovat olan 210 \u0259d\u0259d g\u00fcn\u0259\u015f paneli v\u0259 isitm\u0259 m\u0259qs\u0259dil\u0259 140 \u0259d\u0259d g\u00fcn\u0259\u015f paneli qura\u015fd\u0131r\u0131l\u0131b. \u00a0 \u018ftraf m\u00fchit\u0259 t\u0259sirl\u0259rin m\u00fc\u0259yy\u0259nl\u0259\u015fdirilm\u0259si, t\u0259bi\u0259tin qorunmas\u0131 i\u015find\u0259 norma v\u0259 qaydalara riay\u0259t olunmas\u0131n\u0131n t\u0259min edilm\u0259si m\u0259qs\u0259dil\u0259 \u0130SO 14001-in t\u0259l\u0259bi v\u0259 ekoloji qanunvericilikl\u0259 t\u0259l\u0259b olunan ekoloji-normativ s\u0259n\u0259dl\u0259rin haz\u0131rlanmas\u0131 prosesi h\u0259yata ke\u00e7irilir.<\/p>\n<p><strong>D\u0259mir yollar\u0131n\u0131n tikintisi\u00a0zaman\u0131 \u0259traf m\u00fchit\u0259 h\u0259ssas yana\u015fma<\/strong><\/p>\n<p><strong><img src=\"https:\/\/ikisahil.az\/upload\/\/2023\/08\/21\/\/-bf1b2f4b169256164245335385510514826.jpg\" alt=\"\" \/><\/strong><\/p>\n<p>Eyni zamanda, d\u0259mir yollar\u0131n\u0131n \u00e7\u0259kili\u015fi zaman\u0131 \u0259traf m\u00fchit\u0259 z\u0259r\u0259r vurulmamas\u0131 \u00fc\u00e7\u00fcn b\u00fct\u00fcn z\u0259ruri t\u0259dbirl\u0259r g\u00f6r\u00fcl\u00fcr. H\u0259r bir yeni layih\u0259d\u0259 ESG prinsipl\u0259ri \u0259n effektiv \u015f\u0259kild\u0259 t\u0259hlil olunaraq t\u0259tbiq edilir. Bel\u0259 ki, Horadiz-A\u011fb\u0259nd x\u0259ttinin 85-ci km-d\u0259, Mincivan stansiyas\u0131n\u0131n yax\u0131nl\u0131\u011f\u0131nda me\u015f\u0259lik \u0259razinin z\u0259r\u0259r g\u00f6rm\u0259m\u0259si \u00fc\u00e7\u00fcn Ekologiya v\u0259 T\u0259bii S\u0259rv\u0259tl\u0259r Nazirliyi il\u0259 raz\u0131la\u015fd\u0131r\u0131lm\u0131\u015f \u015f\u0259kild\u0259 h\u0259min a\u011faclar\u0131n yeri h\u0259ssasl\u0131qla d\u0259yi\u015fdirilib. Maksimum \u00e7al\u0131\u015f\u0131l\u0131r ki, d\u0259mir yollar\u0131n\u0131n tikintisi zaman\u0131 \u0259traf m\u00fchit\u0259 ziyan d\u0259ym\u0259sin. ADY-nin h\u0259r bir layih\u0259sind\u0259 d\u0259mir yolu zola\u011f\u0131 boyunca\u00a0a\u011faclar\u0131n \u0259kilm\u0259si diqq\u0259td\u0259 saxlan\u0131l\u0131r. B\u0259rd\u0259\u2013A\u011fdam layih\u0259sinin art\u0131q bir hiss\u0259sind\u0259 \u015fam a\u011faclar\u0131 v\u0259 dig\u0259r n\u00f6v a\u011faclar \u0259kilib. Bunlardan \u0259lav\u0259, d\u0259mir yolu x\u0259tl\u0259ri boyunca ya\u015f\u0131ll\u0131q zonas\u0131n\u0131n sal\u0131nmas\u0131 istiqam\u0259tind\u0259 ADY t\u0259r\u0259find\u0259n davaml\u0131 olaraq yaz-pay\u0131z m\u00f6vs\u00fcml\u0259rind\u0259 qurumun m\u00fcxt\u0259lif xidm\u0259t sah\u0259l\u0259rinin \u0259razil\u0259rind\u0259 a\u011fac\u0259km\u0259 aksiyalar\u0131 t\u0259\u015fkil olunur. Eyni zamanda, ADY i\u015f\u011faldan azad olunmu\u015f \u0259razil\u0259rd\u0259 \u201cya\u015f\u0131l iqtisadiyyat\u201da ke\u00e7id, o c\u00fcml\u0259d\u0259n COP29 \u00e7\u0259r\u00e7iv\u0259sind\u0259 maraql\u0131 t\u0259r\u0259fl\u0259rl\u0259 \u0259m\u0259kda\u015fl\u0131q edir, t\u0259\u015f\u0259bb\u00fcsl\u0259ri stimulla\u015fd\u0131r\u0131r.<\/p>\n<p>ADY \u015firk\u0259tdaxili s\u0259n\u0259dl\u0259\u015fm\u0259l\u0259rd\u0259 ka\u011f\u0131z istifad\u0259sini azaltmaq \u00fc\u00e7\u00fcn innovativ texnoloji h\u0259ll\u0259rd\u0259n istifad\u0259 edir. H\u0259m\u00e7inin bu ild\u0259n etibar\u0259n Ab\u015feron dair\u0259vi mar\u015frutu\u00a0\u00fczr\u0259 ka\u011f\u0131z biletl\u0259rin sat\u0131\u015f\u0131 dayand\u0131r\u0131l\u0131b.<\/p>\n<p><img src=\"https:\/\/ikisahil.az\/upload\/\/2024\/06\/27\/\/-7cc980b0171950815760504785310819895.jpg\" alt=\"\" \/><\/p>\n<p>ADY \u201cYa\u015f\u0131l d\u00fcnya namin\u0259 h\u0259mr\u0259ylik ili\u201d \u00e7\u0259r\u00e7iv\u0259sind\u0259 2024-c\u00fc ild\u0259 d\u0259 yeni texnologiyalar v\u0259 r\u0259q\u0259msalla\u015fd\u0131rman\u0131n t\u0259tbiqini s\u00fcr\u0259tl\u0259ndir\u0259r\u0259k \u015firk\u0259t tullant\u0131lardan s\u0259m\u0259r\u0259li istifad\u0259 v\u0259 t\u0259krar emal prosesl\u0259rinin geni\u015fl\u0259ndirilm\u0259si, biom\u00fcxt\u0259lifliyin qorunmas\u0131, \u00e7irkab sular\u0131n\u0131n idar\u0259 olunmas\u0131, el\u0259c\u0259 d\u0259 b\u0259rpaolunan enerji resurslar\u0131ndan istifad\u0259 istiqam\u0259tind\u0259 f\u0259aliyy\u0259tini geni\u015fl\u0259ndirm\u0259yi h\u0259d\u0259fl\u0259yir v\u0259 ekoloji m\u0259suliyy\u0259tini daha da art\u0131raraq b\u00fct\u00fcn maraql\u0131 t\u0259r\u0259fl\u0259rl\u0259 h\u0259mr\u0259y olma\u011fa can at\u0131r.<\/p>\n<p>Bir s\u00f6zl\u0259, &#8220;Az\u0259rbaycan D\u0259mir Yollar\u0131&#8221; QSC-nin f\u0259aliyy\u0259ti \u00f6lk\u0259nin n\u0259qliyyat infrastrukturunun m\u00fch\u00fcm bir hiss\u0259sini t\u0259\u015fkil edir v\u0259 onun ekoloji t\u0259miz n\u0259qliyyata y\u00f6n\u0259lm\u0259si g\u0259l\u0259c\u0259k n\u0259sill\u0259r \u00fc\u00e7\u00fcn sa\u011flam bir m\u00fchit yaratma\u011fa xidm\u0259t ed\u0259c\u0259k. Bununla yana\u015f\u0131, d\u0259mir yolunun ya\u015f\u0131l enerjiy\u0259 ke\u00e7idi il\u0259 ba\u011fl\u0131 apar\u0131lan islahatlar \u0259traf m\u00fchit\u0259 v\u0259 c\u0259miyy\u0259t\u0259 m\u0259nfi t\u0259sirl\u0259ri azaldacaq, bu n\u0259qliyyat sektorunun ya\u015f\u0131lla\u015fd\u0131r\u0131lmas\u0131na t\u00f6hf\u0259 ver\u0259c\u0259k.<\/p>\n<p><em><strong>Yaqut A\u011fa\u015fahq\u0131z\u0131, \u201c\u0130ki sahi\u201d<\/strong><\/em><\/p>\n<p><em>Yaz\u0131 \u201cAz\u0259rbaycan D\u0259mir Yollar\u0131\u201d QSC v\u0259 Az\u0259rbaycan M\u0259tbuat \u015euras\u0131n\u0131n k\u00fctl\u0259vi informasiya vasit\u0259l\u0259rinin t\u0259msil\u00e7il\u0259ri aras\u0131nda ke\u00e7irdiyi iqlim t\u0259\u015f\u0259bb\u00fcsl\u0259ri m\u00fcsabiq\u0259sin\u0259 t\u0259qdim olunur<\/em><\/p>\n","protected":false},"excerpt":{"rendered":"<p>\u201cAz\u0259rbaycan D\u0259mir Yollar\u0131\u201d \u201cYa\u015f\u0131l d\u00fcnya namin\u0259 h\u0259mr\u0259ylik ili\u201d\u00e7\u0259r\u00e7iv\u0259sind\u0259 h\u0259yata ke\u00e7iril\u0259n t\u0259dbirl\u0259r\u0259 davaml\u0131 olaraq t\u00f6hf\u0259 verir D\u00f6vl\u0259t ba\u015f\u00e7\u0131s\u0131n\u0131n u\u011furlu xarici siyas\u0259ti n\u0259tic\u0259sind\u0259 beyn\u0259lxalq s\u0259viyy\u0259d\u0259 n\u00fcfuzu g\u00fcnb\u0259g\u00fcn artan, d\u00fcnyada multikulturalizmin t\u0259\u015fviqin\u0259 b\u00f6y\u00fck \u00f6n\u0259m ver\u0259n v\u0259 bu istiqam\u0259td\u0259 \u00f6z\u00fcn\u00fcn n\u00fcmun\u0259sini ortaya qoyan, milli, regional v\u0259 qlobal s\u0259viyy\u0259d\u0259 \u0259traf m\u00fchitin qorunmas\u0131, iqlim d\u0259yi\u015fm\u0259l\u0259rinin qar\u015f\u0131s\u0131n\u0131n al\u0131nmas\u0131 i\u015fin\u0259 t\u00f6hf\u0259 ver\u0259n Az\u0259rbaycan son ill\u0259rd\u0259\u00a0 n\u00fcfuzlu m\u00f6t\u0259b\u0259r t\u0259dbirl\u0259rin, qlobal forumlar\u0131n, m\u00fcxt\u0259lif missiyalar\u0131n g\u00f6r\u00fc\u015fl\u0259rinin\u00a0 \u0259n\u0259n\u0259vi olaraq ke\u00e7irildiyi m\u0259kana \u00e7evrilib. D\u00fcnyan\u0131n \u0259n b\u00f6y\u00fck beyn\u0259lxalq konfrans\u0131 olan BMT-nin \u0130qlim D\u0259yi\u015fikliyi Ya\u015f\u0131l d\u00fcnyaya\u00a0Az\u0259rbaycan platformas\u0131ndan bax\u0131\u015f COP29-un ya\u015f\u0131l enerjiy\u0259 qlobal ke\u00e7id, istixana qaz\u0131&hellip;<\/p>\n","protected":false},"author":2,"featured_media":733040,"comment_status":"closed","ping_status":"closed","sticky":false,"template":"","format":"standard","meta":{"om_disable_all_campaigns":false,"_monsterinsights_skip_tracking":false,"_monsterinsights_sitenote_active":false,"_monsterinsights_sitenote_note":"","_monsterinsights_sitenote_category":0},"categories":[19],"tags":[],"aioseo_notices":[],"gutentor_comment":0,"rttpg_featured_image_url":{"full":["https:\/\/arantv.az\/wp-content\/uploads\/2024\/06\/20cf775f171950829038699754610028720.jpg",975,540,false],"landscape":["https:\/\/arantv.az\/wp-content\/uploads\/2024\/06\/20cf775f171950829038699754610028720.jpg",975,540,false],"portraits":["https:\/\/arantv.az\/wp-content\/uploads\/2024\/06\/20cf775f171950829038699754610028720.jpg",975,540,false],"thumbnail":["https:\/\/arantv.az\/wp-content\/uploads\/2024\/06\/20cf775f171950829038699754610028720-500x280.jpg",500,280,true],"medium":["https:\/\/arantv.az\/wp-content\/uploads\/2024\/06\/20cf775f171950829038699754610028720-660x365.jpg",660,365,true],"large":["https:\/\/arantv.az\/wp-content\/uploads\/2024\/06\/20cf775f171950829038699754610028720-840x465.jpg",640,354,true],"1536x1536":["https:\/\/arantv.az\/wp-content\/uploads\/2024\/06\/20cf775f171950829038699754610028720.jpg",975,540,false],"2048x2048":["https:\/\/arantv.az\/wp-content\/uploads\/2024\/06\/20cf775f171950829038699754610028720.jpg",975,540,false],"post-thumbnail":["https:\/\/arantv.az\/wp-content\/uploads\/2024\/06\/20cf775f171950829038699754610028720-240x172.jpg",240,172,true],"advps-thumb-one":["https:\/\/arantv.az\/wp-content\/uploads\/2024\/06\/20cf775f171950829038699754610028720.jpg",975,540,false]},"rttpg_author":{"display_name":"V\u00fcsal Rafiqo\u011flu","author_link":"https:\/\/arantv.az\/?author=2"},"rttpg_comment":0,"rttpg_category":"<a href=\"https:\/\/arantv.az\/?cat=19\" rel=\"category\">G\u00fcnd\u0259m<\/a>","rttpg_excerpt":"\u201cAz\u0259rbaycan D\u0259mir Yollar\u0131\u201d \u201cYa\u015f\u0131l d\u00fcnya namin\u0259 h\u0259mr\u0259ylik ili\u201d\u00e7\u0259r\u00e7iv\u0259sind\u0259 h\u0259yata ke\u00e7iril\u0259n t\u0259dbirl\u0259r\u0259 davaml\u0131 olaraq t\u00f6hf\u0259 verir D\u00f6vl\u0259t ba\u015f\u00e7\u0131s\u0131n\u0131n u\u011furlu xarici siyas\u0259ti n\u0259tic\u0259sind\u0259 beyn\u0259lxalq s\u0259viyy\u0259d\u0259 n\u00fcfuzu g\u00fcnb\u0259g\u00fcn artan, d\u00fcnyada multikulturalizmin t\u0259\u015fviqin\u0259 b\u00f6y\u00fck \u00f6n\u0259m ver\u0259n v\u0259 bu istiqam\u0259td\u0259 \u00f6z\u00fcn\u00fcn n\u00fcmun\u0259sini ortaya qoyan, milli, regional v\u0259 qlobal s\u0259viyy\u0259d\u0259 \u0259traf m\u00fchitin qorunmas\u0131, iqlim d\u0259yi\u015fm\u0259l\u0259rinin qar\u015f\u0131s\u0131n\u0131n al\u0131nmas\u0131 i\u015fin\u0259 t\u00f6hf\u0259 ver\u0259n Az\u0259rbaycan&hellip;","_links":{"self":[{"href":"https:\/\/arantv.az\/index.php?rest_route=\/wp\/v2\/posts\/733039"}],"collection":[{"href":"https:\/\/arantv.az\/index.php?rest_route=\/wp\/v2\/posts"}],"about":[{"href":"https:\/\/arantv.az\/index.php?rest_route=\/wp\/v2\/types\/post"}],"author":[{"embeddable":true,"href":"https:\/\/arantv.az\/index.php?rest_route=\/wp\/v2\/users\/2"}],"replies":[{"embeddable":true,"href":"https:\/\/arantv.az\/index.php?rest_route=%2Fwp%2Fv2%2Fcomments&post=733039"}],"version-history":[{"count":0,"href":"https:\/\/arantv.az\/index.php?rest_route=\/wp\/v2\/posts\/733039\/revisions"}],"wp:featuredmedia":[{"embeddable":true,"href":"https:\/\/arantv.az\/index.php?rest_route=\/wp\/v2\/media\/733040"}],"wp:attachment":[{"href":"https:\/\/arantv.az\/index.php?rest_route=%2Fwp%2Fv2%2Fmedia&parent=733039"}],"wp:term":[{"taxonomy":"category","embeddable":true,"href":"https:\/\/arantv.az\/index.php?rest_route=%2Fwp%2Fv2%2Fcategories&post=733039"},{"taxonomy":"post_tag","embeddable":true,"href":"https:\/\/arantv.az\/index.php?rest_route=%2Fwp%2Fv2%2Ftags&post=733039"}],"curies":[{"name":"wp","href":"https:\/\/api.w.org\/{rel}","templated":true}]}}