{"id":733043,"date":"2024-06-28T11:09:52","date_gmt":"2024-06-28T07:09:52","guid":{"rendered":"https:\/\/arantv.az\/?p=733043"},"modified":"2024-06-28T11:09:52","modified_gmt":"2024-06-28T07:09:52","slug":"az%c9%99rbaycan-v%c9%99-serbiyanin-h%c9%99rbi-ekspertl%c9%99ri-arasinda-gorus-kecirilib","status":"publish","type":"post","link":"https:\/\/arantv.az\/?p=733043","title":{"rendered":"Az\u0259rbaycan v\u0259 Serbiyan\u0131n h\u0259rbi ekspertl\u0259ri aras\u0131nda g\u00f6r\u00fc\u015f ke\u00e7irilib"},"content":{"rendered":"<p>Az\u0259rbaycan v\u0259 Serbiya M\u00fcdafi\u0259 nazirlikl\u0259ri aras\u0131nda ikit\u0259r\u0259fli \u0259m\u0259kda\u015fl\u0131q plan\u0131na \u0259sas\u0259n, M\u00fcdafi\u0259 Nazirliyinin Beyn\u0259lxalq H\u0259rbi \u018fm\u0259kda\u015fl\u0131q \u0130dar\u0259sind\u0259 \u201cQuru Qo\u015funlar\u0131n\u0131n d\u00f6y\u00fc\u015f haz\u0131rl\u0131\u011f\u0131 v\u0259 \u00f6yr\u0259nilmi\u015f t\u0259cr\u00fcb\u0259l\u0259r\u201d m\u00f6vzusu \u00fczr\u0259 h\u0259r iki \u00f6lk\u0259nin h\u0259rbi ekspertl\u0259rinin g\u00f6r\u00fc\u015f\u00fc ke\u00e7irilib.<\/p>\n<p><strong>ARANTV.AZ\u00a0 x\u0259b\u0259r verir ki,<\/strong>\u00a0Serbiyal\u0131 qonaqlara Az\u0259rbaycan Ordusunun Quru Qo\u015funlar\u0131nda d\u00f6y\u00fc\u015f haz\u0131rl\u0131\u011f\u0131n\u0131n t\u0259\u015fkili v\u0259 dig\u0259r f\u0259aliyy\u0259t istiqam\u0259tl\u0259ri bar\u0259d\u0259 \u0259trafl\u0131 m\u0259lumat verilib.<\/p>\n<p>G\u00f6r\u00fc\u015fd\u0259 h\u0259r iki \u00f6lk\u0259nin Quru Qo\u015funlar\u0131n\u0131n d\u00f6y\u00fc\u015f haz\u0131rl\u0131\u011f\u0131 \u00fczr\u0259 v\u0259zif\u0259li \u015f\u0259xsl\u0259ri v\u0259 m\u00fct\u0259x\u0259ssisl\u0259ri t\u0259r\u0259find\u0259n brifinql\u0259r t\u0259qdim olunduqdan sonra geni\u015f m\u00fczakir\u0259l\u0259r apar\u0131l\u0131b, h\u0259m\u00e7inin qar\u015f\u0131l\u0131ql\u0131 maraq do\u011furan suallar cavabland\u0131r\u0131l\u0131b.<\/p>\n","protected":false},"excerpt":{"rendered":"<p>Az\u0259rbaycan v\u0259 Serbiya M\u00fcdafi\u0259 nazirlikl\u0259ri aras\u0131nda ikit\u0259r\u0259fli \u0259m\u0259kda\u015fl\u0131q plan\u0131na \u0259sas\u0259n, M\u00fcdafi\u0259 Nazirliyinin Beyn\u0259lxalq H\u0259rbi \u018fm\u0259kda\u015fl\u0131q \u0130dar\u0259sind\u0259 \u201cQuru Qo\u015funlar\u0131n\u0131n d\u00f6y\u00fc\u015f haz\u0131rl\u0131\u011f\u0131 v\u0259 \u00f6yr\u0259nilmi\u015f t\u0259cr\u00fcb\u0259l\u0259r\u201d m\u00f6vzusu \u00fczr\u0259 h\u0259r iki \u00f6lk\u0259nin h\u0259rbi ekspertl\u0259rinin g\u00f6r\u00fc\u015f\u00fc ke\u00e7irilib. ARANTV.AZ\u00a0 x\u0259b\u0259r verir ki,\u00a0Serbiyal\u0131 qonaqlara Az\u0259rbaycan Ordusunun Quru Qo\u015funlar\u0131nda d\u00f6y\u00fc\u015f haz\u0131rl\u0131\u011f\u0131n\u0131n t\u0259\u015fkili v\u0259 dig\u0259r f\u0259aliyy\u0259t istiqam\u0259tl\u0259ri bar\u0259d\u0259 \u0259trafl\u0131 m\u0259lumat verilib. G\u00f6r\u00fc\u015fd\u0259 h\u0259r iki \u00f6lk\u0259nin Quru Qo\u015funlar\u0131n\u0131n d\u00f6y\u00fc\u015f haz\u0131rl\u0131\u011f\u0131 \u00fczr\u0259 v\u0259zif\u0259li \u015f\u0259xsl\u0259ri v\u0259 m\u00fct\u0259x\u0259ssisl\u0259ri t\u0259r\u0259find\u0259n brifinql\u0259r t\u0259qdim olunduqdan sonra geni\u015f m\u00fczakir\u0259l\u0259r apar\u0131l\u0131b, h\u0259m\u00e7inin qar\u015f\u0131l\u0131ql\u0131 maraq do\u011furan suallar cavabland\u0131r\u0131l\u0131b.<\/p>\n","protected":false},"author":2,"featured_media":733044,"comment_status":"closed","ping_status":"closed","sticky":false,"template":"","format":"standard","meta":{"om_disable_all_campaigns":false,"_monsterinsights_skip_tracking":false,"_monsterinsights_sitenote_active":false,"_monsterinsights_sitenote_note":"","_monsterinsights_sitenote_category":0},"categories":[10],"tags":[],"aioseo_notices":[],"gutentor_comment":0,"rttpg_featured_image_url":{"full":["https:\/\/arantv.az\/wp-content\/uploads\/2024\/06\/fbfe5ba2171955449652068189410661248.jpg",975,540,false],"landscape":["https:\/\/arantv.az\/wp-content\/uploads\/2024\/06\/fbfe5ba2171955449652068189410661248.jpg",975,540,false],"portraits":["https:\/\/arantv.az\/wp-content\/uploads\/2024\/06\/fbfe5ba2171955449652068189410661248.jpg",975,540,false],"thumbnail":["https:\/\/arantv.az\/wp-content\/uploads\/2024\/06\/fbfe5ba2171955449652068189410661248-500x280.jpg",500,280,true],"medium":["https:\/\/arantv.az\/wp-content\/uploads\/2024\/06\/fbfe5ba2171955449652068189410661248-660x365.jpg",660,365,true],"large":["https:\/\/arantv.az\/wp-content\/uploads\/2024\/06\/fbfe5ba2171955449652068189410661248-840x465.jpg",640,354,true],"1536x1536":["https:\/\/arantv.az\/wp-content\/uploads\/2024\/06\/fbfe5ba2171955449652068189410661248.jpg",975,540,false],"2048x2048":["https:\/\/arantv.az\/wp-content\/uploads\/2024\/06\/fbfe5ba2171955449652068189410661248.jpg",975,540,false],"post-thumbnail":["https:\/\/arantv.az\/wp-content\/uploads\/2024\/06\/fbfe5ba2171955449652068189410661248-240x172.jpg",240,172,true],"advps-thumb-one":["https:\/\/arantv.az\/wp-content\/uploads\/2024\/06\/fbfe5ba2171955449652068189410661248.jpg",975,540,false]},"rttpg_author":{"display_name":"V\u00fcsal Rafiqo\u011flu","author_link":"https:\/\/arantv.az\/?author=2"},"rttpg_comment":0,"rttpg_category":"<a href=\"https:\/\/arantv.az\/?cat=10\" rel=\"category\">C\u0259bh\u0259d\u0259n X\u0259b\u0259r<\/a>","rttpg_excerpt":"Az\u0259rbaycan v\u0259 Serbiya M\u00fcdafi\u0259 nazirlikl\u0259ri aras\u0131nda ikit\u0259r\u0259fli \u0259m\u0259kda\u015fl\u0131q plan\u0131na \u0259sas\u0259n, M\u00fcdafi\u0259 Nazirliyinin Beyn\u0259lxalq H\u0259rbi \u018fm\u0259kda\u015fl\u0131q \u0130dar\u0259sind\u0259 \u201cQuru Qo\u015funlar\u0131n\u0131n d\u00f6y\u00fc\u015f haz\u0131rl\u0131\u011f\u0131 v\u0259 \u00f6yr\u0259nilmi\u015f t\u0259cr\u00fcb\u0259l\u0259r\u201d m\u00f6vzusu \u00fczr\u0259 h\u0259r iki \u00f6lk\u0259nin h\u0259rbi ekspertl\u0259rinin g\u00f6r\u00fc\u015f\u00fc ke\u00e7irilib. ARANTV.AZ\u00a0 x\u0259b\u0259r verir ki,\u00a0Serbiyal\u0131 qonaqlara Az\u0259rbaycan Ordusunun Quru Qo\u015funlar\u0131nda d\u00f6y\u00fc\u015f haz\u0131rl\u0131\u011f\u0131n\u0131n t\u0259\u015fkili v\u0259 dig\u0259r f\u0259aliyy\u0259t istiqam\u0259tl\u0259ri bar\u0259d\u0259 \u0259trafl\u0131 m\u0259lumat verilib. G\u00f6r\u00fc\u015fd\u0259 h\u0259r iki&hellip;","_links":{"self":[{"href":"https:\/\/arantv.az\/index.php?rest_route=\/wp\/v2\/posts\/733043"}],"collection":[{"href":"https:\/\/arantv.az\/index.php?rest_route=\/wp\/v2\/posts"}],"about":[{"href":"https:\/\/arantv.az\/index.php?rest_route=\/wp\/v2\/types\/post"}],"author":[{"embeddable":true,"href":"https:\/\/arantv.az\/index.php?rest_route=\/wp\/v2\/users\/2"}],"replies":[{"embeddable":true,"href":"https:\/\/arantv.az\/index.php?rest_route=%2Fwp%2Fv2%2Fcomments&post=733043"}],"version-history":[{"count":0,"href":"https:\/\/arantv.az\/index.php?rest_route=\/wp\/v2\/posts\/733043\/revisions"}],"wp:featuredmedia":[{"embeddable":true,"href":"https:\/\/arantv.az\/index.php?rest_route=\/wp\/v2\/media\/733044"}],"wp:attachment":[{"href":"https:\/\/arantv.az\/index.php?rest_route=%2Fwp%2Fv2%2Fmedia&parent=733043"}],"wp:term":[{"taxonomy":"category","embeddable":true,"href":"https:\/\/arantv.az\/index.php?rest_route=%2Fwp%2Fv2%2Fcategories&post=733043"},{"taxonomy":"post_tag","embeddable":true,"href":"https:\/\/arantv.az\/index.php?rest_route=%2Fwp%2Fv2%2Ftags&post=733043"}],"curies":[{"name":"wp","href":"https:\/\/api.w.org\/{rel}","templated":true}]}}