{"id":733095,"date":"2024-06-28T13:02:54","date_gmt":"2024-06-28T09:02:54","guid":{"rendered":"https:\/\/arantv.az\/?p=733095"},"modified":"2024-06-28T13:02:54","modified_gmt":"2024-06-28T09:02:54","slug":"bu-gun-%c9%99ziz-dayim-arif-kamil-oglu-rust%c9%99movun-ildonumudur","status":"publish","type":"post","link":"https:\/\/arantv.az\/?p=733095","title":{"rendered":"Bu g\u00fcn \u0259ziz day\u0131m Arif Kamil o\u011flu R\u00fcst\u0259movun ild\u00f6n\u00fcm\u00fcd\u00fcr."},"content":{"rendered":"<p>Bu g\u00fcn \u0259ziz day\u0131m Arif Kamil o\u011flu R\u00fcst\u0259movun ild\u00f6n\u00fcm\u00fcd\u00fcr. 1952-ci ild\u0259 \u015e\u0259rur rayonunun \u015eahtaxt\u0131 k\u0259ndind\u0259 Kamil b\u0259yl\u0259 H\u0259vva xan\u0131m\u0131n ail\u0259sind\u0259 do\u011fulub. \u018fsl\u0259n D\u0259r\u0259l\u0259y\u0259zin Qovu\u015fuq k\u0259ndind\u0259ndir. 10 bac\u0131 v\u0259 qarda\u015f\u0131n ya\u015fca \u0259n b\u00f6y\u00fcy\u00fc olub. H\u0259r zaman onlar\u0131n qay\u011f\u0131s\u0131n\u0131 \u00e7\u0259kib. B\u00f6y\u00fck Da\u011fd\u0259l\u0259nlil\u0259r tayfas\u0131n\u0131n n\u00fcmay\u0259nd\u0259sidir. Tayfan\u0131n Da\u011fd\u0259l\u0259nlil\u0259r adland\u0131r\u0131lmas\u0131n\u0131n s\u0259b\u0259bi odur ki, Qacar \u015fah\u0131n d\u00f6vr\u00fcnd\u0259 el-obada su q\u0131tl\u0131\u011f\u0131 oldu\u011fu \u00fc\u00e7\u00fcn \u015fah deyib ki, kim k\u0259nd\u0259 su g\u0259tirib, m\u0259nd\u0259n n\u0259 ist\u0259s\u0259, ver\u0259c\u0259y\u0259m. Ulu babam\u0131z R\u00fcst\u0259m b\u0259y \u015eah\u0131n saray\u0131nda \u00e7al\u0131\u015f\u0131rm\u0131\u015f v\u0259 k\u00fcl\u00fcngl\u0259 da\u011f\u0131 d\u0259lib suyu g\u0259tir\u0259r\u0259k \u015fah\u0131 v\u0259 xalq\u0131 xilas edib. \u015eaha deyib ki, pul, q\u0131z\u0131l, ad-san ist\u0259mir\u0259m. M\u0259n\u0259 haqq\u0131m olan\u0131 &#8211; Da\u011fd\u0259l\u0259nli des\u0259n, b\u0259simdir. Bu tayfan\u0131n n\u00fcmay\u0259nd\u0259l\u0259rind\u0259 p\u0259hl\u0259vanl\u0131qda var, g\u00fccl\u00fc, q\u00fcvv\u0259tli olublar. Bu g\u00fcc, q\u00fcvv\u0259t, m\u0259rdlik v\u0259 c\u0259sar\u0259t day\u0131mda da var idi.<\/p>\n<p>\u015eahtaxt\u0131da atas\u0131 Kamil b\u0259yin, babam\u0131n i\u015fin\u0259 g\u00f6r\u0259 ya\u015fay\u0131blar, sonra \u015e\u0259rur rayonunun K\u0259rki k\u0259ndin\u0259 k\u00f6\u00e7\u00fcbl\u0259r. Burada b\u00f6y\u00fcy\u00fcb, Ordubad rayonunda orta m\u0259kt\u0259b\u0259 gedib. So\u00e7i \u015f\u0259h\u0259rind\u0259 h\u0259rbi xidm\u0259td\u0259 olub, burada h\u0259rbi komandirinin t\u0259kidiyl\u0259 qal\u0131b h\u0259rbi h\u0259kimlik ixtisas\u0131 \u00fczr\u0259 t\u0259hsil al\u0131rm\u0131\u015f, sonralar atas\u0131 Kamil b\u0259yi-babam\u0131, anas\u0131 H\u0259vva xan\u0131m\u0131-n\u0259n\u0259mi v\u0259 bac\u0131 v\u0259 qarda\u015flar\u0131n\u0131 nigaran v\u0259 h\u0259sr\u0259td\u0259 qoymamaq \u00fc\u00e7\u00fcn t\u0259hsilini yar\u0131m\u00e7\u0131q qoyub, k\u0259nd\u0259 qay\u0131d\u0131b. Nax\u00e7\u0131vanda, \u015e\u0259rurda, D\u0259r\u0259l\u0259y\u0259zd\u0259 h\u0259r k\u0259s onu \u00e7ox h\u00f6rm\u0259tli, n\u00fcfuzlu, m\u0259rd, c\u0259sar\u0259tli, k\u00f6m\u0259ksev\u0259r insan kimi tan\u0131y\u0131rm\u0131\u015f. Dostu, tan\u0131\u015f\u0131 \u00e7ox oldu\u011fu \u00fc\u00e7\u00fcn ev h\u0259r zaman qonaq-qaral\u0131 olub. K\u0259rki k\u0259ndind\u0259 H\u0259vva xan\u0131mla ail\u0259 h\u0259yat\u0131 qurub, 3 \u00f6vlad\u0131 v\u0259 3 n\u0259v\u0259si var. \u015e\u0259rurda F\u00f6vq\u0259lad\u0259 Hallar nazirliyind\u0259 v\u0259 Qarakils\u0259d\u0259 \u00e7al\u0131\u015f\u0131b. G\u0259nc\u0259d\u0259 d\u0259 biznesl\u0259 m\u0259\u015f\u011ful olub. \u00d6vladlar\u0131 g\u00fcc strukturlar\u0131nda \u00e7al\u0131\u015f\u0131r.<\/p>\n<p>1988-ci ild\u0259 K\u0259rki k\u0259ndini erm\u0259ni i\u015f\u011fal\u0131ndan qorumaq \u00fc\u00e7\u00fcn day\u0131m son ana kimi d\u00f6y\u00fc\u015f\u0259nl\u0259rd\u0259n idi. Q\u0259hr\u0259manl\u0131q v\u0259 \u015f\u00fcca\u0259t g\u00f6st\u0259rib. T\u0259\u0259ss\u00fcf ki, k\u0259nd i\u015f\u011fal olunub.<\/p>\n<p>Bak\u0131 D\u00f6vl\u0259t Universitetind\u0259 h\u00fcquq\u015f\u00fcnasl\u0131q ixtisas\u0131 \u00fczr\u0259 t\u0259hsil al\u0131b, bir ne\u00e7\u0259 dil bilirdi: rus, alman v\u0259 s. Ulu \u00f6nd\u0259r Heyd\u0259r \u018fliyevin v\u0259 Prezident \u0130lham \u018fliyevin siyas\u0259tini h\u0259r zaman d\u0259st\u0259kl\u0259yib. Uzun ill\u0259r Yeni Az\u0259rbaycan Partiyas\u0131nda m\u00fcxt\u0259lif v\u0259zif\u0259l\u0259rd\u0259 \u00e7al\u0131\u015f\u0131b. YAP-\u0131n inki\u015faf\u0131 \u00fc\u00e7\u00fcn yorulmaz f\u0259aliyy\u0259t g\u00f6st\u0259rib. M\u00f6t\u0259b\u0259r d\u00f6vl\u0259t t\u0259dbirl\u0259rinin daim i\u015ftirak\u00e7\u0131s\u0131 olub. M\u00fcxt\u0259lif t\u0259ltifl\u0259r\u0259 v\u0259 d\u00f6vl\u0259t s\u0259viyy\u0259li medallara layiq g\u00f6r\u00fcl\u00fcb. Prezident t\u0259qa\u00fcd\u00fc verilm\u0259si is\u0259 onun d\u00f6vl\u0259t\u00e7ilik f\u0259aliyy\u0259tin\u0259 veril\u0259n \u0259n y\u00fcks\u0259k d\u0259y\u0259rdir. H\u0259r zaman d\u00f6vl\u0259t\u0259 v\u0259 d\u00f6vl\u0259t\u00e7iliy\u0259 xidm\u0259t edib.<\/p>\n<p>Qohumlar\u0131 \u00fc\u00e7\u00fcn bir b\u00f6y\u00fck kimi \u0259ziz insan olub, h\u0259r zaman k\u00f6m\u0259k \u0259lini uzad\u0131b. Bu m\u0259lumatlar bac\u0131s\u0131, m\u0259nim xalam N\u0259zak\u0259t xan\u0131m v\u0259 ail\u0259si t\u0259r\u0259find\u0259n verilib. Vaxts\u0131z v\u0259fat\u0131 h\u0259yat yolda\u015f\u0131 H\u0259vva xan\u0131m\u0131 v\u0259 bizl\u0259ri sars\u0131d\u0131b. Allah r\u0259hm\u0259t el\u0259sin. Q\u00fcrur duydu\u011fumuz day\u0131m\u0131z, h\u0259r zaman yerin g\u00f6r\u00fcn\u00fcr.<\/p>\n<p><img loading=\"lazy\" class=\"alignnone size-medium wp-image-733096\" src=\"https:\/\/arantv.az\/wp-content\/uploads\/2024\/06\/IMG-20240628-WA0015-274x365.jpg\" alt=\"\" width=\"274\" height=\"365\" \/><\/p>\n<p><img loading=\"lazy\" class=\"alignnone size-medium wp-image-733097\" src=\"https:\/\/arantv.az\/wp-content\/uploads\/2024\/06\/IMG-20240628-WA0017-264x365.jpg\" alt=\"\" width=\"264\" height=\"365\" \/> <img loading=\"lazy\" class=\"alignnone size-medium wp-image-733098\" src=\"https:\/\/arantv.az\/wp-content\/uploads\/2024\/06\/IMG-20240628-WA0016-274x365.jpg\" alt=\"\" width=\"274\" height=\"365\" \/><\/p>\n","protected":false},"excerpt":{"rendered":"<p>Bu g\u00fcn \u0259ziz day\u0131m Arif Kamil o\u011flu R\u00fcst\u0259movun ild\u00f6n\u00fcm\u00fcd\u00fcr. 1952-ci ild\u0259 \u015e\u0259rur rayonunun \u015eahtaxt\u0131 k\u0259ndind\u0259 Kamil b\u0259yl\u0259 H\u0259vva xan\u0131m\u0131n ail\u0259sind\u0259 do\u011fulub. \u018fsl\u0259n D\u0259r\u0259l\u0259y\u0259zin Qovu\u015fuq k\u0259ndind\u0259ndir. 10 bac\u0131 v\u0259 qarda\u015f\u0131n ya\u015fca \u0259n b\u00f6y\u00fcy\u00fc olub. H\u0259r zaman onlar\u0131n qay\u011f\u0131s\u0131n\u0131 \u00e7\u0259kib. B\u00f6y\u00fck Da\u011fd\u0259l\u0259nlil\u0259r tayfas\u0131n\u0131n n\u00fcmay\u0259nd\u0259sidir. Tayfan\u0131n Da\u011fd\u0259l\u0259nlil\u0259r adland\u0131r\u0131lmas\u0131n\u0131n s\u0259b\u0259bi odur ki, Qacar \u015fah\u0131n d\u00f6vr\u00fcnd\u0259 el-obada su q\u0131tl\u0131\u011f\u0131 oldu\u011fu \u00fc\u00e7\u00fcn \u015fah deyib ki, kim k\u0259nd\u0259 su g\u0259tirib, m\u0259nd\u0259n n\u0259 ist\u0259s\u0259, ver\u0259c\u0259y\u0259m. Ulu babam\u0131z R\u00fcst\u0259m b\u0259y \u015eah\u0131n saray\u0131nda \u00e7al\u0131\u015f\u0131rm\u0131\u015f v\u0259 k\u00fcl\u00fcngl\u0259 da\u011f\u0131 d\u0259lib suyu g\u0259tir\u0259r\u0259k \u015fah\u0131 v\u0259 xalq\u0131 xilas edib. \u015eaha deyib ki, pul, q\u0131z\u0131l,&hellip;<\/p>\n","protected":false},"author":2,"featured_media":733096,"comment_status":"closed","ping_status":"closed","sticky":false,"template":"","format":"standard","meta":{"om_disable_all_campaigns":false,"_monsterinsights_skip_tracking":false,"_monsterinsights_sitenote_active":false,"_monsterinsights_sitenote_note":"","_monsterinsights_sitenote_category":0},"categories":[1],"tags":[],"aioseo_notices":[],"gutentor_comment":0,"rttpg_featured_image_url":{"full":["https:\/\/arantv.az\/wp-content\/uploads\/2024\/06\/IMG-20240628-WA0015.jpg",891,1187,false],"landscape":["https:\/\/arantv.az\/wp-content\/uploads\/2024\/06\/IMG-20240628-WA0015.jpg",891,1187,false],"portraits":["https:\/\/arantv.az\/wp-content\/uploads\/2024\/06\/IMG-20240628-WA0015.jpg",891,1187,false],"thumbnail":["https:\/\/arantv.az\/wp-content\/uploads\/2024\/06\/IMG-20240628-WA0015-500x280.jpg",500,280,true],"medium":["https:\/\/arantv.az\/wp-content\/uploads\/2024\/06\/IMG-20240628-WA0015-274x365.jpg",274,365,true],"large":["https:\/\/arantv.az\/wp-content\/uploads\/2024\/06\/IMG-20240628-WA0015-631x840.jpg",631,840,true],"1536x1536":["https:\/\/arantv.az\/wp-content\/uploads\/2024\/06\/IMG-20240628-WA0015.jpg",891,1187,false],"2048x2048":["https:\/\/arantv.az\/wp-content\/uploads\/2024\/06\/IMG-20240628-WA0015.jpg",891,1187,false],"post-thumbnail":["https:\/\/arantv.az\/wp-content\/uploads\/2024\/06\/IMG-20240628-WA0015-240x172.jpg",240,172,true],"advps-thumb-one":["https:\/\/arantv.az\/wp-content\/uploads\/2024\/06\/IMG-20240628-WA0015-891x620.jpg",891,620,true]},"rttpg_author":{"display_name":"V\u00fcsal Rafiqo\u011flu","author_link":"https:\/\/arantv.az\/?author=2"},"rttpg_comment":0,"rttpg_category":"<a href=\"https:\/\/arantv.az\/?cat=1\" rel=\"category\">C\u0259miyy\u0259t<\/a>","rttpg_excerpt":"Bu g\u00fcn \u0259ziz day\u0131m Arif Kamil o\u011flu R\u00fcst\u0259movun ild\u00f6n\u00fcm\u00fcd\u00fcr. 1952-ci ild\u0259 \u015e\u0259rur rayonunun \u015eahtaxt\u0131 k\u0259ndind\u0259 Kamil b\u0259yl\u0259 H\u0259vva xan\u0131m\u0131n ail\u0259sind\u0259 do\u011fulub. \u018fsl\u0259n D\u0259r\u0259l\u0259y\u0259zin Qovu\u015fuq k\u0259ndind\u0259ndir. 10 bac\u0131 v\u0259 qarda\u015f\u0131n ya\u015fca \u0259n b\u00f6y\u00fcy\u00fc olub. H\u0259r zaman onlar\u0131n qay\u011f\u0131s\u0131n\u0131 \u00e7\u0259kib. B\u00f6y\u00fck Da\u011fd\u0259l\u0259nlil\u0259r tayfas\u0131n\u0131n n\u00fcmay\u0259nd\u0259sidir. Tayfan\u0131n Da\u011fd\u0259l\u0259nlil\u0259r adland\u0131r\u0131lmas\u0131n\u0131n s\u0259b\u0259bi odur ki, Qacar \u015fah\u0131n d\u00f6vr\u00fcnd\u0259 el-obada su q\u0131tl\u0131\u011f\u0131 oldu\u011fu&hellip;","_links":{"self":[{"href":"https:\/\/arantv.az\/index.php?rest_route=\/wp\/v2\/posts\/733095"}],"collection":[{"href":"https:\/\/arantv.az\/index.php?rest_route=\/wp\/v2\/posts"}],"about":[{"href":"https:\/\/arantv.az\/index.php?rest_route=\/wp\/v2\/types\/post"}],"author":[{"embeddable":true,"href":"https:\/\/arantv.az\/index.php?rest_route=\/wp\/v2\/users\/2"}],"replies":[{"embeddable":true,"href":"https:\/\/arantv.az\/index.php?rest_route=%2Fwp%2Fv2%2Fcomments&post=733095"}],"version-history":[{"count":0,"href":"https:\/\/arantv.az\/index.php?rest_route=\/wp\/v2\/posts\/733095\/revisions"}],"wp:featuredmedia":[{"embeddable":true,"href":"https:\/\/arantv.az\/index.php?rest_route=\/wp\/v2\/media\/733096"}],"wp:attachment":[{"href":"https:\/\/arantv.az\/index.php?rest_route=%2Fwp%2Fv2%2Fmedia&parent=733095"}],"wp:term":[{"taxonomy":"category","embeddable":true,"href":"https:\/\/arantv.az\/index.php?rest_route=%2Fwp%2Fv2%2Fcategories&post=733095"},{"taxonomy":"post_tag","embeddable":true,"href":"https:\/\/arantv.az\/index.php?rest_route=%2Fwp%2Fv2%2Ftags&post=733095"}],"curies":[{"name":"wp","href":"https:\/\/api.w.org\/{rel}","templated":true}]}}