{"id":733102,"date":"2024-06-28T19:01:35","date_gmt":"2024-06-28T15:01:35","guid":{"rendered":"https:\/\/arantv.az\/?p=733102"},"modified":"2024-06-28T19:01:35","modified_gmt":"2024-06-28T15:01:35","slug":"bolg%c9%99l%c9%99rd%c9%99-istirah%c9%99td%c9%99-olan-s%c9%99xsl%c9%99r%c9%99-x%c9%99b%c9%99rdarliq-edildi-dolu-dus%c9%99c%c9%99k-sel-kec%c9%99c%c9%99k-dasqin-olacaq","status":"publish","type":"post","link":"https:\/\/arantv.az\/?p=733102","title":{"rendered":"B\u00f6lg\u0259l\u0259rd\u0259 istirah\u0259td\u0259 olan \u015f\u0259xsl\u0259r\u0259 X\u018fB\u018fRDARLIQ ED\u0130LD\u0130: Dolu d\u00fc\u015f\u0259c\u0259k, sel ke\u00e7\u0259c\u0259k, da\u015fq\u0131n olacaq"},"content":{"rendered":"<p>\u0130yunun 29-da Da\u015fk\u0259s\u0259n\u2013G\u0259d\u0259b\u0259y, G\u0259nc\u0259-Qazax, Qaraba\u011f v\u0259 \u015e\u0259rqi Z\u0259ng\u0259zur, Balak\u0259n-\u015e\u0259ki, Quba-Qusar, Da\u011fl\u0131q \u015eirvan, L\u0259nk\u0259ran-Astara b\u00f6lg\u0259sind\u0259 leysan xarakterli ya\u011f\u0131\u015f ya\u011faca\u011f\u0131 v\u0259 dolu d\u00fc\u015f\u0259c\u0259yi g\u00f6zl\u0259nilir ki, bu da qeyd olunan \u0259razil\u0259rd\u0259n axan \u00e7aylarda sululu\u011fun artmas\u0131 v\u0259 sel ke\u00e7m\u0259si ehtimal\u0131n\u0131 yarad\u0131r.<\/p>\n<p><strong>ARANTV.AZ <\/strong>x\u0259b\u0259r verir ki, bunu Milli Hidrometeorologiya Xidm\u0259tinin Hidrologiya M\u0259rk\u0259zinin direktoru Asif Verdiyev bildirib.<\/p>\n<p>Ba\u015f hidroloq sel t\u0259hl\u00fck\u0259si olan \u0259razil\u0259rd\u0259n axan \u00e7aylarda ba\u015f ver\u0259 bil\u0259c\u0259k da\u015fq\u0131nlarla \u0259laq\u0259dar \u00e7ay sahilind\u0259 ya\u015fayan v\u0259 istirah\u0259t ed\u0259n v\u0259t\u0259nda\u015flara diqq\u0259tli olmalar\u0131 \u00fc\u00e7\u00fcn \u00e7a\u011f\u0131r\u0131\u015f edib.<\/p>\n<p>&#8220;V\u0259t\u0259nda\u015flara m\u00fcmk\u00fcn q\u0259d\u0259r \u00e7aylar\u0131n sahilind\u0259n uzaq, t\u0259hl\u00fck\u0259siz yerl\u0259rd\u0259 durmalar\u0131n\u0131, sel hadis\u0259si zaman\u0131 \u00e7aylar\u0131n yax\u0131nl\u0131\u011f\u0131nda dayan\u0131b prosesi izl\u0259m\u0259m\u0259l\u0259rini v\u0259 d\u0259rhal \u0259razini t\u0259rk etm\u0259l\u0259rini t\u00f6vsiy\u0259 edirik&#8221;.<\/p>\n","protected":false},"excerpt":{"rendered":"<p>\u0130yunun 29-da Da\u015fk\u0259s\u0259n\u2013G\u0259d\u0259b\u0259y, G\u0259nc\u0259-Qazax, Qaraba\u011f v\u0259 \u015e\u0259rqi Z\u0259ng\u0259zur, Balak\u0259n-\u015e\u0259ki, Quba-Qusar, Da\u011fl\u0131q \u015eirvan, L\u0259nk\u0259ran-Astara b\u00f6lg\u0259sind\u0259 leysan xarakterli ya\u011f\u0131\u015f ya\u011faca\u011f\u0131 v\u0259 dolu d\u00fc\u015f\u0259c\u0259yi g\u00f6zl\u0259nilir ki, bu da qeyd olunan \u0259razil\u0259rd\u0259n axan \u00e7aylarda sululu\u011fun artmas\u0131 v\u0259 sel ke\u00e7m\u0259si ehtimal\u0131n\u0131 yarad\u0131r. ARANTV.AZ x\u0259b\u0259r verir ki, bunu Milli Hidrometeorologiya Xidm\u0259tinin Hidrologiya M\u0259rk\u0259zinin direktoru Asif Verdiyev bildirib. Ba\u015f hidroloq sel t\u0259hl\u00fck\u0259si olan \u0259razil\u0259rd\u0259n axan \u00e7aylarda ba\u015f ver\u0259 bil\u0259c\u0259k da\u015fq\u0131nlarla \u0259laq\u0259dar \u00e7ay sahilind\u0259 ya\u015fayan v\u0259 istirah\u0259t ed\u0259n v\u0259t\u0259nda\u015flara diqq\u0259tli olmalar\u0131 \u00fc\u00e7\u00fcn \u00e7a\u011f\u0131r\u0131\u015f edib. &#8220;V\u0259t\u0259nda\u015flara m\u00fcmk\u00fcn q\u0259d\u0259r \u00e7aylar\u0131n sahilind\u0259n uzaq, t\u0259hl\u00fck\u0259siz yerl\u0259rd\u0259 durmalar\u0131n\u0131, sel hadis\u0259si zaman\u0131 \u00e7aylar\u0131n yax\u0131nl\u0131\u011f\u0131nda&hellip;<\/p>\n","protected":false},"author":2,"featured_media":733103,"comment_status":"closed","ping_status":"closed","sticky":false,"template":"","format":"standard","meta":{"om_disable_all_campaigns":false,"_monsterinsights_skip_tracking":false,"_monsterinsights_sitenote_active":false,"_monsterinsights_sitenote_note":"","_monsterinsights_sitenote_category":0},"categories":[1],"tags":[],"aioseo_notices":[],"gutentor_comment":0,"rttpg_featured_image_url":{"full":["https:\/\/arantv.az\/wp-content\/uploads\/2024\/06\/sel_teze.jpg",1200,800,false],"landscape":["https:\/\/arantv.az\/wp-content\/uploads\/2024\/06\/sel_teze.jpg",1200,800,false],"portraits":["https:\/\/arantv.az\/wp-content\/uploads\/2024\/06\/sel_teze.jpg",1200,800,false],"thumbnail":["https:\/\/arantv.az\/wp-content\/uploads\/2024\/06\/sel_teze-500x280.jpg",500,280,true],"medium":["https:\/\/arantv.az\/wp-content\/uploads\/2024\/06\/sel_teze-548x365.jpg",548,365,true],"large":["https:\/\/arantv.az\/wp-content\/uploads\/2024\/06\/sel_teze-840x560.jpg",640,427,true],"1536x1536":["https:\/\/arantv.az\/wp-content\/uploads\/2024\/06\/sel_teze.jpg",1200,800,false],"2048x2048":["https:\/\/arantv.az\/wp-content\/uploads\/2024\/06\/sel_teze.jpg",1200,800,false],"post-thumbnail":["https:\/\/arantv.az\/wp-content\/uploads\/2024\/06\/sel_teze-240x172.jpg",240,172,true],"advps-thumb-one":["https:\/\/arantv.az\/wp-content\/uploads\/2024\/06\/sel_teze-1200x620.jpg",1200,620,true]},"rttpg_author":{"display_name":"V\u00fcsal Rafiqo\u011flu","author_link":"https:\/\/arantv.az\/?author=2"},"rttpg_comment":0,"rttpg_category":"<a href=\"https:\/\/arantv.az\/?cat=1\" rel=\"category\">C\u0259miyy\u0259t<\/a>","rttpg_excerpt":"\u0130yunun 29-da Da\u015fk\u0259s\u0259n\u2013G\u0259d\u0259b\u0259y, G\u0259nc\u0259-Qazax, Qaraba\u011f v\u0259 \u015e\u0259rqi Z\u0259ng\u0259zur, Balak\u0259n-\u015e\u0259ki, Quba-Qusar, Da\u011fl\u0131q \u015eirvan, L\u0259nk\u0259ran-Astara b\u00f6lg\u0259sind\u0259 leysan xarakterli ya\u011f\u0131\u015f ya\u011faca\u011f\u0131 v\u0259 dolu d\u00fc\u015f\u0259c\u0259yi g\u00f6zl\u0259nilir ki, bu da qeyd olunan \u0259razil\u0259rd\u0259n axan \u00e7aylarda sululu\u011fun artmas\u0131 v\u0259 sel ke\u00e7m\u0259si ehtimal\u0131n\u0131 yarad\u0131r. ARANTV.AZ x\u0259b\u0259r verir ki, bunu Milli Hidrometeorologiya Xidm\u0259tinin Hidrologiya M\u0259rk\u0259zinin direktoru Asif Verdiyev bildirib. Ba\u015f hidroloq sel t\u0259hl\u00fck\u0259si&hellip;","_links":{"self":[{"href":"https:\/\/arantv.az\/index.php?rest_route=\/wp\/v2\/posts\/733102"}],"collection":[{"href":"https:\/\/arantv.az\/index.php?rest_route=\/wp\/v2\/posts"}],"about":[{"href":"https:\/\/arantv.az\/index.php?rest_route=\/wp\/v2\/types\/post"}],"author":[{"embeddable":true,"href":"https:\/\/arantv.az\/index.php?rest_route=\/wp\/v2\/users\/2"}],"replies":[{"embeddable":true,"href":"https:\/\/arantv.az\/index.php?rest_route=%2Fwp%2Fv2%2Fcomments&post=733102"}],"version-history":[{"count":0,"href":"https:\/\/arantv.az\/index.php?rest_route=\/wp\/v2\/posts\/733102\/revisions"}],"wp:featuredmedia":[{"embeddable":true,"href":"https:\/\/arantv.az\/index.php?rest_route=\/wp\/v2\/media\/733103"}],"wp:attachment":[{"href":"https:\/\/arantv.az\/index.php?rest_route=%2Fwp%2Fv2%2Fmedia&parent=733102"}],"wp:term":[{"taxonomy":"category","embeddable":true,"href":"https:\/\/arantv.az\/index.php?rest_route=%2Fwp%2Fv2%2Fcategories&post=733102"},{"taxonomy":"post_tag","embeddable":true,"href":"https:\/\/arantv.az\/index.php?rest_route=%2Fwp%2Fv2%2Ftags&post=733102"}],"curies":[{"name":"wp","href":"https:\/\/api.w.org\/{rel}","templated":true}]}}