{"id":733105,"date":"2024-06-28T19:03:13","date_gmt":"2024-06-28T15:03:13","guid":{"rendered":"https:\/\/arantv.az\/?p=733105"},"modified":"2024-06-28T19:03:13","modified_gmt":"2024-06-28T15:03:13","slug":"albaniya-il%c9%99-birg%c9%99-hokum%c9%99tl%c9%99rarasi-komissiyanin-az%c9%99rbaycan-t%c9%99r%c9%99find%c9%99n-t%c9%99rkibi-t%c9%99sdiql%c9%99ndi","status":"publish","type":"post","link":"https:\/\/arantv.az\/?p=733105","title":{"rendered":"Albaniya il\u0259 birg\u0259 h\u00f6kum\u0259tl\u0259raras\u0131 komissiyan\u0131n Az\u0259rbaycan t\u0259r\u0259find\u0259n t\u0259rkibi T\u018fSD\u0130QL\u018fND\u0130"},"content":{"rendered":"<p>Prezident\u00a0<strong>\u0130lham \u018fliyev<\/strong>\u00a0Az\u0259rbaycan Respublikas\u0131 H\u00f6kum\u0259ti il\u0259 Albaniya Respublikas\u0131 Nazirl\u0259r \u015euras\u0131 aras\u0131nda iqtisadi \u0259m\u0259kda\u015fl\u0131q \u00fczr\u0259 Birg\u0259 H\u00f6kum\u0259tl\u0259raras\u0131 Komissiyan\u0131n Az\u0259rbaycan Respublikas\u0131 t\u0259r\u0259find\u0259n t\u0259rkibi haqq\u0131nda S\u0259r\u0259ncam imzalay\u0131b.<\/p>\n<p>Bununla ba\u011fl\u0131\u00a0<a href=\"https:\/\/president.az\/az\/articles\/view\/66342\" target=\"_blank\" rel=\"nofollow noopener\"><strong>President.az<\/strong><\/a>\u00a0m\u0259lumat yay\u0131b.<\/p>\n<p>S\u0259r\u0259ncamla Az\u0259rbaycan Respublikas\u0131 H\u00f6kum\u0259ti il\u0259 Albaniya Respublikas\u0131 Nazirl\u0259r \u015euras\u0131 aras\u0131nda iqtisadi \u0259m\u0259kda\u015fl\u0131q \u00fczr\u0259 Birg\u0259 H\u00f6kum\u0259tl\u0259raras\u0131 Komissiyan\u0131n Az\u0259rbaycan Respublikas\u0131 t\u0259r\u0259find\u0259n a\u015fa\u011f\u0131dak\u0131 t\u0259rkibi t\u0259sdiq edilib:<\/p>\n<p><strong>Komissiyan\u0131n h\u0259ms\u0259dri<\/strong><\/p>\n<p>Az\u0259rbaycan Respublikas\u0131n\u0131n energetika naziri<\/p>\n<p><strong>Komissiyan\u0131n \u00fczvl\u0259ri:<\/strong><\/p>\n<p>Az\u0259rbaycan Respublikas\u0131 xarici i\u015fl\u0259r nazirinin m\u00fcavini<\/p>\n<p>Az\u0259rbaycan Respublikas\u0131 iqtisadiyyat nazirinin m\u00fcavini<\/p>\n<p>Az\u0259rbaycan Respublikas\u0131 k\u0259nd t\u0259s\u0259rr\u00fcfat\u0131 nazirinin m\u00fcavini<\/p>\n<p>Az\u0259rbaycan Respublikas\u0131 m\u0259d\u0259niyy\u0259t nazirinin m\u00fcavini<\/p>\n<p>Az\u0259rbaycan Respublikas\u0131 r\u0259q\u0259msal inki\u015faf v\u0259 n\u0259qliyyat nazirinin m\u00fcavini<\/p>\n<p>Az\u0259rbaycan Respublikas\u0131 ekologiya v\u0259 t\u0259bii s\u0259rv\u0259tl\u0259r nazirinin m\u00fcavini<\/p>\n<p>Az\u0259rbaycan Respublikas\u0131 elm v\u0259 t\u0259hsil nazirinin m\u00fcavini<\/p>\n<p>Az\u0259rbaycan Respublikas\u0131 Qida T\u0259hl\u00fck\u0259sizliyi Agentliyi s\u0259drinin m\u00fcavini<\/p>\n<p>Az\u0259rbaycan Respublikas\u0131 D\u00f6vl\u0259t Turizm Agentliyi s\u0259drinin m\u00fcavini<\/p>\n<p>Az\u0259rbaycan Respublikas\u0131 D\u00f6vl\u0259t Neft \u015eirk\u0259tinin vitse-prezidenti<\/p>\n<p>\u018fl\u0259t azad iqtisadi zonas\u0131n\u0131n s\u0259lahiyy\u0259tli qurumunun \u0130dar\u0259 Hey\u0259tinin s\u0259dri<\/p>\n<p>Az\u0259rbaycan Respublikas\u0131n\u0131n Albaniya Respublikas\u0131nda f\u00f6vq\u0259lad\u0259 v\u0259 s\u0259lahiyy\u0259tli s\u0259firi.<\/p>\n","protected":false},"excerpt":{"rendered":"<p>Prezident\u00a0\u0130lham \u018fliyev\u00a0Az\u0259rbaycan Respublikas\u0131 H\u00f6kum\u0259ti il\u0259 Albaniya Respublikas\u0131 Nazirl\u0259r \u015euras\u0131 aras\u0131nda iqtisadi \u0259m\u0259kda\u015fl\u0131q \u00fczr\u0259 Birg\u0259 H\u00f6kum\u0259tl\u0259raras\u0131 Komissiyan\u0131n Az\u0259rbaycan Respublikas\u0131 t\u0259r\u0259find\u0259n t\u0259rkibi haqq\u0131nda S\u0259r\u0259ncam imzalay\u0131b. Bununla ba\u011fl\u0131\u00a0President.az\u00a0m\u0259lumat yay\u0131b. S\u0259r\u0259ncamla Az\u0259rbaycan Respublikas\u0131 H\u00f6kum\u0259ti il\u0259 Albaniya Respublikas\u0131 Nazirl\u0259r \u015euras\u0131 aras\u0131nda iqtisadi \u0259m\u0259kda\u015fl\u0131q \u00fczr\u0259 Birg\u0259 H\u00f6kum\u0259tl\u0259raras\u0131 Komissiyan\u0131n Az\u0259rbaycan Respublikas\u0131 t\u0259r\u0259find\u0259n a\u015fa\u011f\u0131dak\u0131 t\u0259rkibi t\u0259sdiq edilib: Komissiyan\u0131n h\u0259ms\u0259dri Az\u0259rbaycan Respublikas\u0131n\u0131n energetika naziri Komissiyan\u0131n \u00fczvl\u0259ri: Az\u0259rbaycan Respublikas\u0131 xarici i\u015fl\u0259r nazirinin m\u00fcavini Az\u0259rbaycan Respublikas\u0131 iqtisadiyyat nazirinin m\u00fcavini Az\u0259rbaycan Respublikas\u0131 k\u0259nd t\u0259s\u0259rr\u00fcfat\u0131 nazirinin m\u00fcavini Az\u0259rbaycan Respublikas\u0131 m\u0259d\u0259niyy\u0259t nazirinin m\u00fcavini Az\u0259rbaycan Respublikas\u0131 r\u0259q\u0259msal inki\u015faf v\u0259 n\u0259qliyyat nazirinin m\u00fcavini Az\u0259rbaycan Respublikas\u0131 ekologiya&hellip;<\/p>\n","protected":false},"author":2,"featured_media":726258,"comment_status":"closed","ping_status":"closed","sticky":false,"template":"","format":"standard","meta":{"om_disable_all_campaigns":false,"_monsterinsights_skip_tracking":false,"_monsterinsights_sitenote_active":false,"_monsterinsights_sitenote_note":"","_monsterinsights_sitenote_category":0},"categories":[4],"tags":[],"aioseo_notices":[],"gutentor_comment":0,"rttpg_featured_image_url":{"full":["https:\/\/arantv.az\/wp-content\/uploads\/2024\/05\/ilham_aliyev_ferman-_turkiye-_xilasetme4532.jpg",700,350,false],"landscape":["https:\/\/arantv.az\/wp-content\/uploads\/2024\/05\/ilham_aliyev_ferman-_turkiye-_xilasetme4532.jpg",700,350,false],"portraits":["https:\/\/arantv.az\/wp-content\/uploads\/2024\/05\/ilham_aliyev_ferman-_turkiye-_xilasetme4532.jpg",700,350,false],"thumbnail":["https:\/\/arantv.az\/wp-content\/uploads\/2024\/05\/ilham_aliyev_ferman-_turkiye-_xilasetme4532-500x280.jpg",500,280,true],"medium":["https:\/\/arantv.az\/wp-content\/uploads\/2024\/05\/ilham_aliyev_ferman-_turkiye-_xilasetme4532-660x330.jpg",660,330,true],"large":["https:\/\/arantv.az\/wp-content\/uploads\/2024\/05\/ilham_aliyev_ferman-_turkiye-_xilasetme4532.jpg",640,320,false],"1536x1536":["https:\/\/arantv.az\/wp-content\/uploads\/2024\/05\/ilham_aliyev_ferman-_turkiye-_xilasetme4532.jpg",700,350,false],"2048x2048":["https:\/\/arantv.az\/wp-content\/uploads\/2024\/05\/ilham_aliyev_ferman-_turkiye-_xilasetme4532.jpg",700,350,false],"post-thumbnail":["https:\/\/arantv.az\/wp-content\/uploads\/2024\/05\/ilham_aliyev_ferman-_turkiye-_xilasetme4532-240x172.jpg",240,172,true],"advps-thumb-one":["https:\/\/arantv.az\/wp-content\/uploads\/2024\/05\/ilham_aliyev_ferman-_turkiye-_xilasetme4532.jpg",700,350,false]},"rttpg_author":{"display_name":"V\u00fcsal Rafiqo\u011flu","author_link":"https:\/\/arantv.az\/?author=2"},"rttpg_comment":0,"rttpg_category":"<a href=\"https:\/\/arantv.az\/?cat=4\" rel=\"category\">Siyas\u0259t<\/a>","rttpg_excerpt":"Prezident\u00a0\u0130lham \u018fliyev\u00a0Az\u0259rbaycan Respublikas\u0131 H\u00f6kum\u0259ti il\u0259 Albaniya Respublikas\u0131 Nazirl\u0259r \u015euras\u0131 aras\u0131nda iqtisadi \u0259m\u0259kda\u015fl\u0131q \u00fczr\u0259 Birg\u0259 H\u00f6kum\u0259tl\u0259raras\u0131 Komissiyan\u0131n Az\u0259rbaycan Respublikas\u0131 t\u0259r\u0259find\u0259n t\u0259rkibi haqq\u0131nda S\u0259r\u0259ncam imzalay\u0131b. Bununla ba\u011fl\u0131\u00a0President.az\u00a0m\u0259lumat yay\u0131b. S\u0259r\u0259ncamla Az\u0259rbaycan Respublikas\u0131 H\u00f6kum\u0259ti il\u0259 Albaniya Respublikas\u0131 Nazirl\u0259r \u015euras\u0131 aras\u0131nda iqtisadi \u0259m\u0259kda\u015fl\u0131q \u00fczr\u0259 Birg\u0259 H\u00f6kum\u0259tl\u0259raras\u0131 Komissiyan\u0131n Az\u0259rbaycan Respublikas\u0131 t\u0259r\u0259find\u0259n a\u015fa\u011f\u0131dak\u0131 t\u0259rkibi t\u0259sdiq edilib: Komissiyan\u0131n h\u0259ms\u0259dri Az\u0259rbaycan Respublikas\u0131n\u0131n energetika naziri&hellip;","_links":{"self":[{"href":"https:\/\/arantv.az\/index.php?rest_route=\/wp\/v2\/posts\/733105"}],"collection":[{"href":"https:\/\/arantv.az\/index.php?rest_route=\/wp\/v2\/posts"}],"about":[{"href":"https:\/\/arantv.az\/index.php?rest_route=\/wp\/v2\/types\/post"}],"author":[{"embeddable":true,"href":"https:\/\/arantv.az\/index.php?rest_route=\/wp\/v2\/users\/2"}],"replies":[{"embeddable":true,"href":"https:\/\/arantv.az\/index.php?rest_route=%2Fwp%2Fv2%2Fcomments&post=733105"}],"version-history":[{"count":0,"href":"https:\/\/arantv.az\/index.php?rest_route=\/wp\/v2\/posts\/733105\/revisions"}],"wp:featuredmedia":[{"embeddable":true,"href":"https:\/\/arantv.az\/index.php?rest_route=\/wp\/v2\/media\/726258"}],"wp:attachment":[{"href":"https:\/\/arantv.az\/index.php?rest_route=%2Fwp%2Fv2%2Fmedia&parent=733105"}],"wp:term":[{"taxonomy":"category","embeddable":true,"href":"https:\/\/arantv.az\/index.php?rest_route=%2Fwp%2Fv2%2Fcategories&post=733105"},{"taxonomy":"post_tag","embeddable":true,"href":"https:\/\/arantv.az\/index.php?rest_route=%2Fwp%2Fv2%2Ftags&post=733105"}],"curies":[{"name":"wp","href":"https:\/\/api.w.org\/{rel}","templated":true}]}}