{"id":733107,"date":"2024-06-28T19:05:07","date_gmt":"2024-06-28T15:05:07","guid":{"rendered":"https:\/\/arantv.az\/?p=733107"},"modified":"2024-06-28T19:05:07","modified_gmt":"2024-06-28T15:05:07","slug":"prezident-xususi-t%c9%99hsill%c9%99-bagli-qanunda-d%c9%99yisiklik-etdi","status":"publish","type":"post","link":"https:\/\/arantv.az\/?p=733107","title":{"rendered":"Prezident x\u00fcsusi t\u0259hsill\u0259 ba\u011fl\u0131 qanunda d\u0259yi\u015fiklik etdi"},"content":{"rendered":"<p>&#8220;Sa\u011flaml\u0131q imkanlar\u0131 m\u0259hdud \u015f\u0259xsl\u0259rin t\u0259hsili (x\u00fcsusi t\u0259hsil) haqq\u0131nda&#8221; Az\u0259rbaycan Respublikas\u0131n\u0131n Qanununda d\u0259yi\u015fiklik edilib.<\/p>\n<p><a href=\"https:\/\/president.az\/az\/articles\/view\/66339\" target=\"_blank\" rel=\"nofollow noopener\"><strong>President.az<\/strong><\/a>\u00a0x\u0259b\u0259r verir ki, bununla ba\u011fl\u0131 Prezident\u00a0<strong>\u0130lham \u018fliyev<\/strong>\u00a0m\u00fcvafiq qanunu imzalay\u0131b.<\/p>\n<p>D\u0259yi\u015fiklikl\u0259 &#8220;X\u00fcsusi t\u0259hsil m\u00fc\u0259ssis\u0259l\u0259ri haqq\u0131nda \u018fsasnam\u0259&#8221;nin m\u00fcvafiq icra hakimiyy\u0259ti orqan\u0131 t\u0259r\u0259find\u0259n t\u0259sdiq edilm\u0259si il\u0259 ba\u011fl\u0131 yar\u0131mb\u0259nd l\u0259\u011fv edilib.<\/p>\n<p>Bundan ba\u015fqa, d\u00f6vl\u0259t ba\u015f\u00e7\u0131s\u0131 &#8220;Sa\u011flaml\u0131q imkanlar\u0131 m\u0259hdud \u015f\u0259xsl\u0259rin t\u0259hsili (x\u00fcsusi t\u0259hsil) haqq\u0131nda&#8221; Az\u0259rbaycan Respublikas\u0131n\u0131n Qanununda d\u0259yi\u015fiklik edilm\u0259si bar\u0259d\u0259&#8221; Az\u0259rbaycan Respublikas\u0131n\u0131n 2024-c\u00fc il 31 may tarixli 1170-VIQD n\u00f6mr\u0259li Qanununun q\u00fcvv\u0259y\u0259 minm\u0259si il\u0259 \u0259laq\u0259dar h\u0259min Qanunun t\u0259tbiqini t\u0259min etm\u0259k m\u0259qs\u0259dil\u0259\u00a0<a href=\"https:\/\/president.az\/az\/articles\/view\/66340\" target=\"_blank\" rel=\"nofollow noopener\">f\u0259rman<\/a>\u00a0da imzalay\u0131b.<\/p>\n","protected":false},"excerpt":{"rendered":"<p>&#8220;Sa\u011flaml\u0131q imkanlar\u0131 m\u0259hdud \u015f\u0259xsl\u0259rin t\u0259hsili (x\u00fcsusi t\u0259hsil) haqq\u0131nda&#8221; Az\u0259rbaycan Respublikas\u0131n\u0131n Qanununda d\u0259yi\u015fiklik edilib. President.az\u00a0x\u0259b\u0259r verir ki, bununla ba\u011fl\u0131 Prezident\u00a0\u0130lham \u018fliyev\u00a0m\u00fcvafiq qanunu imzalay\u0131b. D\u0259yi\u015fiklikl\u0259 &#8220;X\u00fcsusi t\u0259hsil m\u00fc\u0259ssis\u0259l\u0259ri haqq\u0131nda \u018fsasnam\u0259&#8221;nin m\u00fcvafiq icra hakimiyy\u0259ti orqan\u0131 t\u0259r\u0259find\u0259n t\u0259sdiq edilm\u0259si il\u0259 ba\u011fl\u0131 yar\u0131mb\u0259nd l\u0259\u011fv edilib. Bundan ba\u015fqa, d\u00f6vl\u0259t ba\u015f\u00e7\u0131s\u0131 &#8220;Sa\u011flaml\u0131q imkanlar\u0131 m\u0259hdud \u015f\u0259xsl\u0259rin t\u0259hsili (x\u00fcsusi t\u0259hsil) haqq\u0131nda&#8221; Az\u0259rbaycan Respublikas\u0131n\u0131n Qanununda d\u0259yi\u015fiklik edilm\u0259si bar\u0259d\u0259&#8221; Az\u0259rbaycan Respublikas\u0131n\u0131n 2024-c\u00fc il 31 may tarixli 1170-VIQD n\u00f6mr\u0259li Qanununun q\u00fcvv\u0259y\u0259 minm\u0259si il\u0259 \u0259laq\u0259dar h\u0259min Qanunun t\u0259tbiqini t\u0259min etm\u0259k m\u0259qs\u0259dil\u0259\u00a0f\u0259rman\u00a0da imzalay\u0131b.<\/p>\n","protected":false},"author":2,"featured_media":733108,"comment_status":"closed","ping_status":"closed","sticky":false,"template":"","format":"standard","meta":{"om_disable_all_campaigns":false,"_monsterinsights_skip_tracking":false,"_monsterinsights_sitenote_active":false,"_monsterinsights_sitenote_note":"","_monsterinsights_sitenote_category":0},"categories":[4],"tags":[],"aioseo_notices":[],"gutentor_comment":0,"rttpg_featured_image_url":{"full":["https:\/\/arantv.az\/wp-content\/uploads\/2024\/06\/serencam-yeni.jpg",700,460,false],"landscape":["https:\/\/arantv.az\/wp-content\/uploads\/2024\/06\/serencam-yeni.jpg",700,460,false],"portraits":["https:\/\/arantv.az\/wp-content\/uploads\/2024\/06\/serencam-yeni.jpg",700,460,false],"thumbnail":["https:\/\/arantv.az\/wp-content\/uploads\/2024\/06\/serencam-yeni-500x280.jpg",500,280,true],"medium":["https:\/\/arantv.az\/wp-content\/uploads\/2024\/06\/serencam-yeni-555x365.jpg",555,365,true],"large":["https:\/\/arantv.az\/wp-content\/uploads\/2024\/06\/serencam-yeni.jpg",640,421,false],"1536x1536":["https:\/\/arantv.az\/wp-content\/uploads\/2024\/06\/serencam-yeni.jpg",700,460,false],"2048x2048":["https:\/\/arantv.az\/wp-content\/uploads\/2024\/06\/serencam-yeni.jpg",700,460,false],"post-thumbnail":["https:\/\/arantv.az\/wp-content\/uploads\/2024\/06\/serencam-yeni-240x172.jpg",240,172,true],"advps-thumb-one":["https:\/\/arantv.az\/wp-content\/uploads\/2024\/06\/serencam-yeni.jpg",700,460,false]},"rttpg_author":{"display_name":"V\u00fcsal Rafiqo\u011flu","author_link":"https:\/\/arantv.az\/?author=2"},"rttpg_comment":0,"rttpg_category":"<a href=\"https:\/\/arantv.az\/?cat=4\" rel=\"category\">Siyas\u0259t<\/a>","rttpg_excerpt":"&#8220;Sa\u011flaml\u0131q imkanlar\u0131 m\u0259hdud \u015f\u0259xsl\u0259rin t\u0259hsili (x\u00fcsusi t\u0259hsil) haqq\u0131nda&#8221; Az\u0259rbaycan Respublikas\u0131n\u0131n Qanununda d\u0259yi\u015fiklik edilib. President.az\u00a0x\u0259b\u0259r verir ki, bununla ba\u011fl\u0131 Prezident\u00a0\u0130lham \u018fliyev\u00a0m\u00fcvafiq qanunu imzalay\u0131b. D\u0259yi\u015fiklikl\u0259 &#8220;X\u00fcsusi t\u0259hsil m\u00fc\u0259ssis\u0259l\u0259ri haqq\u0131nda \u018fsasnam\u0259&#8221;nin m\u00fcvafiq icra hakimiyy\u0259ti orqan\u0131 t\u0259r\u0259find\u0259n t\u0259sdiq edilm\u0259si il\u0259 ba\u011fl\u0131 yar\u0131mb\u0259nd l\u0259\u011fv edilib. Bundan ba\u015fqa, d\u00f6vl\u0259t ba\u015f\u00e7\u0131s\u0131 &#8220;Sa\u011flaml\u0131q imkanlar\u0131 m\u0259hdud \u015f\u0259xsl\u0259rin t\u0259hsili (x\u00fcsusi t\u0259hsil) haqq\u0131nda&#8221; Az\u0259rbaycan Respublikas\u0131n\u0131n Qanununda&hellip;","_links":{"self":[{"href":"https:\/\/arantv.az\/index.php?rest_route=\/wp\/v2\/posts\/733107"}],"collection":[{"href":"https:\/\/arantv.az\/index.php?rest_route=\/wp\/v2\/posts"}],"about":[{"href":"https:\/\/arantv.az\/index.php?rest_route=\/wp\/v2\/types\/post"}],"author":[{"embeddable":true,"href":"https:\/\/arantv.az\/index.php?rest_route=\/wp\/v2\/users\/2"}],"replies":[{"embeddable":true,"href":"https:\/\/arantv.az\/index.php?rest_route=%2Fwp%2Fv2%2Fcomments&post=733107"}],"version-history":[{"count":0,"href":"https:\/\/arantv.az\/index.php?rest_route=\/wp\/v2\/posts\/733107\/revisions"}],"wp:featuredmedia":[{"embeddable":true,"href":"https:\/\/arantv.az\/index.php?rest_route=\/wp\/v2\/media\/733108"}],"wp:attachment":[{"href":"https:\/\/arantv.az\/index.php?rest_route=%2Fwp%2Fv2%2Fmedia&parent=733107"}],"wp:term":[{"taxonomy":"category","embeddable":true,"href":"https:\/\/arantv.az\/index.php?rest_route=%2Fwp%2Fv2%2Fcategories&post=733107"},{"taxonomy":"post_tag","embeddable":true,"href":"https:\/\/arantv.az\/index.php?rest_route=%2Fwp%2Fv2%2Ftags&post=733107"}],"curies":[{"name":"wp","href":"https:\/\/api.w.org\/{rel}","templated":true}]}}