{"id":733430,"date":"2024-06-30T11:36:00","date_gmt":"2024-06-30T07:36:00","guid":{"rendered":"https:\/\/arantv.az\/?p=733430"},"modified":"2024-06-30T11:36:00","modified_gmt":"2024-06-30T07:36:00","slug":"qizimi-atasina-verdim-s%c9%99n%c9%99ti-secdim-nahid%c9%99-orucova","status":"publish","type":"post","link":"https:\/\/arantv.az\/?p=733430","title":{"rendered":"&#8220;Q\u0131z\u0131m\u0131 atas\u0131na verdim, s\u0259n\u0259ti se\u00e7dim&#8221; &#8211; Nahid\u0259 Orucova"},"content":{"rendered":"<div class=\"text-content\" data-id=\"\" data-url=\"\">\n<p><strong>&#8220;12 ya\u015f\u0131nda q\u0131z\u0131m\u0131 atas\u0131na verdim ki, m\u0259kt\u0259bi, haz\u0131rl\u0131qlar\u0131na o bax\u0131rd\u0131, qoy, g\u00f6z\u00fcn\u00fcn qaba\u011f\u0131nda olsun. Atas\u0131ndan \u00f6z\u00fcm\u00a0ayr\u0131lsam da, u\u015fa\u011f\u0131 ondan ay\u0131rmam\u0131\u015fam. H\u0259mi\u015f\u0259 demi\u015f\u0259m ki, qoy, u\u015faq fikrind\u0259 tutsun ki, anam da, atam da ba\u015f\u0131n\u0131n \u00fcst\u00fcnd\u0259dir. Y\u0259ni, \u00f6z\u00fcn\u00fc yar\u0131m\u00e7\u0131q hiss etm\u0259sin. M\u00fct\u0259madi olaraq g\u00f6r\u00fc\u015f\u00fcrd\u00fck, g\u0259lirdi-gedirdi, qal\u0131rd\u0131. 12 ya\u015f\u0131na q\u0259d\u0259r n\u0259 vermi\u015f\u0259ms\u0259, m\u0259n vermi\u015f\u0259m ona. O, buna he\u00e7 vaxt n\u0259s\u0259 dem\u0259yib. \u00c7\u00fcnki onu atmam\u0131\u015fam&#8221;.<\/strong><\/p>\n<p>Bu s\u00f6zl\u0259ri \u018fm\u0259kdar artist Nahid\u0259 Orucova &#8220;H\u0259ft\u0259nin qona\u011f\u0131&#8221; verili\u015find\u0259 deyib.<\/p>\n<p>O, s\u0259n\u0259tin\u0259 g\u00f6r\u0259 ke\u00e7mi\u015f h\u0259yat yolda\u015f\u0131n\u0131n q\u0131z\u0131na baxd\u0131\u011f\u0131n\u0131 bildirib:<\/p>\n<p>&#8220;M\u0259nim i\u015fim el\u0259 idi ki, b\u0259z\u0259n gec\u0259 d\u0259 \u00e7\u0259kili\u015fl\u0259r olurdu. Atas\u0131 raz\u0131 olmurdu ki, u\u015faq t\u0259k qals\u0131n. H\u0259m d\u0259 cavanl\u0131q idi. Daha \u00e7ox s\u0259n\u0259t\u0259, karyeraya meyil g\u00f6st\u0259rdim. Vaxt\u0131 il\u0259 u\u015fa\u011fa ist\u0259diyimiz kimi\u00a0baxmad\u0131\u011f\u0131ma g\u00f6r\u0259, indi n\u0259v\u0259m\u0259 o sevgini verm\u0259k ist\u0259yir\u0259m. Uzun m\u00fcdd\u0259t raz\u0131 olmam\u0131\u015fam onu atas\u0131na verm\u0259y\u0259. Amma sonra d\u00fc\u015f\u00fcnd\u00fcm ki, m\u0259n burada t\u0259k\u0259m. Qoy, u\u015faq ail\u0259 m\u00fch\u00fctind\u0259 b\u00f6y\u00fcs\u00fcn. Q\u0131z\u0131m\u0131n xasiyy\u0259ti atas\u0131 kimi t\u00fcndd\u00fcr. H\u0259mi\u015f\u0259 deyir ki, o n\u0259dir verili\u015fd\u0259 geyinmis\u0259n. Biz ayr\u0131landa kemi\u015f h\u0259yat yolda\u015f\u0131m\u0131n maddi v\u0259ziyy\u0259ti yax\u015f\u0131 idi. \u00c7ox t\u0259klifl\u0259r etdi ki, s\u0259n\u0259td\u0259n ayr\u0131l, s\u0259n\u0259 biznes qurum. M\u0259nim \u00fc\u00e7\u00fcn s\u0259n\u0259t h\u0259r \u015feyd\u0259n ir\u0259li idi. S\u0131rf s\u0259n\u0259t\u0259 g\u00f6r\u0259 biz ayr\u0131ld\u0131q. Dedi, m\u0259n i\u015fimd\u0259n ayr\u0131ld\u0131m, s\u0259n d\u0259 ayr\u0131l. Fikirl\u0259\u015fir\u0259m ki, g\u0259r\u0259k onda ail\u0259md\u0259n yap\u0131\u015fayd\u0131m. Amma onda s\u0259n\u0259tim olmayacaqd\u0131. Ail\u0259 yox, s\u0259n\u0259t m\u0259ni xo\u015fb\u0259xt etdi. \u00c7\u0259tin oldu m\u0259nim \u00fc\u00e7\u00fcn&#8221;.<\/p>\n<p><strong>N.Orucova g\u0259nc ya\u015flar\u0131nda q\u0259tl\u0259 yetiril\u0259n qarda\u015f\u0131 Samirin \u00f6l\u00fcm\u00fcnd\u0259n dan\u0131\u015f\u0131b:<\/strong><\/p>\n<p>&#8220;\u00c7ox erk\u0259n, anam\u0131, atam\u0131, cavan qarda\u015f\u0131m\u0131 itirdim. \u00d6z\u00fcm\u00fc toparlad\u0131m v\u0259 dedim ki, ir\u0259li. Art\u0131q el\u0259 ya\u015fdayam ki, n\u0259 anam, n\u0259 atam, n\u0259 d\u0259 qarda\u015f\u0131m bu ya\u015f\u0131 g\u00f6r\u00fcb. Samirin onda 25 ya\u015f\u0131 var idi. Onun \u00f6l\u00fcm\u00fc h\u0259l\u0259 d\u0259 bir m\u00fc\u0259mmad\u0131r. Onu \u00f6ld\u00fcr\u0259n adam m\u0259hk\u0259m\u0259d\u0259 etiraf ets\u0259 d\u0259, m\u0259n \u0259min\u0259m ki, onu buna kims\u0259 vadar etmi\u015fdi. O da \u00f6l\u00fcb. Biz iki bac\u0131 qarda\u015f\u0131m\u0131z\u0131 h\u0259r \u015feyd\u0259n qoruma\u011fa \u00e7al\u0131\u015fd\u0131q, amma al\u0131nmad\u0131. Sad\u0259c\u0259 t\u0259s\u0259lli tap\u0131ram ki, anamla-atam bunu g\u00f6rm\u0259di, d\u00f6zm\u0259zdil\u0259r. Bunu ed\u0259n adam h\u0259bsxanadan \u00e7\u0131xandan sonra onunla \u0259laq\u0259 saxlama\u011fa \u00e7al\u0131\u015fsam da al\u0131nmad\u0131. Hadis\u0259 evind\u0259 ba\u015f vermi\u015fdi. Qay\u0131nanas\u0131 onun \u00fc\u00e7\u00fcn yeni ev alm\u0131\u015fd\u0131. Onda ev\u0259 girm\u0259sinl\u0259r dey\u0259, n\u00f6vb\u0259 il\u0259 orada qal\u0131rd\u0131lar. S\u0131ra ona g\u0259lmi\u015fdi. T\u0259k qalmas\u0131n dey\u0259 dostu il\u0259 getdi. \u00c7\u00fcnki onda epilepsiya var idi. Evli idi, u\u015fa\u011f\u0131 var idi. Xan\u0131m\u0131 k\u00f6\u00e7\u00fcb getdi, \u0259laq\u0259l\u0259ri pozduq. Bura v\u0259t\u0259nda\u015f\u0131 deyildi. M\u0259nim \u00fc\u00e7\u00fcn o m\u00f6vzu tam bitib&#8221;.\u00a0<strong>(Ax\u015fam.az)<\/strong><\/p>\n<\/div>\n<div><\/div>\n<div><\/div>\n<div class=\"inner-social-box\">\n<div class=\"subs-in-social subs-whatsapp\"><\/div>\n<\/div>\n","protected":false},"excerpt":{"rendered":"<p>&#8220;12 ya\u015f\u0131nda q\u0131z\u0131m\u0131 atas\u0131na verdim ki, m\u0259kt\u0259bi, haz\u0131rl\u0131qlar\u0131na o bax\u0131rd\u0131, qoy, g\u00f6z\u00fcn\u00fcn qaba\u011f\u0131nda olsun. Atas\u0131ndan \u00f6z\u00fcm\u00a0ayr\u0131lsam da, u\u015fa\u011f\u0131 ondan ay\u0131rmam\u0131\u015fam. H\u0259mi\u015f\u0259 demi\u015f\u0259m ki, qoy, u\u015faq fikrind\u0259 tutsun ki, anam da, atam da ba\u015f\u0131n\u0131n \u00fcst\u00fcnd\u0259dir. Y\u0259ni, \u00f6z\u00fcn\u00fc yar\u0131m\u00e7\u0131q hiss etm\u0259sin. M\u00fct\u0259madi olaraq g\u00f6r\u00fc\u015f\u00fcrd\u00fck, g\u0259lirdi-gedirdi, qal\u0131rd\u0131. 12 ya\u015f\u0131na q\u0259d\u0259r n\u0259 vermi\u015f\u0259ms\u0259, m\u0259n vermi\u015f\u0259m ona. O, buna he\u00e7 vaxt n\u0259s\u0259 dem\u0259yib. \u00c7\u00fcnki onu atmam\u0131\u015fam&#8221;. Bu s\u00f6zl\u0259ri \u018fm\u0259kdar artist Nahid\u0259 Orucova &#8220;H\u0259ft\u0259nin qona\u011f\u0131&#8221; verili\u015find\u0259 deyib. O, s\u0259n\u0259tin\u0259 g\u00f6r\u0259 ke\u00e7mi\u015f h\u0259yat yolda\u015f\u0131n\u0131n q\u0131z\u0131na baxd\u0131\u011f\u0131n\u0131 bildirib: &#8220;M\u0259nim i\u015fim el\u0259 idi ki, b\u0259z\u0259n gec\u0259 d\u0259 \u00e7\u0259kili\u015fl\u0259r olurdu.&hellip;<\/p>\n","protected":false},"author":2,"featured_media":733431,"comment_status":"closed","ping_status":"closed","sticky":false,"template":"","format":"standard","meta":{"om_disable_all_campaigns":false,"_monsterinsights_skip_tracking":false,"_monsterinsights_sitenote_active":false,"_monsterinsights_sitenote_note":"","_monsterinsights_sitenote_category":0},"categories":[1],"tags":[],"aioseo_notices":[],"gutentor_comment":0,"rttpg_featured_image_url":{"full":["https:\/\/arantv.az\/wp-content\/uploads\/2024\/06\/ec5dd1cb43fb0617652bfe778b81299f.jpg",735,462,false],"landscape":["https:\/\/arantv.az\/wp-content\/uploads\/2024\/06\/ec5dd1cb43fb0617652bfe778b81299f.jpg",735,462,false],"portraits":["https:\/\/arantv.az\/wp-content\/uploads\/2024\/06\/ec5dd1cb43fb0617652bfe778b81299f.jpg",735,462,false],"thumbnail":["https:\/\/arantv.az\/wp-content\/uploads\/2024\/06\/ec5dd1cb43fb0617652bfe778b81299f-500x280.jpg",500,280,true],"medium":["https:\/\/arantv.az\/wp-content\/uploads\/2024\/06\/ec5dd1cb43fb0617652bfe778b81299f-581x365.jpg",581,365,true],"large":["https:\/\/arantv.az\/wp-content\/uploads\/2024\/06\/ec5dd1cb43fb0617652bfe778b81299f.jpg",640,402,false],"1536x1536":["https:\/\/arantv.az\/wp-content\/uploads\/2024\/06\/ec5dd1cb43fb0617652bfe778b81299f.jpg",735,462,false],"2048x2048":["https:\/\/arantv.az\/wp-content\/uploads\/2024\/06\/ec5dd1cb43fb0617652bfe778b81299f.jpg",735,462,false],"post-thumbnail":["https:\/\/arantv.az\/wp-content\/uploads\/2024\/06\/ec5dd1cb43fb0617652bfe778b81299f-240x172.jpg",240,172,true],"advps-thumb-one":["https:\/\/arantv.az\/wp-content\/uploads\/2024\/06\/ec5dd1cb43fb0617652bfe778b81299f.jpg",735,462,false]},"rttpg_author":{"display_name":"V\u00fcsal Rafiqo\u011flu","author_link":"https:\/\/arantv.az\/?author=2"},"rttpg_comment":0,"rttpg_category":"<a href=\"https:\/\/arantv.az\/?cat=1\" rel=\"category\">C\u0259miyy\u0259t<\/a>","rttpg_excerpt":"&#8220;12 ya\u015f\u0131nda q\u0131z\u0131m\u0131 atas\u0131na verdim ki, m\u0259kt\u0259bi, haz\u0131rl\u0131qlar\u0131na o bax\u0131rd\u0131, qoy, g\u00f6z\u00fcn\u00fcn qaba\u011f\u0131nda olsun. Atas\u0131ndan \u00f6z\u00fcm\u00a0ayr\u0131lsam da, u\u015fa\u011f\u0131 ondan ay\u0131rmam\u0131\u015fam. H\u0259mi\u015f\u0259 demi\u015f\u0259m ki, qoy, u\u015faq fikrind\u0259 tutsun ki, anam da, atam da ba\u015f\u0131n\u0131n \u00fcst\u00fcnd\u0259dir. Y\u0259ni, \u00f6z\u00fcn\u00fc yar\u0131m\u00e7\u0131q hiss etm\u0259sin. M\u00fct\u0259madi olaraq g\u00f6r\u00fc\u015f\u00fcrd\u00fck, g\u0259lirdi-gedirdi, qal\u0131rd\u0131. 12 ya\u015f\u0131na q\u0259d\u0259r n\u0259 vermi\u015f\u0259ms\u0259, m\u0259n vermi\u015f\u0259m ona. O, buna he\u00e7&hellip;","_links":{"self":[{"href":"https:\/\/arantv.az\/index.php?rest_route=\/wp\/v2\/posts\/733430"}],"collection":[{"href":"https:\/\/arantv.az\/index.php?rest_route=\/wp\/v2\/posts"}],"about":[{"href":"https:\/\/arantv.az\/index.php?rest_route=\/wp\/v2\/types\/post"}],"author":[{"embeddable":true,"href":"https:\/\/arantv.az\/index.php?rest_route=\/wp\/v2\/users\/2"}],"replies":[{"embeddable":true,"href":"https:\/\/arantv.az\/index.php?rest_route=%2Fwp%2Fv2%2Fcomments&post=733430"}],"version-history":[{"count":0,"href":"https:\/\/arantv.az\/index.php?rest_route=\/wp\/v2\/posts\/733430\/revisions"}],"wp:featuredmedia":[{"embeddable":true,"href":"https:\/\/arantv.az\/index.php?rest_route=\/wp\/v2\/media\/733431"}],"wp:attachment":[{"href":"https:\/\/arantv.az\/index.php?rest_route=%2Fwp%2Fv2%2Fmedia&parent=733430"}],"wp:term":[{"taxonomy":"category","embeddable":true,"href":"https:\/\/arantv.az\/index.php?rest_route=%2Fwp%2Fv2%2Fcategories&post=733430"},{"taxonomy":"post_tag","embeddable":true,"href":"https:\/\/arantv.az\/index.php?rest_route=%2Fwp%2Fv2%2Ftags&post=733430"}],"curies":[{"name":"wp","href":"https:\/\/api.w.org\/{rel}","templated":true}]}}