{"id":733559,"date":"2024-07-01T10:30:23","date_gmt":"2024-07-01T06:30:23","guid":{"rendered":"https:\/\/arantv.az\/?p=733559"},"modified":"2024-07-01T10:30:23","modified_gmt":"2024-07-01T06:30:23","slug":"sulh-ucun-%c9%99n-boyuk-%c9%99ng%c9%99l-s%c9%99rh","status":"publish","type":"post","link":"https:\/\/arantv.az\/?p=733559","title":{"rendered":"S\u00fclh \u00fc\u00e7\u00fcn \u0259n b\u00f6y\u00fck \u0259ng\u0259l&#8230; &#8211; \u015e\u018fRH"},"content":{"rendered":"<p><em><strong>Erm\u0259nistan r\u0259smil\u0259ri d\u00fcnyan\u0131n g\u00f6z\u00fcn\u0259 k\u00fcl \u00fcf\u00fcrm\u0259kd\u0259 davam edirl\u0259r. M\u0259s\u0259l\u0259n, bir ne\u00e7\u0259 g\u00fcn \u00f6nc\u0259 Erm\u0259nistan\u0131n xarici i\u015fl\u0259r naziri Ararat Mirzoyan Tallind\u0259 estoniyal\u0131 h\u0259mkar\u0131 Marqus Saxkna il\u0259 ke\u00e7irdiyi m\u0259tbuat konfrans\u0131nda bildirib ki, guya \u0130r\u0259van s\u00fclh m\u00fcqavil\u0259si \u00fcz\u0259rind\u0259 i\u015fi ba\u015fa \u00e7atd\u0131rma\u011fa v\u0259 onu bir ay \u0259rzind\u0259 imzalama\u011fa tam haz\u0131rd\u0131r. O,\u00a0 bu prosesd\u0259 \u00f6lk\u0259sinin daha f\u0259al \u00e7al\u0131\u015fd\u0131\u011f\u0131n\u0131 da vur\u011fulay\u0131b. Halbuki 4 k\u0259ndimizi i\u015f\u011fal alt\u0131nda saxlayan Erm\u0259nistan konstitusiyas\u0131nda Az\u0259rbaycana \u0259razi iddias\u0131 il\u0259 ba\u011fl\u0131 b\u0259nd h\u0259l\u0259 d\u0259 qalmaqdad\u0131r. Bu is\u0259 s\u00fclh \u00fc\u00e7\u00fcn \u0259n b\u00f6y\u00fck \u0259ng\u0259ll\u0259rd\u0259n biridir. T\u0259bii ki, Erm\u0259nistan\u0131n haz\u0131rk\u0131 konstitusiyas\u0131 d\u0259yi\u015fm\u0259z qald\u0131\u011f\u0131 halda Erm\u0259nistanla Az\u0259rbaycan aras\u0131nda s\u00fclh sazi\u015finin ba\u011flanmas\u0131, sad\u0259c\u0259, m\u00fcmk\u00fcn deyil. \u00c7\u00fcnki i\u015f\u011fal\u00e7\u0131l\u0131\u011f\u0131n t\u0259sdiqi say\u0131lan bu m\u00fcdd\u0259an\u0131n m\u00f6vcudlu\u011fu Erm\u0259nistan\u0131n Az\u0259rbaycana qar\u015f\u0131 \u0259razi iddialar\u0131ndan \u0259l \u00e7\u0259km\u0259diyinin g\u00f6st\u0259ricisidir. Bununla ba\u011fl\u0131 fikirl\u0259rini Prezident \u0130lham \u018fliyev d\u0259 d\u0259f\u0259l\u0259rl\u0259 b\u0259yan edib.\u00a0<\/strong><\/em><\/p>\n<p>\u015e\u00fcbh\u0259siz, b\u00fct\u00fcn bunlar\u0131 Erm\u0259nistan r\u0259smil\u0259ri, o c\u00fcml\u0259d\u0259n Ararat Mirzoyan da yax\u015f\u0131 d\u0259rk edir. Yeri g\u0259lmi\u015fk\u0259n, bir m\u00fcdd\u0259t \u00f6nc\u0259 Erm\u0259nistan hakimiyy\u0259ti \u00f6lk\u0259nin konstitusiya islahatlar\u0131n\u0131n z\u0259ruri olmas\u0131 bar\u0259d\u0259 fikilr\u0259r s\u0259sl\u0259ndirib. Amma sonradan b\u0259zi Q\u0259rb dair\u0259l\u0259rinin t\u0259siri alt\u0131nda bu m\u0259s\u0259l\u0259 h\u00f6kum\u0259tin siyasi g\u00fcnd\u0259mind\u0259n \u00e7\u0131xar\u0131l\u0131b. \u0130ndi is\u0259 Hayastan bu m\u0259s\u0259l\u0259d\u0259 susmaqdad\u0131r. \u00dcst\u0259lik, r\u0259smi \u0130r\u0259van\u0131n Mirzoyan kimi r\u0259smil\u0259ri iddia edirl\u0259r ki, guya bu, Erm\u0259nistan\u0131n daxili i\u015fidir v\u0259 s\u00fclh sazi\u015finin\u00a0 imzalanmas\u0131 kontekstind\u0259 n\u0259z\u0259rd\u0259n ke\u00e7iril\u0259 bilm\u0259z. Dig\u0259r t\u0259r\u0259fd\u0259n d\u0259 t\u0259cav\u00fczkar \u00f6lk\u0259 Fransan\u0131n v\u0259 dig\u0259r \u00f6lk\u0259l\u0259rin say\u0259sind\u0259 silahlanmaqda, b\u00f6lg\u0259ni yeni m\u00fcharib\u0259y\u0259 s\u00fcr\u00fckl\u0259m\u0259kd\u0259 davam edir.<\/p>\n<p>Yeri g\u0259lmi\u015fk\u0259n qeyd ed\u0259k ki, bir m\u00fcdd\u0259t \u00f6nc\u0259 Erm\u0259nistan\u0131n xarici i\u015fl\u0259r naziri Ararat Mirzoyan h\u0259m Erm\u0259nistan\u0131n, h\u0259m d\u0259 Az\u0259rbaycan\u0131n konstitusiyalar\u0131nda iki \u00f6lk\u0259 aras\u0131nda uzunm\u00fcdd\u0259tli s\u00fclh\u00fcn b\u0259rq\u0259rar olmas\u0131na mane\u0259l\u0259r t\u00f6r\u0259d\u0259n m\u00fcdd\u0259alar oldu\u011funu bildirmi\u015fdi. \u015e\u00fcbh\u0259siz, onun bu say\u0131qlamas\u0131\u00a0 beyn\u0259lxalq ictimaiyy\u0259td\u0259 \u00e7a\u015fq\u0131nl\u0131q yaratmaqdan ba\u015fqa bir \u015fey deyildi. \u00c7\u00fcnki Erm\u0259nistan\u0131n konstitusiyas\u0131ndan v\u0259 dig\u0259r qanunvericilik aktlar\u0131ndan f\u0259rqli olaraq, Az\u0259rbaycan\u0131n he\u00e7 bir qanunvericilik akt\u0131nda qon\u015fu d\u00f6vl\u0259tl\u0259r\u0259 qar\u015f\u0131 \u0259razi iddias\u0131 \u0259ksini tapmay\u0131b.<\/p>\n<p>B\u0259li, Erm\u0259nistan s\u00fclhl\u0259 ba\u011fl\u0131 bel\u0259 say\u0131qlamalar s\u00f6yl\u0259m\u0259kl\u0259 \u00f6z\u00fcn\u00fc b\u00f6lg\u0259d\u0259 \u0259sl \u201cs\u00fclh car\u00e7\u0131s\u0131\u201d kimi t\u0259qdim etm\u0259kd\u0259 davam edir. \u015e\u00fcbh\u0259siz, bir ay m\u0259s\u0259l\u0259sind\u0259n dan\u0131\u015fan Mirzoyan bu gedi\u015fl\u0259 Q\u0259rb d\u00f6vl\u0259tl\u0259rinin qar\u015f\u0131s\u0131nda \u00f6lk\u0259sin\u0259 m\u00fcsb\u0259t imic qazanma\u011fa \u00e7al\u0131\u015f\u0131r. N\u0259 yaz\u0131q ki, C\u0259nubi Qafqaz b\u00f6lg\u0259sind\u0259ki prosesl\u0259rd\u0259n tam hali olmayanlar \u201cbu m\u0259zlum\u201dun\u00a0 s\u00f6z\u00fcn\u00fcn \u00fcst\u00fcn\u0259 son qoymurlar. Amma Erm\u0259nistan\u2013Az\u0259rbaycan dan\u0131\u015f\u0131qlar\u0131n\u0131n t\u0259f\u0259rr\u00fcatlar\u0131na b\u0259l\u0259d olanlar yax\u015f\u0131 bilirl\u0259r ki, Erm\u0259nistan\u0131n bir ay \u0259rzind\u0259 s\u00fclh m\u00fcqavil\u0259sinin imzalanmas\u0131n\u0131n real m\u00fcmk\u00fcnl\u00fcy\u00fc bar\u0259d\u0259 s\u00f6yl\u0259diyi\u00a0 \u0259slind\u0259, m\u00f6vcud v\u0259ziyy\u0259ti oldu\u011fu kimi \u0259ks etdirmir. Bu, sad\u0259c\u0259, iki \u00f6lk\u0259 aras\u0131nda indiy\u0259d\u0259k s\u00fclh\u00fcn imzalanmamas\u0131n\u0131n g\u00fcnahkar\u0131n\u0131n Az\u0259rbaycan oldu\u011funa hesablanm\u0131\u015f, \u00f6lk\u0259mizin n\u00fcfuzuna x\u0259l\u0259l g\u0259tirm\u0259y\u0259 \u00fcnvanlanm\u0131\u015f gedi\u015fd\u0259n ba\u015fqa bir \u015fey deyl. Ararat Mirzoyan \u201c\u0130nan\u0131ram ki, C\u0259nubi Qafqazda m\u00fcnaqi\u015f\u0259 s\u0259hif\u0259sini ba\u011flayaraq regiona s\u00fclh g\u0259tirm\u0259kl\u0259 bunu ed\u0259c\u0259yik, bu s\u00fclh region \u00f6lk\u0259l\u0259ri v\u0259 onlar\u0131n v\u0259t\u0259nda\u015flar\u0131 \u00fc\u00e7\u00fcn faydal\u0131 olacaq\u201d dem\u0259kl\u0259 d\u0259 bu m\u0259s\u0259l\u0259d\u0259 guya Erm\u0259nistan\u0131n daha \u00e7ox \u00e7al\u0131\u015fd\u0131\u011f\u0131n\u0131 diqq\u0259t y\u00f6n\u0259ltm\u0259y\u0259 \u00e7al\u0131\u015f\u0131b.<\/p>\n<p>Yeri g\u0259lmi\u015fk\u0259n qeyd ed\u0259k ki, iyunun 30-da Erm\u0259nistan xarici i\u015fl\u0259r naziri Ararat Mirzoyan Xorvatiyan\u0131n xarici i\u015fl\u0259r naziri Qordan Qrli\u00e7 Radmanla g\u00f6r\u00fc\u015f\u00fcnd\u0259 d\u0259 bu fikirl\u0259ri xat\u0131rlad\u0131b. Bel\u0259 ki, o, x\u00fcsusil\u0259 regional sabitliyin t\u0259min edilm\u0259si kontekstind\u0259 Erm\u0259nistanla Az\u0259rbaycan aras\u0131nda s\u00fclh m\u00fcqavil\u0259sinin ba\u011flanmas\u0131n\u0131n vacibliyini vur\u011fulayaraq, r\u0259smi \u0130r\u0259van\u0131n bu m\u0259qs\u0259dl\u0259 art\u0131q siyasi irad\u0259 n\u00fcmayi\u015f etdirdiyini \u0259lav\u0259 edib. Halbuki, bu istiqam\u0259td\u0259 \u0259m\u0259li i\u015fl\u0259r g\u00f6r\u0259n v\u0259 g\u00f6rm\u0259kd\u0259 davam ed\u0259n r\u0259smi Bak\u0131d\u0131r.<\/p>\n<p>Bu yerd\u0259 deyibl\u0259r d\u0259, ad\u0131m\u0131 s\u0259n\u0259 qoyum, s\u0259ni yana-yana qoyum. Amma hadis\u0259l\u0259rin gedi\u015fat\u0131 g\u00f6st\u0259rir ki,\u00a0 Mirzoyan\u0131n bu \u201cadqoyma\u201ds\u0131 \u0259sla \u00f6z\u00fcn\u00fc do\u011frultmayacaq. \u00c7\u00fcnki d\u00fcnyan\u0131n \u0259dal\u0259tsev\u0259rl\u0259ri art\u0131q kimin kim oldu\u011funu yax\u015f\u0131 bilirl\u0259r.\u00a0 B\u00fct\u00fcn bunlardan bel\u0259 q\u0259na\u0259t\u0259 g\u0259lm\u0259k olar ki,\u00a0 el\u0259 yana-yana qalan da Erm\u0259nistan olacaq. H\u0259, bir d\u0259 mirzoyanlara k\u00fcll\u00fckl\u0259rd\u0259 a\u011fnamaq qalacaq.<\/p>\n<p><em><strong>Qvami M\u0259h\u0259bb\u0259to\u011flu, \u201c\u0130ki sahil\u201d<\/strong><\/em><\/p>\n","protected":false},"excerpt":{"rendered":"<p>Erm\u0259nistan r\u0259smil\u0259ri d\u00fcnyan\u0131n g\u00f6z\u00fcn\u0259 k\u00fcl \u00fcf\u00fcrm\u0259kd\u0259 davam edirl\u0259r. M\u0259s\u0259l\u0259n, bir ne\u00e7\u0259 g\u00fcn \u00f6nc\u0259 Erm\u0259nistan\u0131n xarici i\u015fl\u0259r naziri Ararat Mirzoyan Tallind\u0259 estoniyal\u0131 h\u0259mkar\u0131 Marqus Saxkna il\u0259 ke\u00e7irdiyi m\u0259tbuat konfrans\u0131nda bildirib ki, guya \u0130r\u0259van s\u00fclh m\u00fcqavil\u0259si \u00fcz\u0259rind\u0259 i\u015fi ba\u015fa \u00e7atd\u0131rma\u011fa v\u0259 onu bir ay \u0259rzind\u0259 imzalama\u011fa tam haz\u0131rd\u0131r. O,\u00a0 bu prosesd\u0259 \u00f6lk\u0259sinin daha f\u0259al \u00e7al\u0131\u015fd\u0131\u011f\u0131n\u0131 da vur\u011fulay\u0131b. Halbuki 4 k\u0259ndimizi i\u015f\u011fal alt\u0131nda saxlayan Erm\u0259nistan konstitusiyas\u0131nda Az\u0259rbaycana \u0259razi iddias\u0131 il\u0259 ba\u011fl\u0131 b\u0259nd h\u0259l\u0259 d\u0259 qalmaqdad\u0131r. Bu is\u0259 s\u00fclh \u00fc\u00e7\u00fcn \u0259n b\u00f6y\u00fck \u0259ng\u0259ll\u0259rd\u0259n biridir. T\u0259bii ki, Erm\u0259nistan\u0131n haz\u0131rk\u0131 konstitusiyas\u0131 d\u0259yi\u015fm\u0259z qald\u0131\u011f\u0131 halda Erm\u0259nistanla Az\u0259rbaycan&hellip;<\/p>\n","protected":false},"author":2,"featured_media":733560,"comment_status":"closed","ping_status":"closed","sticky":false,"template":"","format":"standard","meta":{"om_disable_all_campaigns":false,"_monsterinsights_skip_tracking":false,"_monsterinsights_sitenote_active":false,"_monsterinsights_sitenote_note":"","_monsterinsights_sitenote_category":0},"categories":[19],"tags":[],"aioseo_notices":[],"gutentor_comment":0,"rttpg_featured_image_url":{"full":["https:\/\/arantv.az\/wp-content\/uploads\/2024\/07\/f41ff84e171975972842012191710238351.jpg",975,540,false],"landscape":["https:\/\/arantv.az\/wp-content\/uploads\/2024\/07\/f41ff84e171975972842012191710238351.jpg",975,540,false],"portraits":["https:\/\/arantv.az\/wp-content\/uploads\/2024\/07\/f41ff84e171975972842012191710238351.jpg",975,540,false],"thumbnail":["https:\/\/arantv.az\/wp-content\/uploads\/2024\/07\/f41ff84e171975972842012191710238351-500x280.jpg",500,280,true],"medium":["https:\/\/arantv.az\/wp-content\/uploads\/2024\/07\/f41ff84e171975972842012191710238351-660x365.jpg",660,365,true],"large":["https:\/\/arantv.az\/wp-content\/uploads\/2024\/07\/f41ff84e171975972842012191710238351-840x465.jpg",640,354,true],"1536x1536":["https:\/\/arantv.az\/wp-content\/uploads\/2024\/07\/f41ff84e171975972842012191710238351.jpg",975,540,false],"2048x2048":["https:\/\/arantv.az\/wp-content\/uploads\/2024\/07\/f41ff84e171975972842012191710238351.jpg",975,540,false],"post-thumbnail":["https:\/\/arantv.az\/wp-content\/uploads\/2024\/07\/f41ff84e171975972842012191710238351-240x172.jpg",240,172,true],"advps-thumb-one":["https:\/\/arantv.az\/wp-content\/uploads\/2024\/07\/f41ff84e171975972842012191710238351.jpg",975,540,false]},"rttpg_author":{"display_name":"V\u00fcsal Rafiqo\u011flu","author_link":"https:\/\/arantv.az\/?author=2"},"rttpg_comment":0,"rttpg_category":"<a href=\"https:\/\/arantv.az\/?cat=19\" rel=\"category\">G\u00fcnd\u0259m<\/a>","rttpg_excerpt":"Erm\u0259nistan r\u0259smil\u0259ri d\u00fcnyan\u0131n g\u00f6z\u00fcn\u0259 k\u00fcl \u00fcf\u00fcrm\u0259kd\u0259 davam edirl\u0259r. M\u0259s\u0259l\u0259n, bir ne\u00e7\u0259 g\u00fcn \u00f6nc\u0259 Erm\u0259nistan\u0131n xarici i\u015fl\u0259r naziri Ararat Mirzoyan Tallind\u0259 estoniyal\u0131 h\u0259mkar\u0131 Marqus Saxkna il\u0259 ke\u00e7irdiyi m\u0259tbuat konfrans\u0131nda bildirib ki, guya \u0130r\u0259van s\u00fclh m\u00fcqavil\u0259si \u00fcz\u0259rind\u0259 i\u015fi ba\u015fa \u00e7atd\u0131rma\u011fa v\u0259 onu bir ay \u0259rzind\u0259 imzalama\u011fa tam haz\u0131rd\u0131r. O,\u00a0 bu prosesd\u0259 \u00f6lk\u0259sinin daha f\u0259al \u00e7al\u0131\u015fd\u0131\u011f\u0131n\u0131 da vur\u011fulay\u0131b.&hellip;","_links":{"self":[{"href":"https:\/\/arantv.az\/index.php?rest_route=\/wp\/v2\/posts\/733559"}],"collection":[{"href":"https:\/\/arantv.az\/index.php?rest_route=\/wp\/v2\/posts"}],"about":[{"href":"https:\/\/arantv.az\/index.php?rest_route=\/wp\/v2\/types\/post"}],"author":[{"embeddable":true,"href":"https:\/\/arantv.az\/index.php?rest_route=\/wp\/v2\/users\/2"}],"replies":[{"embeddable":true,"href":"https:\/\/arantv.az\/index.php?rest_route=%2Fwp%2Fv2%2Fcomments&post=733559"}],"version-history":[{"count":0,"href":"https:\/\/arantv.az\/index.php?rest_route=\/wp\/v2\/posts\/733559\/revisions"}],"wp:featuredmedia":[{"embeddable":true,"href":"https:\/\/arantv.az\/index.php?rest_route=\/wp\/v2\/media\/733560"}],"wp:attachment":[{"href":"https:\/\/arantv.az\/index.php?rest_route=%2Fwp%2Fv2%2Fmedia&parent=733559"}],"wp:term":[{"taxonomy":"category","embeddable":true,"href":"https:\/\/arantv.az\/index.php?rest_route=%2Fwp%2Fv2%2Fcategories&post=733559"},{"taxonomy":"post_tag","embeddable":true,"href":"https:\/\/arantv.az\/index.php?rest_route=%2Fwp%2Fv2%2Ftags&post=733559"}],"curies":[{"name":"wp","href":"https:\/\/api.w.org\/{rel}","templated":true}]}}